{"id":17168,"date":"2025-08-26T21:31:08","date_gmt":"2025-08-26T21:31:08","guid":{"rendered":"https:\/\/www.europesays.com\/fi\/17168\/"},"modified":"2025-08-26T21:31:08","modified_gmt":"2025-08-26T21:31:08","slug":"yhdysvaltain-keskuspankin-jasen-cook-ryhtyy-oikeustoimiin-trumpia-vastaan-uutisia-lyhyesti","status":"publish","type":"post","link":"https:\/\/www.europesays.com\/fi\/17168\/","title":{"rendered":"Yhdysvaltain keskuspankin j\u00e4sen Cook ryhtyy oikeustoimiin Trumpia vastaan | Uutisia lyhyesti"},"content":{"rendered":"<p class=\"sc-jYczwO sc-dNFkOE bUKqJd eiHPxO yle__article__paragraph\">Presidentti Donald Trump kertoi erottavansa keskuspankin johtokunnan j\u00e4senen Lisa Cookin. Cook on sanonut, ett\u00e4 h\u00e4n ei aio erota teht\u00e4v\u00e4st\u00e4\u00e4n.<\/p>\n<p><img decoding=\"async\" alt=\"Yhdysvaltain keskuspankin johtokunnan j\u00e4senen Lisa Cook keskustelee p\u00e4\u00e4johtaja Jerome Powellin kanssa.\" src=\"https:\/\/www.europesays.com\/fi\/wp-content\/uploads\/2025\/08\/39-151271768adf3a62e68c.jpeg\" class=\"sc-dntSTA iywpZY\"\/><\/p>\n<p>Avaa kuvien katselu<\/p>\n<p>Yhdysvaltain keskuspankin johtokunnan j\u00e4senen Lisa Cook keskustelee p\u00e4\u00e4johtaja Jerome Powellin kanssa. Arkistokuva kes\u00e4kuulta 2025. Kuva: Saul Loeb \/ AFP<\/p>\n<p class=\"sc-jYczwO sc-ciCoXh bUKqJd cIOueB yle__article__paragraph\">Yhdysvaltain keskuspankin johtokunnan j\u00e4sen <strong class=\"sc-eEHciv gtNhAX yle__article__strong\">Lisa Cook<\/strong> aikoo nostaa kanteen est\u00e4\u00e4kseen presidentti <strong class=\"sc-eEHciv gtNhAX yle__article__strong\">Donald Trumpia<\/strong> erottamasta h\u00e4nt\u00e4, kertoi Cookin asianajaja tiistaina.<\/p>\n<p class=\"sc-jYczwO sc-ciCoXh bUKqJd cIOueB yle__article__paragraph\">Ilmoitus k\u00e4ynnist\u00e4\u00e4 mahdollisesti pitk\u00e4llisen oikeustaistelun Valkoisen talon pyrkimyksest\u00e4 muokata Yhdysvaltain rahapolitiikkaa.<\/p>\n<p class=\"sc-jYczwO sc-ciCoXh bUKqJd cIOueB yle__article__paragraph\">\u2013 H\u00e4nen yrityksens\u00e4 erottaa Cook, joka perustuu yksinomaan viitekirjeeseen, on vailla mink\u00e4\u00e4nlaista tosiasiallista tai oikeudellista perustaa. Tulemme nostamaan kanteen haastaaksemme t\u00e4m\u00e4n laittoman toimen, sanoi Cookin asianajaja, tunnettu washingtonilainen asianajaja <strong class=\"sc-eEHciv gtNhAX yle__article__strong\">Abbe Lowell<\/strong>, lausunnossaan.<\/p>\n<p class=\"sc-jYczwO sc-ciCoXh bUKqJd cIOueB yle__article__paragraph\">Lausunto annettiin p\u00e4iv\u00e4 sen j\u00e4lkeen, kun Trump sanoi erottavansa Cookin, ensimm\u00e4isen keskuspankin johtokunnassa toimivan mustan naisen, v\u00e4itetyn \u201dpetollisen ja mahdollisesti rikollisen toiminnan\u201d vuoksi. Toiminta liittyy Cookin vuonna 2021 ottamiin asuntolainoihin.<\/p>\n<p class=\"sc-jYczwO sc-ciCoXh bUKqJd cIOueB yle__article__paragraph\">Cook on sanonut, ettei Trumpilla ole valtuuksia erottaa h\u00e4nt\u00e4, ja on vannonut pysyv\u00e4ns\u00e4 teht\u00e4v\u00e4ss\u00e4\u00e4n.<\/p>\n<p class=\"sc-jYczwO sc-ciCoXh bUKqJd cIOueB yle__article__paragraph\">Reuters<\/p>\n","protected":false},"excerpt":{"rendered":"Presidentti Donald Trump kertoi erottavansa keskuspankin johtokunnan j\u00e4senen Lisa Cookin. Cook on sanonut, ett\u00e4 h\u00e4n ei aio erota&hellip;\n","protected":false},"author":2,"featured_media":17169,"comment_status":"","ping_status":"","sticky":false,"template":"","format":"standard","meta":{"footnotes":""},"categories":[5],"tags":[22,23,585,26,27,33,31,30,17,24,25,28,29,15,2098,18,21,32,19,20,56,16,619],"class_list":{"0":"post-17168","1":"post","2":"type-post","3":"status-publish","4":"format-standard","5":"has-post-thumbnail","7":"category-otsikot","8":"tag-breaking-news","9":"tag-breakingnews","10":"tag-donald-trump","11":"tag-featured-news","12":"tag-featurednews","13":"tag-fi","14":"tag-finland","15":"tag-finnish","16":"tag-headlines","17":"tag-latest-news","18":"tag-latestnews","19":"tag-main-news","20":"tag-mainnews","21":"tag-news","22":"tag-oikeudenkaynnit","23":"tag-otsikot","24":"tag-paauutiset","25":"tag-suomi","26":"tag-top-stories","27":"tag-topstories","28":"tag-ulkomaat","29":"tag-uutiset","30":"tag-yhdysvallat"},"share_on_mastodon":{"url":"","error":""},"_links":{"self":[{"href":"https:\/\/www.europesays.com\/fi\/wp-json\/wp\/v2\/posts\/17168","targetHints":{"allow":["GET"]}}],"collection":[{"href":"https:\/\/www.europesays.com\/fi\/wp-json\/wp\/v2\/posts"}],"about":[{"href":"https:\/\/www.europesays.com\/fi\/wp-json\/wp\/v2\/types\/post"}],"author":[{"embeddable":true,"href":"https:\/\/www.europesays.com\/fi\/wp-json\/wp\/v2\/users\/2"}],"replies":[{"embeddable":true,"href":"https:\/\/www.europesays.com\/fi\/wp-json\/wp\/v2\/comments?post=17168"}],"version-history":[{"count":0,"href":"https:\/\/www.europesays.com\/fi\/wp-json\/wp\/v2\/posts\/17168\/revisions"}],"wp:featuredmedia":[{"embeddable":true,"href":"https:\/\/www.europesays.com\/fi\/wp-json\/wp\/v2\/media\/17169"}],"wp:attachment":[{"href":"https:\/\/www.europesays.com\/fi\/wp-json\/wp\/v2\/media?parent=17168"}],"wp:term":[{"taxonomy":"category","embeddable":true,"href":"https:\/\/www.europesays.com\/fi\/wp-json\/wp\/v2\/categories?post=17168"},{"taxonomy":"post_tag","embeddable":true,"href":"https:\/\/www.europesays.com\/fi\/wp-json\/wp\/v2\/tags?post=17168"}],"curies":[{"name":"wp","href":"https:\/\/api.w.org\/{rel}","templated":true}]}}