{"id":171707,"date":"2026-02-16T21:14:08","date_gmt":"2026-02-16T21:14:08","guid":{"rendered":"https:\/\/www.europesays.com\/fi\/171707\/"},"modified":"2026-02-16T21:14:08","modified_gmt":"2026-02-16T21:14:08","slug":"ruotsi-suunnittelee-pohjoisnavalle-historiallista-datakaapelia-voi-tuoda-pohjoismaihin-miljardien-eurojen-hyodyn-ulkomaat","status":"publish","type":"post","link":"https:\/\/www.europesays.com\/fi\/171707\/","title":{"rendered":"Ruotsi suunnittelee Pohjoisnavalle historiallista datakaapelia \u2013 voi tuoda Pohjoismaihin miljardien eurojen hy\u00f6dyn | Ulkomaat"},"content":{"rendered":"<p class=\"aw-1gybjub aw-5vja16 kEtdKx kmuxyA yle__article__paragraph\">Suomalainen tietoverkko\u00adyhti\u00f6 Cinia edist\u00e4\u00e4 rinnakkaista Far North Fiber -hankettaan, mutta etsii siihen lis\u00e4\u00e4 apuja Euroopasta.<\/p>\n<p><img decoding=\"async\" alt=\"Longyearbyenin vuono Huippuvuorilla kuvattuna lokakuussa 2025.\" src=\"https:\/\/www.europesays.com\/fi\/wp-content\/uploads\/2026\/02\/39-1467819682b1027a8eba.jpeg\" class=\"aw-1l9m598 hKVVvP\"\/><\/p>\n<p>Avaa kuvien katselu<\/p>\n<p>Longyearbyenin vuono Norjan Huippuvuorilla kuvattuna lokakuussa 2025.  Ruotsin kaapelihankkeessa mannerten v\u00e4linen valokuitukaapeli kulkisi meren pohjassa Norjan Huippuvuorten kautta Pohjoiselle j\u00e4\u00e4merelle. Kuva: Jani Saikko \/ Yle<\/p>\n<ul class=\"aw-1jjocuh iJTSwP yle__article__list yle__article__list--ul\">\n<li class=\"aw-1j7gwms gNYKfi\">Ruotsi suunnittelee Pohjoisnavan ali kulkevaa Polar Connect -valokuitukaapelia. Kaapeli nopeuttaisi dataliikennett\u00e4 Euroopan ja Aasian v\u00e4lill\u00e4.<\/li>\n<li class=\"aw-1j7gwms gNYKfi\">My\u00f6s Suomen valtionyhti\u00f6 Cinia on ollut mukana vastaavassa Far North Fiber -hankkeessa.<\/li>\n<li class=\"aw-1j7gwms gNYKfi\">EU pit\u00e4\u00e4 molempia hankkeita t\u00e4rkein\u00e4 Euroopan digitaaliselle turvallisuudelle ja omavaraisuudelle.<\/li>\n<\/ul>\n<p class=\"aw-1gybjub aw-1p7kakr kEtdKx cEmitX yle__article__paragraph\">Ruotsi suunnittelee uuden Pohjoisnavan j\u00e4iden ali kulkevan merenalaisen valokuitukaapelin rakentamista, Ruotsin <a class=\"aw-iao6s4 iHOxEa yle__article__link\" href=\"https:\/\/www.svt.se\/nyheter\/vetenskap\/unik-svensk-kabel-dras-under-nordpolens-is-till-asien\" role=\"link\" rel=\"nofollow noopener\" target=\"_blank\">yleisradioyhti\u00f6 SVT<\/a> kertoo.<\/p>\n<p class=\"aw-1gybjub aw-1p7kakr kEtdKx cEmitX yle__article__paragraph\">Ruotsi on suunnitellut hanketta yhdess\u00e4 ruotsalaisen Global Connect -yhti\u00f6n ja Pohjoismaiden kansallisten tutkimusverkostojen yhteisty\u00f6organisaatio NORDUnetin kanssa.<\/p>\n<p class=\"aw-1gybjub aw-1p7kakr kEtdKx cEmitX yle__article__paragraph\">Polar Connect -nimell\u00e4 kulkevassa hankkeessa kaapeli kulkisi aluksi Ruotsin Kiirunasta maateitse Norjan pohjoiselle rannikolle. Sielt\u00e4 se kulkisi meren pohjassa Norjan Huippuvuorten kautta Pohjoiselle j\u00e4\u00e4merelle. Pohjoisnavalta kaapelin on tarkoitus jatkaa sek\u00e4 Pohjois-Amerikan ett\u00e4 Aasian suuntaan.<\/p>\n<p class=\"aw-1gybjub aw-1p7kakr kEtdKx cEmitX yle__article__paragraph\">Ruotsalaiset eiv\u00e4t ole yksin havittelemassa pohjoista reitti\u00e4 kaapelilleen.<\/p>\n<p class=\"aw-1gybjub aw-1p7kakr kEtdKx cEmitX yle__article__paragraph\">Suomen valtion omistama <a class=\"aw-iao6s4 iHOxEa yle__article__link\" href=\"https:\/\/www.cinia.fi\/yritys\/verkkohankkeet\/far-north-fiber\" role=\"link\" rel=\"nofollow noopener\" target=\"_blank\">tietoverkkkoyhti\u00f6 Cinia<\/a> on ollut mukana edist\u00e4ss\u00e4 Far North Fiber -nimell\u00e4 tunnettua rinnakkaista hanketta, joka kulkisi niin ik\u00e4\u00e4n arktisen alueen halki.<\/p>\n<p class=\"aw-1gybjub aw-1p7kakr kEtdKx cEmitX yle__article__paragraph\">Far North Fiber -kaapeli kulkisi Norjasta Atlantin valtameren kautta Pohjois-Amerikkaan ja sielt\u00e4 Aasiaan. Matka olisi pitempi kuin suoraan J\u00e4\u00e4meren ali kulkevassa ruotsalaishankkeessa.<\/p>\n<p class=\"aw-1gybjub aw-1p7kakr kEtdKx cEmitX yle__article__paragraph\"><strong class=\"aw-ak79eh KyCXm yle__article__strong\">Alla oleva kartta n\u00e4ytt\u00e4\u00e4 arktiselle alueelle kaavailtujen valokuitukaapelien reitit.<\/strong><\/p>\n<p><img decoding=\"async\" alt=\"Kartalla Pohjoismaiden uusi Polar Connect -kuituverkkohankkeen kuitureitti sek\u00e4 Far North Fiber -kuituverkon reitti.\" src=\"https:\/\/www.europesays.com\/fi\/wp-content\/uploads\/2026\/02\/39-15982136992fb538a8fc.jpeg\" loading=\"lazy\" class=\"aw-1l9m598 hKVVvP\"\/><\/p>\n<p>Avaa kuvien katselu<\/p>\n<p>Kuva: Harri V\u00e4h\u00e4kangas \/ Yle, MapCreator, OpenStreetMapEU: Hankkeet ovat t\u00e4rkeit\u00e4<\/p>\n<p class=\"aw-1gybjub aw-1p7kakr kEtdKx cEmitX yle__article__paragraph\">Pohjoisia reittej\u00e4 kulkevien kaapelien etuna olisi, ett\u00e4 reitti Euroopasta Aasiaan olisi huomattavasti lyhyempi kuin perinteinen Suezin kanavan kautta kulkeva reitti. Se v\u00e4hent\u00e4isi mannertenv\u00e4lisen tietoliikenteen latenssia eli viivett\u00e4.<\/p>\n<p class=\"aw-1gybjub aw-1p7kakr kEtdKx cEmitX yle__article__paragraph\"><a class=\"aw-iao6s4 iHOxEa yle__article__link\" href=\"https:\/\/polarconnect.net\/polar-connect-prioritized-as-a-cable-project-of-european-interest\/\" role=\"link\" rel=\"nofollow noopener\" target=\"_blank\">EU luokitteli<\/a> tammikuussa sek\u00e4 Polar Connect -kaapelin ett\u00e4 Far North Fiber -kaapelin Euroopan yhteist\u00e4 etua koskevaksi t\u00e4rke\u00e4ksi hankkeeksi. Se tarkoittaa, ett\u00e4 niit\u00e4 pidet\u00e4\u00e4n t\u00e4rke\u00e4n\u00e4 Euroopan digitaalisen turvallisuuden, kriisinkest\u00e4vyyden ja omavaraisuuden kannalta.<\/p>\n<p class=\"aw-1gybjub aw-1p7kakr kEtdKx cEmitX yle__article__paragraph\">Samalla <a class=\"aw-iao6s4 iHOxEa yle__article__link\" href=\"https:\/\/blue-economy-observatory.ec.europa.eu\/news\/eu347-million-protect-europes-submarine-cables-2026-02-11_en\" role=\"link\" rel=\"nofollow noopener\" target=\"_blank\">EU varasi<\/a> 350 miljoonaa euroa merenalaisten kaapelihankkeiden edist\u00e4miseen ja kaapelien suojelemiseen mahdolliselta sabotaasilta.<\/p>\n<p>Cinia: Ruotsin kaapeli ei ole kilpailija<\/p>\n<p class=\"aw-1gybjub aw-1p7kakr kEtdKx cEmitX yle__article__paragraph\">Cinian toimitusjohtaja <strong class=\"aw-ak79eh KyCXm yle__article__strong\">Jaakko Tapanainen<\/strong> korostaa, ett\u00e4 Cinia ei koe Polar Connect -hanketta kilpailijakseen. H\u00e4nen mukaansa hankkeet ovat hyvin samanlaisessa vaiheessa.<\/p>\n<p class=\"aw-1gybjub aw-1p7kakr kEtdKx cEmitX yle__article__paragraph\">\u2013 Huoltovarmuuden ja tietoliikenneyhteyksien moninaisuuden kannalta n\u00e4en hyv\u00e4n\u00e4 sen, ett\u00e4 yhteyksi\u00e4 rakennetaan.<\/p>\n<p class=\"aw-1gybjub aw-1p7kakr kEtdKx cEmitX yle__article__paragraph\">Far North Fiber -hanke on Tapanaisen mukaan t\u00e4ysin kaupallinen hanke. H\u00e4nen k\u00e4sityksens\u00e4 mukaan Suomen valtio ei ole ollut mukana rahoittamassa Far North Fiberia tai Polar Connectia.<\/p>\n<p class=\"aw-1gybjub aw-1p7kakr kEtdKx cEmitX yle__article__paragraph\">Tapanainen kertoo, ett\u00e4 Far North Fiber -hanke on muuttunut viime vuonna hankkeeksi nimelt\u00e4 <a class=\"aw-iao6s4 iHOxEa yle__article__link\" href=\"https:\/\/www.cinia.fi\/en\/news\/european-parties-sign-mou-to-collaborate-on-pan-arctic-cable-system-for-enhanced-resilience-and-connectivity\" role=\"link\" rel=\"nofollow noopener\" target=\"_blank\">Pan-Arctic Cable System (PACS)<\/a>. PACS-hankkeessa on mukana eurooppalaisia toimijoita. Aiesopimuksen kirjoittaneita toimijoita on mukana my\u00f6s Polar Connect -hankkeessa.<\/p>\n<p class=\"aw-1gybjub aw-1p7kakr kEtdKx cEmitX yle__article__paragraph\">\u2013 My\u00f6s t\u00e4m\u00e4 hanke on saanut aikoja sitten EU-rahaa. Emme n\u00e4e n\u00e4it\u00e4 mitenk\u00e4\u00e4n kilpailevina hankkeina, Tapanainen alleviivaa.<\/p>\n<p class=\"aw-1gybjub aw-1p7kakr kEtdKx cEmitX yle__article__paragraph\">Tapanainen sanoo, ett\u00e4 Cinia on ty\u00f6st\u00e4nyt hankettaan vuodesta 2021 l\u00e4htien. Kaupallisesti toimivan ratkaisun l\u00f6ytyminen on osoittautunut haasteelliseksi.<\/p>\n<p class=\"aw-1gybjub aw-1p7kakr kEtdKx cEmitX yle__article__paragraph\">\u2013 N\u00e4m\u00e4h\u00e4n ovat miljardihankkeita. Suunnittelutkin maksavat helposti sata miljoonaa, kun tehd\u00e4\u00e4n merenpohjatutkimuksia. Olemme aktiivisesti pyrkineet etsim\u00e4\u00e4n Euroopasta toimijoita, jotka ottaisivat enemm\u00e4n vetovastuuta ja Cinian rooli pienenisi.<\/p>\n<p>MIksi hanketta pidet\u00e4\u00e4n t\u00e4rke\u00e4n\u00e4?<\/p>\n<p class=\"aw-1gybjub aw-1p7kakr kEtdKx cEmitX yle__article__paragraph\">SVT:n mukaan Ruotsin valtio on jo tukenut Polar Connect -hanketta yli 11 miljoonalla eurolla. Pohjoisnavan kautta kulkevien kaapelien rakentamisen on arvioitu maksavan l\u00e4hes kaksi miljardia euroa.<\/p>\n<p class=\"aw-1gybjub aw-1p7kakr kEtdKx cEmitX yle__article__paragraph\">L\u00e4hes 99 prosenttia mannertenv\u00e4lisest\u00e4 verkkoliikenteest\u00e4 kulkee merenalaisia kaapeleita pitkin. Pohjoisnavalla ja arktisella alueella merenalaisia kaapeliyhteyksi\u00e4 ei viel\u00e4 ole.<\/p>\n<p class=\"aw-1gybjub aw-1p7kakr kEtdKx cEmitX yle__article__paragraph\">NORDUnetin tilaaman <a class=\"aw-iao6s4 iHOxEa yle__article__link\" href=\"https:\/\/copenhageneconomics.com\/publication\/the-economic-value-of-submarine-cables-in-the-arctic\/\" role=\"link\" rel=\"nofollow noopener\" target=\"_blank\">tutkimuksen mukaan<\/a> arktiselle alueelle rakennettava datakaapeli tekisi Euroopan tietoliikenneverkostosta v\u00e4hemm\u00e4n haavoittuvan, helpottaisi tiedonsiirron tukkeutumista eli reitittimien ylikuormittumista, tekisi tietoliikenteest\u00e4 ymp\u00e4rist\u00f6yst\u00e4v\u00e4llisemp\u00e4\u00e4 ja toisi Pohjoismaihin yli miljardin euron vuosittaisen taloushy\u00f6dyn.<\/p>\n<p class=\"aw-1gybjub aw-1p7kakr kEtdKx cEmitX yle__article__paragraph\">Tutkimuksen mukaan datakeskukset toisivat Pohjoismaihin uusia ty\u00f6paikkoja, ja keskusten l\u00e4heisyyteen kehittyisi tarvetta niiden toimintaa tukeville palveluille.<\/p>\n<p class=\"aw-1gybjub aw-1p7kakr kEtdKx cEmitX yle__article__paragraph\">Ennen kaikkea parempien verkkoyhteyksien uskotaan tuovan paikallisille yrityksille uusia liiketoimintamahdollisuuksia ja edist\u00e4v\u00e4n pohjoismaalaisten yritysten tehokkuutta ja kaupank\u00e4ynti\u00e4.<\/p>\n<p class=\"aw-1gybjub aw-1p7kakr kEtdKx cEmitX yle__article__paragraph\">Ruotsin tutkimusneuvosto Vetenskapsr\u00e5detin johtaja <strong class=\"aw-ak79eh KyCXm yle__article__strong\">Katarina Bjelken<\/strong> kertoo SVT:lle, ettei syv\u00e4ll\u00e4 arktisen alueen j\u00e4iden alla kulkevaa kaapelia olisi helppo sabotoida.<\/p>\n<p class=\"aw-1gybjub aw-1p7kakr kEtdKx cEmitX yle__article__paragraph\"><strong class=\"aw-ak79eh KyCXm yle__article__strong\">Tutkimusprofessori Timo Koivurova Lapin yliopiston Arktisesta keskuksesta arvioi maaliskuussa Ylelle, miten arktiset merikaapelit turvaisivat kansainv\u00e4lisi\u00e4 verkkoyhteyksi\u00e4.<\/strong><\/p>\n<p><strong class=\"aw-1bgq5a3 bSmpIc\">Arktiset merikaapelit turvaisivat yhteyksi\u00e4, kun olisivat eri reitill\u00e4 kuin kaapelikeskittym\u00e4t<\/strong><\/p>\n<p><img decoding=\"async\" alt=\"\" src=\"https:\/\/www.europesays.com\/fi\/wp-content\/uploads\/2026\/02\/39-7381055fa27e2eb530d.jpeg\" class=\"aw-1l9m598 hKVVvP\"\/><\/p>\n","protected":false},"excerpt":{"rendered":"Suomalainen tietoverkko\u00adyhti\u00f6 Cinia edist\u00e4\u00e4 rinnakkaista Far North Fiber -hankettaan, mutta etsii siihen lis\u00e4\u00e4 apuja Euroopasta. Avaa kuvien katselu&hellip;\n","protected":false},"author":2,"featured_media":171708,"comment_status":"","ping_status":"","sticky":false,"template":"","format":"standard","meta":{"footnotes":"","_share_on_mastodon":"0"},"categories":[113],"tags":[4065,446,33,31,30,23909,1399,28009,110,118,32,119,634,56,447],"class_list":["post-171707","post","type-post","status-publish","format-standard","has-post-thumbnail","category-ymparisto","tag-arktinen-alue","tag-environment","tag-fi","tag-finland","tag-finnish","tag-pohjoinen-jaameri","tag-pohjoismaat","tag-pohjoisnapa","tag-ruotsi","tag-science","tag-suomi","tag-tiede","tag-tietoliikenne","tag-ulkomaat","tag-ymparisto"],"share_on_mastodon":{"url":"https:\/\/pubeurope.com\/@fi\/116082380947987740","error":""},"_links":{"self":[{"href":"https:\/\/www.europesays.com\/fi\/wp-json\/wp\/v2\/posts\/171707","targetHints":{"allow":["GET"]}}],"collection":[{"href":"https:\/\/www.europesays.com\/fi\/wp-json\/wp\/v2\/posts"}],"about":[{"href":"https:\/\/www.europesays.com\/fi\/wp-json\/wp\/v2\/types\/post"}],"author":[{"embeddable":true,"href":"https:\/\/www.europesays.com\/fi\/wp-json\/wp\/v2\/users\/2"}],"replies":[{"embeddable":true,"href":"https:\/\/www.europesays.com\/fi\/wp-json\/wp\/v2\/comments?post=171707"}],"version-history":[{"count":0,"href":"https:\/\/www.europesays.com\/fi\/wp-json\/wp\/v2\/posts\/171707\/revisions"}],"wp:featuredmedia":[{"embeddable":true,"href":"https:\/\/www.europesays.com\/fi\/wp-json\/wp\/v2\/media\/171708"}],"wp:attachment":[{"href":"https:\/\/www.europesays.com\/fi\/wp-json\/wp\/v2\/media?parent=171707"}],"wp:term":[{"taxonomy":"category","embeddable":true,"href":"https:\/\/www.europesays.com\/fi\/wp-json\/wp\/v2\/categories?post=171707"},{"taxonomy":"post_tag","embeddable":true,"href":"https:\/\/www.europesays.com\/fi\/wp-json\/wp\/v2\/tags?post=171707"}],"curies":[{"name":"wp","href":"https:\/\/api.w.org\/{rel}","templated":true}]}}