{"id":171913,"date":"2026-02-17T02:59:08","date_gmt":"2026-02-17T02:59:08","guid":{"rendered":"https:\/\/www.europesays.com\/fi\/171913\/"},"modified":"2026-02-17T02:59:08","modified_gmt":"2026-02-17T02:59:08","slug":"janne-katajalta-ja-kristalta-iloisia-vauvauutisia-riihimaella-alvar-ei-viela-tajua-aamuposti","status":"publish","type":"post","link":"https:\/\/www.europesays.com\/fi\/171913\/","title":{"rendered":"Janne Katajalta ja Kristalta iloisia vauvauutisia Riihim\u00e4ell\u00e4: &quot;Alvar ei viel\u00e4 tajua&#8230;&quot; &#8211; Aamuposti"},"content":{"rendered":"<ol>\n<li><a href=\"https:\/\/news.google.com\/rss\/articles\/CBMiV0FVX3lxTFBXMDM2VTZUUEtxendQaU5WVVVXNTFYbUx0cjI3OU13bGN3QUNPLUF0UnVzM19IejgweTdfZ1RzVWVVTjhlRlN2T2plamdGTmhxU0wwVDdrVQ?oc=5\" target=\"_blank\" rel=\"nofollow noopener\">Janne Katajalta ja Kristalta iloisia vauvauutisia Riihim\u00e4ell\u00e4: &#8221;Alvar ei viel\u00e4 tajua&#8230;&#8221;<\/a>&nbsp;&nbsp;Aamuposti<\/li>\n<li><a href=\"https:\/\/news.google.com\/rss\/articles\/CBMiW0FVX3lxTE5LQm1nS3BkNnJfM3BVc0IwS2JiWjVFY2dMTXpXMmpWMlFYS05MUnYwNDYtXzRfRmlJVFIxRXpjcUt4bThEUXV0WHRJSWZJNGQyTHdDbm1DQmFjX0U?oc=5\" target=\"_blank\" rel=\"nofollow noopener\">Janne Kataja: Vauva tulossa!<\/a>&nbsp;&nbsp;Ilta-Sanomat<\/li>\n<li><a href=\"https:\/\/news.google.com\/rss\/articles\/CBMigwFBVV95cUxQa19sWElQTEhFSXRHcHZESDZoTUNvRkZaN0pnUjNsTEdhbEliNzl5UWxkTEdmaUp4OWw3a2FBbEZ5MXJEQVpVVEJ4WUlsOWV6UTBTY0NzVGwtUUVrZXI2ZU11bFVrWk9SOVdZY3psLW85OC1JM3RLc0tjV002MkZkaDRiVQ?oc=5\" target=\"_blank\" rel=\"nofollow noopener\">Janne Kataja: Vauva tulossa \u2013 \u201dOnnellisella ja odottavalla mielell\u00e4\u201d<\/a>&nbsp;&nbsp;Iltalehti<\/li>\n<li><a href=\"https:\/\/news.google.com\/rss\/articles\/CBMimAFBVV95cUxPdzdfZEtEV2RrS3JYZnFJakRSQVNmRzhjNUtJQnVOb3dFMzZnRWczY3BMbkVmT0pMSHU2SGh5NnFJTVg3dEpTY0pmLW14bHRRNm1MR3NSam8wS19DVGtoZHR6VUxGSndhZUF5U2JnWkNjQldacHpiQmxkbjJrbEpIQ2Iwck9iX2x2bU1nS1ZuWlJEOXVIc3kyRQ?oc=5\" target=\"_blank\" rel=\"nofollow noopener\">Janne Katajalta ilouutinen \u2013 nelj\u00e4tt\u00e4 kertaa is\u00e4ksi<\/a>&nbsp;&nbsp;mtvuutiset.fi<\/li>\n<li><a href=\"https:\/\/news.google.com\/rss\/articles\/CBMikwFBVV95cUxQbzAtS2NITUF3bEVaMjRObk1RVnpPZWRDWVZFWjVWZDJxV2VxWTRoM3J4bTEzUG9ydHMxTWN0M2N1QWhPUGZLN0VfdXpHdkh4dklULU5rejdBNzVSWmkzTjdRUkl0aWFITFZVMHhSS0o2Nm0yY0ItbzZRSFZUd19mdEVPZTE5dWRjWXhvb2dtR0xaTms?oc=5\" target=\"_blank\" rel=\"nofollow noopener\">IS: Janne Kataja kertoi huikean onnellisesta perheyll\u00e4tyksest\u00e4<\/a>&nbsp;&nbsp;Voice.fi<\/li>\n<\/ol>\n","protected":false},"excerpt":{"rendered":"Janne Katajalta ja Kristalta iloisia vauvauutisia Riihim\u00e4ell\u00e4: &#8221;Alvar ei viel\u00e4 tajua&#8230;&#8221;&nbsp;&nbsp;Aamuposti Janne Kataja: Vauva tulossa!&nbsp;&nbsp;Ilta-Sanomat Janne Kataja: Vauva&hellip;\n","protected":false},"author":2,"featured_media":171914,"comment_status":"","ping_status":"","sticky":false,"template":"","format":"standard","meta":{"footnotes":"","_share_on_mastodon":"0"},"categories":[136],"tags":[407,137,33,31,30,408,28032,5412,8737,1791,32,28031,109,5504],"class_list":["post-171913","post","type-post","status-publish","format-standard","has-post-thumbnail","category-julkkikset","tag-celebrities","tag-entertainment","tag-fi","tag-finland","tag-finnish","tag-julkkikset","tag-keittokirja","tag-kihlat","tag-lapsiperheet","tag-riihimaki","tag-suomi","tag-vauvauutisia","tag-viihde","tag-viihdeala"],"share_on_mastodon":{"url":"https:\/\/pubeurope.com\/@fi\/116083737489405060","error":""},"_links":{"self":[{"href":"https:\/\/www.europesays.com\/fi\/wp-json\/wp\/v2\/posts\/171913","targetHints":{"allow":["GET"]}}],"collection":[{"href":"https:\/\/www.europesays.com\/fi\/wp-json\/wp\/v2\/posts"}],"about":[{"href":"https:\/\/www.europesays.com\/fi\/wp-json\/wp\/v2\/types\/post"}],"author":[{"embeddable":true,"href":"https:\/\/www.europesays.com\/fi\/wp-json\/wp\/v2\/users\/2"}],"replies":[{"embeddable":true,"href":"https:\/\/www.europesays.com\/fi\/wp-json\/wp\/v2\/comments?post=171913"}],"version-history":[{"count":0,"href":"https:\/\/www.europesays.com\/fi\/wp-json\/wp\/v2\/posts\/171913\/revisions"}],"wp:featuredmedia":[{"embeddable":true,"href":"https:\/\/www.europesays.com\/fi\/wp-json\/wp\/v2\/media\/171914"}],"wp:attachment":[{"href":"https:\/\/www.europesays.com\/fi\/wp-json\/wp\/v2\/media?parent=171913"}],"wp:term":[{"taxonomy":"category","embeddable":true,"href":"https:\/\/www.europesays.com\/fi\/wp-json\/wp\/v2\/categories?post=171913"},{"taxonomy":"post_tag","embeddable":true,"href":"https:\/\/www.europesays.com\/fi\/wp-json\/wp\/v2\/tags?post=171913"}],"curies":[{"name":"wp","href":"https:\/\/api.w.org\/{rel}","templated":true}]}}