{"id":171932,"date":"2026-02-17T03:33:14","date_gmt":"2026-02-17T03:33:14","guid":{"rendered":"https:\/\/www.europesays.com\/fi\/171932\/"},"modified":"2026-02-17T03:33:14","modified_gmt":"2026-02-17T03:33:14","slug":"unelma-lapista-imasha-vaihtoi-huippu-uran-juristina-elamaan-suomessa","status":"publish","type":"post","link":"https:\/\/www.europesays.com\/fi\/171932\/","title":{"rendered":"Unelma Lapista: Imasha vaihtoi huippu-uran juristina el\u00e4m\u00e4\u00e4n Suomessa"},"content":{"rendered":"<p>\n            Unelma Lapista: Imasha<br \/>\n            Jani K\u00e4rpp\u00e4\n        <\/p>\n<p class=\"subtitle \">Imashan mielest\u00e4 Suomi on maailman paras paikka lapselle asua.<\/p>\n<p class=\"article-content article-content-width !bg-background\">Maanantaina 9.2. Yle julkaisi uuden kauden Unelma Lapista -dokumenttisarjasta. Siin\u00e4 seurataan joukkoa ihmisi\u00e4, jotka muuttavat uuden el\u00e4m\u00e4n per\u00e4ss\u00e4 Suomen Lappiin.<\/p>\n<p class=\"font-weight-bold m-font-weight-bold article-content article-content-width !bg-background\">Video: Kaija Koo: terveiset oman el\u00e4m\u00e4n kuningattarille.\u00a0<\/p>\n<p class=\"article-content article-content-width !bg-background\">Yksi heist\u00e4 on srilankalainen , 34, joka muuttaa miehens\u00e4 ja lapsensa kanssa Rovaniemelle.\u00a0<\/p>\n<p class=\"article-content article-content-width !bg-background\">Kaksi viimeist\u00e4 vuotta ovat kuluneet Dubaissa, jossa Imasha on luonut ansiokasta uraa juristina h\u00e4nen miehens\u00e4 Shanin ty\u00f6skennelless\u00e4 pankkialalla. Dubaissa Imasha on ollut uransa huipulla, ja h\u00e4n on p\u00e4\u00e4ssyt k\u00e4sittelem\u00e4\u00e4n liki 500 miljardin arvoisia juttuja. Juristina h\u00e4n on taistellut muun muassa Kroatian hallitusta vastaan.\u00a0<\/p>\n<p class=\"article-content article-content-width !bg-background\">Huippu-ura juristina j\u00e4\u00e4 kuitenkin taakseen. Suomessa Imasha aloittaa turismi-opinnot. P\u00e4\u00e4m\u00e4\u00e4r\u00e4n\u00e4 on, ett\u00e4 niin h\u00e4n kuin puoliso ty\u00f6llistyisiv\u00e4t mahdollisimman pian.\u00a0<\/p>\n<p>                <img decoding=\"async\" src=\"https:\/\/www.europesays.com\/fi\/wp-content\/uploads\/2026\/02\/2073697.webp.jpeg\" width=\"576\" height=\"274\" title=\"Imashan mukaan Suomessa kaikki on t\u00e4ydellist\u00e4 lapselle.\" alt=\"Unelma Lapista: Imasha\" loading=\"lazy\" \/>            <\/p>\n<p>\n            Imashan mukaan Suomessa kaikki on t\u00e4ydellist\u00e4 lapselle.<br \/>\n            Yle\n        <\/p>\n<p class=\"article-content article-content-width !bg-background\">Imasha ja Shan selvittiv\u00e4t, miss\u00e4 maassa heid\u00e4n nelivuotiaan lapsen olisi parasta kasvaa. He valitsivat Suomen. Voidakseen j\u00e4\u00e4d\u00e4 maahan pysyv\u00e4sti perheelle tulee olla\u00a0koossa Migrin edellytt\u00e4m\u00e4t 25 000 euroa tilill\u00e4 vuoden<br \/>\nsis\u00e4ll\u00e4. T\u00e4m\u00e4n lis\u00e4ksi heid\u00e4n pit\u00e4\u00e4 maksaa 9 500 euron lukukausimaksu.<\/p>\n<p>        <a itemprop=\"url\" href=\"https:\/\/www.seiska.fi\/katso\/alex-40-jatti-perheensa-ja-muutti-yksin-lappiin-haluaa-pois-kaljamahansa\/2067997\" rel=\"nofollow noopener\" target=\"_blank\"><\/p>\n<p>\nAlex, 40, j\u00e4tti perheens\u00e4 etel\u00e4\u00e4n:\n<\/p>\n<p class=\"section-date\">\n        <strong class=\"article-section\" data-section=\"katso\"><br \/>\n            katso<br \/>\n        <\/strong><br \/>\n        9.2. 05:15\n    <\/p>\n<p>Alex, 40, j\u00e4tti perheens\u00e4 ja muutti yksin Lappiin: Haluaa pois kaljamahansa\n    <\/p>\n<p itemprop=\"description\" class=\"subtitle \">\n    Alexin el\u00e4m\u00e4nmuutosta seurataan uudella Unelma Lapista -ohjelman uudella kaudella.\n<\/p>\n<p>        <\/a><\/p>\n<p>T\u00e4st\u00e4 syyst\u00e4 maailman onnellisimpia<\/p>\n<p class=\"article-content article-content-width !bg-background\">Ensimm\u00e4isess\u00e4 jaksossa n\u00e4hd\u00e4\u00e4n, kun Imasha saapuu uuteen kotikaupunkiinsa Rovaniemelle.\u00a0<\/p>\n<p class=\"article-content article-content-width !bg-background\">Pariskunta uskoo, ett\u00e4 uudelleenaloittamien on kaiken perusta heid\u00e4n lapselleen.<\/p>\n<p class=\"article-content article-content-width !bg-background\"> \u2013 Tutkimme monia maita. P\u00e4\u00e4dyimme valitsemaan Suomen kulttuurin, koulutuksen ja kaiken takia. Se on maa, jossa kaikki on t\u00e4ydellist\u00e4 lapselle, Imasha toteaa.<\/p>\n<p class=\"article-content article-content-width !bg-background\">Imasha saapuu Rovaniemelle ennen muuta perhett\u00e4. H\u00e4n menee asumaan aluksi opiskelukaverinsa  luokse.<\/p>\n<p>                <img decoding=\"async\" src=\"https:\/\/www.europesays.com\/fi\/wp-content\/uploads\/2026\/02\/2074182.webp.jpeg\" width=\"576\" height=\"274\" title=\"Kuvassa Imasha, Chan sek\u00e4 heid\u00e4n poikansa Chahel.\" alt=\"Unelma Lapista: Imasha, Chan sek\u00e4 heid\u00e4n poikansa Chahel.\" loading=\"lazy\" \/>            <\/p>\n<p>\n            Kuvassa Imasha, Chan sek\u00e4 heid\u00e4n poikansa Chahel.<br \/>\n            Jani K\u00e4rpp\u00e4\n        <\/p>\n<p class=\"article-content article-content-width !bg-background\">Imasha kuvailee opiskelutoverilleen sit\u00e4, millaista el\u00e4m\u00e4 oli Dubaissa. He asuivat betoniviidakossa, jossa kaikki oli keinotekoista. Ymp\u00e4rill\u00e4 oli kiire. Imasha haaveilee, ett\u00e4 Suomessa h\u00e4n saa rauhoittua.<\/p>\n<p class=\"article-content article-content-width !bg-background\">Aneeqilla on oma tulkintansa sille, miksi suomalaiset \u00e4\u00e4nestet\u00e4\u00e4n vuodesta toiseen maailman onnellisimmaksi kansaksi.<\/p>\n<p class=\"article-content article-content-width !bg-background\">\u2013\tT\u00e4\u00e4ll\u00e4 on omia harrastuksia, kuten vaellus ja kalastus. Siksi suomalaiset ovat maailman onnellisin kansa. T\u00e4\u00e4ll\u00e4 ei ole auringonvaloa. Silti he ovat onnellisia. Ehk\u00e4 meist\u00e4 tulee t\u00e4\u00e4ll\u00e4 onnellisempia heid\u00e4n kanssaan, Aneeq pohtii.<\/p>\n<p>        <a itemprop=\"url\" href=\"https:\/\/www.seiska.fi\/katso\/tunnistaisitko-talta-veronica-verho-naytti-uransa-alussa\/2071636\" rel=\"nofollow noopener\" target=\"_blank\"><\/p>\n<p>\nVanha video julki:\n<\/p>\n<p class=\"section-date\">\n        <strong class=\"article-section\" data-section=\"katso\"><br \/>\n            katso<br \/>\n        <\/strong><br \/>\n        12.2. 13:15\n    <\/p>\n<p>Tunnistaisitko? T\u00e4lt\u00e4 Veronica Verho n\u00e4ytti uransa alussa\n    <\/p>\n<p itemprop=\"description\" class=\"subtitle \">\n    Yle uteli Veronicalta vuonna 2016, mit\u00e4 tubettaminen oikein tarkoittaa.\n<\/p>\n<p>        <\/a><\/p>\n<p>Mielipide kansasta<\/p>\n<p class=\"article-content article-content-width !bg-background\">Imasha on ihmeiss\u00e4\u00e4n kohtaamiensa ihmisten yst\u00e4v\u00e4llisyydest\u00e4.\u00a0<\/p>\n<p class=\"article-content article-content-width !bg-background\">H\u00e4n kertoo ensimm\u00e4isest\u00e4 kauppareissustaan, kun vieras nainen oli tullut tarjoamaan h\u00e4nelle apuaan.\u00a0<\/p>\n<p class=\"article-content article-content-width !bg-background\">\u2013\tMinua j\u00e4nnitti, koska olin siell\u00e4 yksin. H\u00e4n tuli auttamaan minua l\u00f6yt\u00e4m\u00e4\u00e4n haluamani tavarat. Kielimuuri oli hurjan iso. En ymm\u00e4rt\u00e4nyt mit\u00e4 h\u00e4n sanoi, eik\u00e4 h\u00e4n minua. Mutta jotenkin ymm\u00e4rsimme toisiamme.<\/p>\n<p>                <img decoding=\"async\" src=\"https:\/\/www.europesays.com\/fi\/wp-content\/uploads\/2026\/02\/2073699.webp.jpeg\" width=\"576\" height=\"274\" title=\"Unelma Lapista: Imasha\" alt=\"Unelma Lapista: Imasha\" loading=\"lazy\" \/>            <\/p>\n<p>\n            Unelma Lapista: Imasha<br \/>\n            Yle\n        <\/p>\n<p class=\"article-content article-content-width !bg-background\">H\u00e4nen kohtaamansa ihmiset ovat kaikki olleet kilttej\u00e4.\u00a0<\/p>\n<p class=\"article-content article-content-width !bg-background\">\u2013\tKaikki ihmiset auttavat. Yksi ihminen antoi patjan, yksi antoi tyynyn, yksi lautasen mukin ja lusikan.<\/p>\n<p>        <a itemprop=\"url\" href=\"https:\/\/www.seiska.fi\/katso\/amazing-race-finalisteilta-tunteikas-avautuminen\/2071464\" rel=\"nofollow noopener\" target=\"_blank\"><\/p>\n<p>\nAmazing Race\n<\/p>\n<p class=\"section-date\">\n        <strong class=\"article-section\" data-section=\"katso\"><br \/>\n            katso<br \/>\n        <\/strong><br \/>\n        12.2. 12:15\n    <\/p>\n<p>Amazing Race -finalisteilta tunteikas avautuminen\n    <\/p>\n<p itemprop=\"description\" class=\"subtitle \">\n    Loppuun asti selvinnyt Tomas Grekov tunnustaa somessa, ett\u00e4 menestys yll\u00e4tti.\n<\/p>\n<p>        <\/a><\/p>\n<p>Ruoka ihmetytt\u00e4\u00e4<\/p>\n<p class=\"article-content article-content-width !bg-background\">Uudessa kotimaassa tulee vastaan my\u00f6s yll\u00e4tt\u00e4vi\u00e4 asioita. On lokakuu ja Imasha on kylmiss\u00e4\u00e4n.<\/p>\n<p class=\"article-content article-content-width !bg-background\">\u00a0H\u00e4n toteaa dokumenttisarjan toisessa jaksossa miehelleen puhelimitse, ett\u00e4 todenn\u00e4k\u00f6isesti Rovaniemell\u00e4 on jo miinusasteita.\u00a0<\/p>\n<p class=\"article-content article-content-width !bg-background\">Shan vastaa puolisonsa puheluun Dubaista, jossa l\u00e4mp\u00f6mittari on 35 asteen kieppeill\u00e4.<\/p>\n<p class=\"article-content article-content-width !bg-background\">\u2013\tNyt toivoisin, ett\u00e4 asuisin siell\u00e4, Imasha my\u00f6nt\u00e4\u00e4.<\/p>\n<p class=\"article-content article-content-width !bg-background\">My\u00f6s ruoka ihmetytt\u00e4\u00e4. Imasha menee koulutoverinsa kanssa kouluun lounaalle. Tarjolla on perunaa ja kastiketta.<\/p>\n<p class=\"article-content article-content-width !bg-background\">Imasha ihmettelee, mihin kastike tulee laittaa. H\u00e4n maistaa kuitenkin rohkeasti kaikkea, mit\u00e4 tarjolla on.<\/p>\n<p class=\"article-content article-content-width !bg-background\">Kaksikko istuu p\u00f6yt\u00e4\u00e4n ja alkaa sy\u00f6d\u00e4. Hetken sy\u00f6ty\u00e4\u00e4n Aneeqilla on mielipiteens\u00e4 ruoasta.<\/p>\n<p class=\"article-content article-content-width !bg-background\">\u2013\tNyt k\u00e4sit\u00e4t, mik\u00e4 mausteiden arvo on ruoassa.<\/p>\n<p class=\"italic m-italic article-content article-content-width !bg-background\">Unelma Lapista katsottavissa Yle Areenassa. 13.2. alkaen TV1-kanavalla.\u00a0<\/p>\n<p>        <a itemprop=\"url\" href=\"https:\/\/www.seiska.fi\/katso\/muistatko-salatut-elamat-amin-talta-han-nayttaa-nyt\/2073351\" rel=\"nofollow noopener\" target=\"_blank\"><\/p>\n<p>\nMuistatko Salkkarit-Amin?\n<\/p>\n<p class=\"section-date\">\n        <strong class=\"article-section\" data-section=\"katso\"><br \/>\n            katso<br \/>\n        <\/strong><br \/>\n        12.2. 11:15\n    <\/p>\n<p>Muistatko Salatut el\u00e4m\u00e4t -Amin? T\u00e4lt\u00e4 h\u00e4n n\u00e4ytt\u00e4\u00e4 nyt\n    <\/p>\n<p itemprop=\"description\" class=\"subtitle \">\n    Rakastettu Salkkarit-t\u00e4hti Tuomas Reunanen teki paluun julkisuuteen.\n<\/p>\n<p>        <\/a><\/p>\n","protected":false},"excerpt":{"rendered":"Unelma Lapista: Imasha Jani K\u00e4rpp\u00e4 Imashan mielest\u00e4 Suomi on maailman paras paikka lapselle asua. Maanantaina 9.2. Yle julkaisi&hellip;\n","protected":false},"author":2,"featured_media":171933,"comment_status":"","ping_status":"","sticky":false,"template":"","format":"standard","meta":{"footnotes":"","_share_on_mastodon":"0"},"categories":[130],"tags":[6828,137,33,31,30,28036,21950,28035,3255,1057,32,1753,27215,109,913],"class_list":["post-171932","post","type-post","status-publish","format-standard","has-post-thumbnail","category-viihde","tag-dubai","tag-entertainment","tag-fi","tag-finland","tag-finnish","tag-imasha","tag-juristi","tag-miljoonabisnes","tag-muutto","tag-rovaniemi","tag-suomi","tag-tv1","tag-unelma-lapista","tag-viihde","tag-yle-areena"],"share_on_mastodon":{"url":"https:\/\/pubeurope.com\/@fi\/116083871188697119","error":""},"_links":{"self":[{"href":"https:\/\/www.europesays.com\/fi\/wp-json\/wp\/v2\/posts\/171932","targetHints":{"allow":["GET"]}}],"collection":[{"href":"https:\/\/www.europesays.com\/fi\/wp-json\/wp\/v2\/posts"}],"about":[{"href":"https:\/\/www.europesays.com\/fi\/wp-json\/wp\/v2\/types\/post"}],"author":[{"embeddable":true,"href":"https:\/\/www.europesays.com\/fi\/wp-json\/wp\/v2\/users\/2"}],"replies":[{"embeddable":true,"href":"https:\/\/www.europesays.com\/fi\/wp-json\/wp\/v2\/comments?post=171932"}],"version-history":[{"count":0,"href":"https:\/\/www.europesays.com\/fi\/wp-json\/wp\/v2\/posts\/171932\/revisions"}],"wp:featuredmedia":[{"embeddable":true,"href":"https:\/\/www.europesays.com\/fi\/wp-json\/wp\/v2\/media\/171933"}],"wp:attachment":[{"href":"https:\/\/www.europesays.com\/fi\/wp-json\/wp\/v2\/media?parent=171932"}],"wp:term":[{"taxonomy":"category","embeddable":true,"href":"https:\/\/www.europesays.com\/fi\/wp-json\/wp\/v2\/categories?post=171932"},{"taxonomy":"post_tag","embeddable":true,"href":"https:\/\/www.europesays.com\/fi\/wp-json\/wp\/v2\/tags?post=171932"}],"curies":[{"name":"wp","href":"https:\/\/api.w.org\/{rel}","templated":true}]}}