{"id":17195,"date":"2025-08-26T22:23:09","date_gmt":"2025-08-26T22:23:09","guid":{"rendered":"https:\/\/www.europesays.com\/fi\/17195\/"},"modified":"2025-08-26T22:23:09","modified_gmt":"2025-08-26T22:23:09","slug":"mestarien-liigassa-yllatystulos-skottijatin-karsinta-paattyi-katastrofiin","status":"publish","type":"post","link":"https:\/\/www.europesays.com\/fi\/17195\/","title":{"rendered":"Mestarien liigassa yll\u00e4tystulos \u2013 Skottij\u00e4tin karsinta p\u00e4\u00e4ttyi katastrofiin"},"content":{"rendered":"<p>Kairat pudotti Celticin rankkarikisassa.<\/p>\n<p><img decoding=\"async\" class=\"image image-show image-preview\" src=\"https:\/\/www.europesays.com\/fi\/wp-content\/uploads\/2025\/08\/8833d456d25e5de55452cd9ca1544384534cae80b50d1c66a0cb8252c292e887.jpg\" alt=\"\"\/><img decoding=\"async\" class=\"image image-show\" src=\"https:\/\/www.europesays.com\/fi\/wp-content\/uploads\/2025\/08\/1756246989_571_8833d456d25e5de55452cd9ca1544384534cae80b50d1c66a0cb8252c292e887.jpg\" alt=\"\"\/><\/p>\n<p>Celtic-vahti Kasper Schmeichel ei pystynyt torjumaan joukkuettaan jatkoon. AOP<\/p>\n<p class=\"paragraph\">Kazakstanilainen Kairat Almaty yll\u00e4tti Mestarien liigassa ja nappasi ensimm\u00e4ist\u00e4 kertaa historiassaan paikan lohkovaiheessa.<\/p>\n<p class=\"paragraph\">Skotlantilainen suurseura Celtic taipui Almatyssa rankkareilla. Molemmat osaottelut p\u00e4\u00e4ttyiv\u00e4t maalittomina.<\/p>\n<p class=\"paragraph\">Kairat-maalivahti <strong>Temirlan Anarbekov<\/strong> oli toisen osaottelun suuri sankari. Celtic-laukojista per\u00e4ti kolme ep\u00e4onnistui pilkkupaineessa.<\/p>\n<p class=\"paragraph\">\u2013\u2009Ei auta kuin hyv\u00e4ksy\u00e4 t\u00e4m\u00e4, Celticin manageri <strong>Brendan Rodgers<\/strong> kommentoi BBC:n mukaan.<\/p>\n<p class=\"paragraph\">\u2013\u2009Onnittelen Kairatia. Tulos on heille fantastinen. Tyrimme valtavan mahdollisuuden.<\/p>\n<p class=\"paragraph\">Kairat marssi lohkovaiheeseen pudottamalla Celticin ohella Olimpija Ljubljanan, Kuopion Palloseuran ja Slovan Bratislavan.<\/p>\n<p class=\"paragraph\">Kairat oli karahtaa jo KuPSin k\u00e4sittelyss\u00e4 toisella karsintakierroksella. KuPS l\u00f6i avausosassa kotonaan taululle 2\u20130-lukemat, mutta Kairat punnersi jatkoon voittamalla toisen osan 3\u20130.<\/p>\n<p class=\"paragraph\">Celticin eurokausi jatkuu Eurooppa-liigassa.<\/p>\n<p class=\"paragraph\">Viime kaudella Celtic pelasi Mestarien liigassa ja saldotti alkusarjan kahdeksasta ottelusta 12 pistett\u00e4. Ensimm\u00e4isell\u00e4 pudotuspelikierroksella Bayern M\u00fcnchen oli etev\u00e4mpi yhteismaalein 3\u20132.<\/p>\n","protected":false},"excerpt":{"rendered":"Kairat pudotti Celticin rankkarikisassa. Celtic-vahti Kasper Schmeichel ei pystynyt torjumaan joukkuettaan jatkoon. AOP Kazakstanilainen Kairat Almaty yll\u00e4tti Mestarien&hellip;\n","protected":false},"author":2,"featured_media":17196,"comment_status":"","ping_status":"","sticky":false,"template":"","format":"standard","meta":{"footnotes":""},"categories":[5],"tags":[35,22,23,26,27,33,31,30,17,43,42,1745,1984,24,25,41,28,29,15,18,21,32,19,20,16],"class_list":{"0":"post-17195","1":"post","2":"type-post","3":"status-publish","4":"format-standard","5":"has-post-thumbnail","7":"category-otsikot","8":"tag-24h","9":"tag-breaking-news","10":"tag-breakingnews","11":"tag-featured-news","12":"tag-featurednews","13":"tag-fi","14":"tag-finland","15":"tag-finnish","16":"tag-headlines","17":"tag-jalkapallo","18":"tag-jalkapalloon-perustuvat-lajit","19":"tag-jalkapallopelaajat","20":"tag-jalkapallopelaajat-miehet","21":"tag-latest-news","22":"tag-latestnews","23":"tag-liikunta-ja-urheilu","24":"tag-main-news","25":"tag-mainnews","26":"tag-news","27":"tag-otsikot","28":"tag-paauutiset","29":"tag-suomi","30":"tag-top-stories","31":"tag-topstories","32":"tag-uutiset"},"share_on_mastodon":{"url":"","error":""},"_links":{"self":[{"href":"https:\/\/www.europesays.com\/fi\/wp-json\/wp\/v2\/posts\/17195","targetHints":{"allow":["GET"]}}],"collection":[{"href":"https:\/\/www.europesays.com\/fi\/wp-json\/wp\/v2\/posts"}],"about":[{"href":"https:\/\/www.europesays.com\/fi\/wp-json\/wp\/v2\/types\/post"}],"author":[{"embeddable":true,"href":"https:\/\/www.europesays.com\/fi\/wp-json\/wp\/v2\/users\/2"}],"replies":[{"embeddable":true,"href":"https:\/\/www.europesays.com\/fi\/wp-json\/wp\/v2\/comments?post=17195"}],"version-history":[{"count":0,"href":"https:\/\/www.europesays.com\/fi\/wp-json\/wp\/v2\/posts\/17195\/revisions"}],"wp:featuredmedia":[{"embeddable":true,"href":"https:\/\/www.europesays.com\/fi\/wp-json\/wp\/v2\/media\/17196"}],"wp:attachment":[{"href":"https:\/\/www.europesays.com\/fi\/wp-json\/wp\/v2\/media?parent=17195"}],"wp:term":[{"taxonomy":"category","embeddable":true,"href":"https:\/\/www.europesays.com\/fi\/wp-json\/wp\/v2\/categories?post=17195"},{"taxonomy":"post_tag","embeddable":true,"href":"https:\/\/www.europesays.com\/fi\/wp-json\/wp\/v2\/tags?post=17195"}],"curies":[{"name":"wp","href":"https:\/\/api.w.org\/{rel}","templated":true}]}}