{"id":171977,"date":"2026-02-17T04:51:07","date_gmt":"2026-02-17T04:51:07","guid":{"rendered":"https:\/\/www.europesays.com\/fi\/171977\/"},"modified":"2026-02-17T04:51:07","modified_gmt":"2026-02-17T04:51:07","slug":"turussa-huippukeikkojen-kesa-lisaa-konsertteja-julkistettu","status":"publish","type":"post","link":"https:\/\/www.europesays.com\/fi\/171977\/","title":{"rendered":"Turussa huippukeikkojen kes\u00e4 \u2013 lis\u00e4\u00e4 konsertteja julkistettu"},"content":{"rendered":"<p>Logomon\u00a0Terassikes\u00e4n tulevan kes\u00e4n kattaus vahvistui perjantaina viidell\u00e4 konsertilla.\u00a0<\/p>\n<p><strong>The Arkin, Jenni Vartiaisen<\/strong> ja\u00a0<strong>Arpan<\/strong> (jo aiemmin julkistettujen keikkojen lis\u00e4ksi)\u00a0Logomon\u00a0Teatron\u00a0laajennetulla terassialueella n\u00e4hd\u00e4\u00e4n muun muassa eksklusiivinen <strong>Lordin <\/strong>The\u00a0Arockalypse\u00a0\u2013albumin\u00a020v.\u00a0juhlakeikka sek\u00e4\u00a0isolla kokoonpanolla esiintyv\u00e4 <strong>Pepe Willberg &amp; Saimaa<\/strong>. Lis\u00e4ksi mukaan on saatu<strong> J. Karjalainen, Amorphis\u00a0+ Marko Hietala sek\u00e4 Mokoma + Viikate\u00a030v.<\/strong><\/p>\n<p>Logomon terassikes\u00e4n kaikki keikat alta. Lis\u00e4\u00e4 keikkajulkistuksia luvassa l\u00e4hiaikoina.\u00a0<\/p>\n<p>Lue my\u00f6s: <a href=\"https:\/\/www.rumba.fi\/uutiset\/turun-kesarauha-julkisti-uusia-esiintyjia-loistava-2010-luvun-kitarapop-yhtye-tekee-paluun\/\" title=\"Turun Kes\u00e4rauha julkisti uusia esiintyji\u00e4 \u2013 loistava 2010-luvun kitarapop-yhtye tekee paluun\" class=\"underline-custom !font-montserrat !font-bold !underline-offset-4 !decoration-4 !decoration-tilt-light !text-md\" rel=\"nofollow noopener\" target=\"_blank\">Turun Kes\u00e4rauha julkisti uusia esiintyji\u00e4 \u2013 loistava 2010-luvun kitarapop-yhtye tekee paluun<\/a><\/p>\n<p>Lue my\u00f6s: <a href=\"https:\/\/www.rumba.fi\/uutiset\/turussa-jarjestettava-punkfestari-on-taynna-uusia-nimia-ja-vanhoja-legendoja-kaikki-esiintyjat-selvilla\/\" title=\"Turussa j\u00e4rjestett\u00e4v\u00e4 punkfestari on t\u00e4ynn\u00e4 uusia nimi\u00e4 ja vanhoja legendoja \u2013 kaikki esiintyj\u00e4t selvill\u00e4\" class=\"underline-custom !font-montserrat !font-bold !underline-offset-4 !decoration-4 !decoration-tilt-light !text-md\" rel=\"nofollow noopener\" target=\"_blank\">Turussa j\u00e4rjestett\u00e4v\u00e4 punkfestari on t\u00e4ynn\u00e4 uusia nimi\u00e4 ja vanhoja legendoja \u2013 kaikki esiintyj\u00e4t selvill\u00e4<\/a><\/p>\n<p><strong>LOGOMON TERASSIKES\u00c4 2026<\/strong>\u00a0<\/p>\n<p>PE 31.7.2026 MOKOMA, VIIKATE 30V.\u00a0\u00a0<br \/>TI 4.8.2026 THE ARK (SE)\u00a0<br \/>KE 5.8.2026 ARPPA, N\u00d6SS\u00d6 NOVA\u00a0<br \/>PE 7.8.2026 JENNI VARTIAINEN\u00a0<br \/>TO 13.8.2026 PEPE &amp; SAIMAA (Turun taiteiden y\u00f6)\u00a0\u00a0<br \/>PE 14.8.2026 J. KARJALAINEN\u00a0\u00a0<br \/>PE 21.8.2026 LORDI \u2013 THE AROCKALYPSE 20th Anniversary\u00a0show\u00a0<br \/>LA 22.8.2026 AMORPHIS, MARKO HIETALA\u00a0\u00a0<\/p>\n<p>Lue my\u00f6s: <a href=\"https:\/\/www.rumba.fi\/uutiskirje\/\" title=\"Tilaa Rumban uutiskirje\" class=\"underline-custom !font-montserrat !font-bold !underline-offset-4 !decoration-4 !decoration-red-600 !text-md\" rel=\"nofollow noopener\" target=\"_blank\">Tilaa Rumban uutiskirje ja tied\u00e4t mist\u00e4 kahvitauolla puhutaan! Nappaa ajankohtaiset musiikin uutiset ja puheenaiheet suoraan s\u00e4hk\u00f6postiin t\u00e4st\u00e4.<\/a><\/p>\n","protected":false},"excerpt":{"rendered":"Logomon\u00a0Terassikes\u00e4n tulevan kes\u00e4n kattaus vahvistui perjantaina viidell\u00e4 konsertilla.\u00a0 The Arkin, Jenni Vartiaisen ja\u00a0Arpan (jo aiemmin julkistettujen keikkojen lis\u00e4ksi)\u00a0Logomon\u00a0Teatron\u00a0laajennetulla&hellip;\n","protected":false},"author":2,"featured_media":92917,"comment_status":"","ping_status":"","sticky":false,"template":"","format":"standard","meta":{"footnotes":"","_share_on_mastodon":"0"},"categories":[130],"tags":[137,33,31,30,22165,32,109],"class_list":["post-171977","post","type-post","status-publish","format-standard","has-post-thumbnail","category-viihde","tag-entertainment","tag-fi","tag-finland","tag-finnish","tag-logomo","tag-suomi","tag-viihde"],"share_on_mastodon":{"url":"https:\/\/pubeurope.com\/@fi\/116084177784238813","error":""},"_links":{"self":[{"href":"https:\/\/www.europesays.com\/fi\/wp-json\/wp\/v2\/posts\/171977","targetHints":{"allow":["GET"]}}],"collection":[{"href":"https:\/\/www.europesays.com\/fi\/wp-json\/wp\/v2\/posts"}],"about":[{"href":"https:\/\/www.europesays.com\/fi\/wp-json\/wp\/v2\/types\/post"}],"author":[{"embeddable":true,"href":"https:\/\/www.europesays.com\/fi\/wp-json\/wp\/v2\/users\/2"}],"replies":[{"embeddable":true,"href":"https:\/\/www.europesays.com\/fi\/wp-json\/wp\/v2\/comments?post=171977"}],"version-history":[{"count":0,"href":"https:\/\/www.europesays.com\/fi\/wp-json\/wp\/v2\/posts\/171977\/revisions"}],"wp:featuredmedia":[{"embeddable":true,"href":"https:\/\/www.europesays.com\/fi\/wp-json\/wp\/v2\/media\/92917"}],"wp:attachment":[{"href":"https:\/\/www.europesays.com\/fi\/wp-json\/wp\/v2\/media?parent=171977"}],"wp:term":[{"taxonomy":"category","embeddable":true,"href":"https:\/\/www.europesays.com\/fi\/wp-json\/wp\/v2\/categories?post=171977"},{"taxonomy":"post_tag","embeddable":true,"href":"https:\/\/www.europesays.com\/fi\/wp-json\/wp\/v2\/tags?post=171977"}],"curies":[{"name":"wp","href":"https:\/\/api.w.org\/{rel}","templated":true}]}}