{"id":172037,"date":"2026-02-17T06:15:08","date_gmt":"2026-02-17T06:15:08","guid":{"rendered":"https:\/\/www.europesays.com\/fi\/172037\/"},"modified":"2026-02-17T06:15:08","modified_gmt":"2026-02-17T06:15:08","slug":"yksityinen-hoiva-ala-lakkoilee-palkkojen-puolesta-nain-lakko-vaikuttaa-hoivakodeissa-kotimaa","status":"publish","type":"post","link":"https:\/\/www.europesays.com\/fi\/172037\/","title":{"rendered":"Yksityinen hoiva-ala lakkoilee palkkojen puolesta \u2013 n\u00e4in lakko vaikuttaa hoivakodeissa | Kotimaa"},"content":{"rendered":"<p class=\"aw-1gybjub aw-5vja16 kEtdKx kmuxyA yle__article__paragraph\">Yksityisen sosiaali\u00adpalvelualan lakko n\u00e4kyy eniten pohjoisessa Suomessa. Selvitimme, miten lakko vaikuttaa.<\/p>\n<p><img decoding=\"async\" alt=\"Henkil\u00f6 ty\u00f6nt\u00e4\u00e4 py\u00f6r\u00e4tuolia k\u00e4yt\u00e4v\u00e4ll\u00e4. Taustalla toinen henkil\u00f6 k\u00e4velee rollaattorin kanssa.\" src=\"https:\/\/www.europesays.com\/fi\/wp-content\/uploads\/2026\/02\/39-1598639699400d04fdbb.jpeg\" class=\"aw-1l9m598 hKVVvP\"\/><\/p>\n<p>Avaa kuvien katselu<\/p>\n<p>Kolmip\u00e4iv\u00e4inen lakko vaikuttaa esimerkiksi hoivakoteihin, jossa ty\u00f6t\u00e4 tehd\u00e4\u00e4n osin esihenkil\u00f6voimin. Arkistokuva. Kuva: Emmi Korhonen \/ Lehtikuva<\/p>\n<ul class=\"aw-1jjocuh iJTSwP yle__article__list yle__article__list--ul\">\n<li class=\"aw-1j7gwms gNYKfi\">Yksityisen sosiaalipalvelualan kolmen p\u00e4iv\u00e4n lakko alkoi tiistaina. Se koskee hoivakoteja varsinkin Pohjois-Suomessa.<\/li>\n<li class=\"aw-1j7gwms gNYKfi\">Ammattiliitot vaativat palkankorotuksia, jotta alan palkat nousisivat julkisen sektorin tasolle.<\/li>\n<li class=\"aw-1j7gwms gNYKfi\">Ty\u00f6nantajien mukaan lakko ei vaaranna asukkaiden hoitoa, mutta voi karsia esimerkiksi ulkoilua.<\/li>\n<li class=\"aw-1j7gwms gNYKfi\">Uusi lakko uhkaa alaa maaliskuussa.<\/li>\n<\/ul>\n<p class=\"aw-1gybjub aw-1p7kakr kEtdKx cEmitX yle__article__paragraph\">Yksityisen sosiaalipalvelualan lakko alkoi tiistaina puolilta\u00f6in. Se koskee muun muassa palvelu-, hoiva-, nuoriso- ja turvakoteja erityisesti Lapissa ja Pohjois-Pohjanmaalla.<\/p>\n<p class=\"aw-1gybjub aw-1p7kakr kEtdKx cEmitX yle__article__paragraph\">Lakko kest\u00e4\u00e4 kolme p\u00e4iv\u00e4\u00e4.<\/p>\n<p class=\"aw-1gybjub aw-1p7kakr kEtdKx cEmitX yle__article__paragraph\">Kokosimme t\u00e4h\u00e4n juttuun tietoa lakosta ja sen vaikutuksista.<\/p>\n<p>Mihin lakko kohdistuu?<\/p>\n<p class=\"aw-1gybjub aw-1p7kakr kEtdKx cEmitX yle__article__paragraph\">Lakko ei koske kaikkia yksityisen sosiaalipalvelualan ty\u00f6ntekij\u00f6it\u00e4 eik\u00e4 esimerkiksi kaikkia yksityisi\u00e4 palvelukoteja.<\/p>\n<p class=\"aw-1gybjub aw-1p7kakr kEtdKx cEmitX yle__article__paragraph\"><a class=\"aw-iao6s4 iHOxEa yle__article__link\" href=\"https:\/\/www.jhl.fi\/app\/uploads\/2026\/02\/Lakkokohteet_y_sos_Tes_paivitetty_2_2_2026.pdf\" role=\"link\" rel=\"nofollow noopener\" target=\"_blank\">Lakkokohteet<\/a> voi tarkistaa Julkisten ja hyvinvointialojen liitto JHL:n verkkosivuilta. Niit\u00e4 on noin kuusikymment\u00e4, ja suurin osa niist\u00e4 sijaitsee Pohjois-Suomessa.<\/p>\n<p class=\"aw-1gybjub aw-1p7kakr kEtdKx cEmitX yle__article__paragraph\">Kuitenkin esimerkiksi osa JHL:n palkkaryhmist\u00e4 on lakossa koko maassa. T\u00e4llaisia ovat esimerkiksi keitti\u00f6ty\u00f6ntekij\u00e4t.<\/p>\n<p class=\"aw-1gybjub aw-1p7kakr kEtdKx cEmitX yle__article__paragraph\">Ty\u00f6ehtokiista koskee yli 70 000 palkansaajaa.<\/p>\n<p>Miten lakko n\u00e4kyy lakkokohteissa?<\/p>\n<p class=\"aw-1gybjub aw-1p7kakr kEtdKx cEmitX yle__article__paragraph\">Ty\u00f6nantajien tavoitteena on, ett\u00e4 isoja vaikutuksia asukkaille tai omaisille ei olisi. Sek\u00e4 Esperist\u00e4, Attendosta ett\u00e4 Mehil\u00e4isest\u00e4 vakuutetaan, ett\u00e4 lakko ei vaikuta asukkaiden turvallisuuteen.<\/p>\n<p class=\"aw-1gybjub aw-1p7kakr kEtdKx cEmitX yle__article__paragraph\">Esimerkiksi Attendossa ty\u00f6t tehd\u00e4\u00e4n lakon aikana osin esihenkil\u00f6voimin. Ty\u00f6ntekij\u00f6it\u00e4 on varmistettu t\u00f6ihin my\u00f6s neuvottelemalla j\u00e4rjest\u00f6jen kanssa suojeluty\u00f6st\u00e4.<\/p>\n<p class=\"aw-1gybjub aw-1p7kakr kEtdKx cEmitX yle__article__paragraph\">\u2013 Pystymme turvaamaan turvallisen arjen. Kaikki hoitotoimet, ruokailut, l\u00e4\u00e4kitykset ja hygienia-asiat hoituvat, lupaa Attendon ty\u00f6suhdejohtaja <strong class=\"aw-ak79eh KyCXm yle__article__strong\">Kari Bagge<\/strong>.<\/p>\n<p class=\"aw-1gybjub aw-1p7kakr kEtdKx cEmitX yle__article__paragraph\">Ulkoilua tai muita aktiviteetteja ei Baggen mukaan lakkokohteissa v\u00e4ltt\u00e4m\u00e4tt\u00e4 j\u00e4rjestet\u00e4. My\u00f6s muutokset ruokalistoilla ovat mahdollisia.<\/p>\n<p class=\"aw-1gybjub aw-1p7kakr kEtdKx cEmitX yle__article__paragraph\">My\u00f6s Esperilt\u00e4 todetaan s\u00e4hk\u00f6postitse, ettei omaisten tarvitse huomioida lakkoa mitenk\u00e4\u00e4n.<\/p>\n<p class=\"aw-1gybjub aw-1p7kakr kEtdKx cEmitX yle__article__paragraph\">\u2013 Teemme kaikkemme huolehtiaksemme asukkaidemme turvallisuudesta ja hyv\u00e4st\u00e4 hoivasta my\u00f6s ty\u00f6taistelutoimenpiteiden aikana.<\/p>\n<p><img decoding=\"async\" alt=\"Bingon pelialusta p\u00f6yd\u00e4ll\u00e4 hoivakodissa.\" src=\"https:\/\/www.europesays.com\/fi\/wp-content\/uploads\/2026\/02\/39-13614006707b1919a0c0.jpeg\" loading=\"lazy\" class=\"aw-1l9m598 hKVVvP\"\/><\/p>\n<p>Avaa kuvien katselu<\/p>\n<p>Lakon aikana ulkoilua ja muita aktiviteetteja ei v\u00e4ltt\u00e4m\u00e4tt\u00e4 j\u00e4rjestet\u00e4 lakkokohteissa. Kuva: Pasi Takkunen \/ Yle<\/p>\n<p class=\"aw-1gybjub aw-1p7kakr kEtdKx cEmitX yle__article__paragraph\">Suomen l\u00e4hi- ja perushoitajaliiton eli Superin puheenjohtaja <strong class=\"aw-ak79eh KyCXm yle__article__strong\">P\u00e4ivi Inberg<\/strong> toivoo lakon n\u00e4kyv\u00e4n ty\u00f6paikoilla siten, ett\u00e4 lakkop\u00e4ivin\u00e4 tehd\u00e4\u00e4n vain kaikkein oleellisimmat teht\u00e4v\u00e4t.<\/p>\n<p class=\"aw-1gybjub aw-1p7kakr kEtdKx cEmitX yle__article__paragraph\">\u2013 Kaikkein kriittisimm\u00e4t ovat hygienia, l\u00e4\u00e4kkeet ja ruoka.<\/p>\n<p class=\"aw-1gybjub aw-1p7kakr kEtdKx cEmitX yle__article__paragraph\"><a class=\"aw-iao6s4 iHOxEa yle__article__link\" href=\"https:\/\/www.jhl.fi\/app\/uploads\/2026\/02\/Lakkokohteet_y_sos_Tes_paivitetty_2_2_2026.pdf\" role=\"link\" rel=\"nofollow noopener\" target=\"_blank\">Lakkokohteiden<\/a> joukossa on my\u00f6s muiden kuin suurimpien hoivayritysten kohteita.<\/p>\n<p class=\"aw-1gybjub aw-1p7kakr kEtdKx cEmitX yle__article__paragraph\">Yksityisi\u00e4 ty\u00f6nantajia edustavan Hyvinvointiala Hali ry:n mukaan lakon vaikutuksista on mahdoton sanoa etuk\u00e4teen tarkemmin, sill\u00e4 ty\u00f6nantajat eiv\u00e4t tied\u00e4 lakossa olevien ty\u00f6ntekij\u00f6iden m\u00e4\u00e4r\u00e4\u00e4.<\/p>\n<p class=\"aw-1gybjub aw-1p7kakr kEtdKx cEmitX yle__article__paragraph\">Halin ty\u00f6markkinajohtaja <strong class=\"aw-ak79eh KyCXm yle__article__strong\">Kati Virtanenkin<\/strong> korostaa viime vuonna voimaan tullutta suojeluty\u00f6lakia. Se takaa ihmisten hengen ja terveyden kannalta v\u00e4ltt\u00e4m\u00e4tt\u00f6m\u00e4n ty\u00f6n my\u00f6s ty\u00f6taistelutilanteissa.<\/p>\n<p>Miksi nyt lakkoillaan?<\/p>\n<p class=\"aw-1gybjub aw-1p7kakr kEtdKx cEmitX yle__article__paragraph\">JHL:n toimialajohtaja <strong class=\"aw-ak79eh KyCXm yle__article__strong\">Mari Keturi<\/strong> korostaa, ett\u00e4 neuvotteluissa on kyse tasa-arvosta yksityisen ja julkisen puolen v\u00e4lill\u00e4.<\/p>\n<p class=\"aw-1gybjub aw-1p7kakr kEtdKx cEmitX yle__article__paragraph\">\u2013 Yksityisell\u00e4 sosiaalipalvelualalla saa v\u00e4hemm\u00e4n palkkaa samasta ty\u00f6st\u00e4 kuin julkisella puolella. Palkkaero voi olla satoja euroja kuukaudessa teht\u00e4v\u00e4st\u00e4 riippuen, Keturi sanoo.<\/p>\n<p class=\"aw-1gybjub aw-1p7kakr kEtdKx cEmitX yle__article__paragraph\">H\u00e4n laskee, ett\u00e4 lakossa on mukana pari tuhatta JHL:n ty\u00f6ntekij\u00e4\u00e4.<\/p>\n<p class=\"aw-1gybjub aw-1p7kakr kEtdKx cEmitX yle__article__paragraph\">\u2013 Palkkaerojen kurominen umpeen on t\u00e4rke\u00e4\u00e4, jotta ala saadaan pysym\u00e4\u00e4n pito- ja vetovoimaisena.<\/p>\n<p class=\"aw-1gybjub aw-1p7kakr kEtdKx cEmitX yle__article__paragraph\">Samoilla linjoilla Keturin kanssa on Superin puheenjohtaja P\u00e4ivi Inberg. Lakko koskee t\u00e4ll\u00e4 hetkell\u00e4 600\u2013800 Superin j\u00e4sent\u00e4 pohjoisessa.<\/p>\n<p class=\"aw-1gybjub aw-1p7kakr kEtdKx cEmitX yle__article__paragraph\">JHL on antanut my\u00f6s uuden lakkovaroituksen. Maaliskuun 3.\u20135. p\u00e4ivin\u00e4 uhkaava lakko koskisi kaikkea Hali ry:n j\u00e4senyrityksiss\u00e4 teht\u00e4v\u00e4\u00e4 ty\u00f6t\u00e4.<\/p>\n<p class=\"aw-1gybjub aw-1p7kakr kEtdKx cEmitX yle__article__paragraph\"><strong class=\"aw-ak79eh KyCXm yle__article__strong\">Vaikuttaako yksityisen sosiaalialan lakko sinun tai l\u00e4heisesi el\u00e4m\u00e4\u00e4n? Jos haluat kertoa meille aiheesta, l\u00e4het\u00e4 viesti alla olevalla lomakkeella.<\/strong><\/p>\n","protected":false},"excerpt":{"rendered":"Yksityisen sosiaali\u00adpalvelualan lakko n\u00e4kyy eniten pohjoisessa Suomessa. Selvitimme, miten lakko vaikuttaa. Avaa kuvien katselu Kolmip\u00e4iv\u00e4inen lakko vaikuttaa esimerkiksi&hellip;\n","protected":false},"author":2,"featured_media":172038,"comment_status":"","ping_status":"","sticky":false,"template":"","format":"standard","meta":{"footnotes":"","_share_on_mastodon":"0"},"categories":[5],"tags":[22,23,26,27,33,31,30,17,24470,28042,71,3846,667,24,25,28,29,15,18,21,728,13128,32,19,20,2247,16],"class_list":["post-172037","post","type-post","status-publish","format-standard","has-post-thumbnail","category-otsikot","tag-breaking-news","tag-breakingnews","tag-featured-news","tag-featurednews","tag-fi","tag-finland","tag-finnish","tag-headlines","tag-hoivakodit","tag-julkisten-ja-hyvinvointialojen-liitto","tag-kotimaa","tag-lakot","tag-lappi","tag-latest-news","tag-latestnews","tag-main-news","tag-mainnews","tag-news","tag-otsikot","tag-paauutiset","tag-pohjois-pohjanmaa","tag-suomen-lahi-ja-perushoitajaliitto-super","tag-suomi","tag-top-stories","tag-topstories","tag-tyomarkkinat","tag-uutiset"],"share_on_mastodon":{"url":"https:\/\/pubeurope.com\/@fi\/116084508161965295","error":""},"_links":{"self":[{"href":"https:\/\/www.europesays.com\/fi\/wp-json\/wp\/v2\/posts\/172037","targetHints":{"allow":["GET"]}}],"collection":[{"href":"https:\/\/www.europesays.com\/fi\/wp-json\/wp\/v2\/posts"}],"about":[{"href":"https:\/\/www.europesays.com\/fi\/wp-json\/wp\/v2\/types\/post"}],"author":[{"embeddable":true,"href":"https:\/\/www.europesays.com\/fi\/wp-json\/wp\/v2\/users\/2"}],"replies":[{"embeddable":true,"href":"https:\/\/www.europesays.com\/fi\/wp-json\/wp\/v2\/comments?post=172037"}],"version-history":[{"count":0,"href":"https:\/\/www.europesays.com\/fi\/wp-json\/wp\/v2\/posts\/172037\/revisions"}],"wp:featuredmedia":[{"embeddable":true,"href":"https:\/\/www.europesays.com\/fi\/wp-json\/wp\/v2\/media\/172038"}],"wp:attachment":[{"href":"https:\/\/www.europesays.com\/fi\/wp-json\/wp\/v2\/media?parent=172037"}],"wp:term":[{"taxonomy":"category","embeddable":true,"href":"https:\/\/www.europesays.com\/fi\/wp-json\/wp\/v2\/categories?post=172037"},{"taxonomy":"post_tag","embeddable":true,"href":"https:\/\/www.europesays.com\/fi\/wp-json\/wp\/v2\/tags?post=172037"}],"curies":[{"name":"wp","href":"https:\/\/api.w.org\/{rel}","templated":true}]}}