{"id":17225,"date":"2025-08-26T23:16:09","date_gmt":"2025-08-26T23:16:09","guid":{"rendered":"https:\/\/www.europesays.com\/fi\/17225\/"},"modified":"2025-08-26T23:16:09","modified_gmt":"2025-08-26T23:16:09","slug":"katso-huikeat-luontokuvat-ensimmaiset-wildlife-photographer-of-the-year-kisan-otokset-julki-kulttuuri","status":"publish","type":"post","link":"https:\/\/www.europesays.com\/fi\/17225\/","title":{"rendered":"Katso huikeat luontokuvat: ensimm\u00e4iset Wildlife Photographer of the Year -kisan otokset julki | Kulttuuri"},"content":{"rendered":"<p class=\"sc-jYczwO sc-dNFkOE bUKqJd eiHPxO yle__article__paragraph\">Maailmalla tunnettu valokuvakilpailu j\u00e4rjestet\u00e4\u00e4n 61. kertaa. <\/p>\n<p><img decoding=\"async\" alt=\"Meduusojen muodostama parvi neon-vihre\u00e4ss\u00e4 kuvassa.\" src=\"https:\/\/www.europesays.com\/fi\/wp-content\/uploads\/2025\/08\/39-151270568ade507346e4.jpeg\" class=\"sc-dntSTA iywpZY\"\/><\/p>\n<p>Avaa kuvien katselu<\/p>\n<p>Wildlife Photographer of the Year -kilpailun valokuvat ovat esill\u00e4 Lontoon luonnonhistoriallisessa museossa 17. lokakuuta alkaen. Jelly Smack Summer Kuva: \u00a9 Ralph Pace, Wildlife Photographer of the Year<\/p>\n<p class=\"sc-jYczwO sc-ciCoXh bUKqJd cIOueB yle__article__paragraph\">Ensimm\u00e4iset kuvat tunnetun <a class=\"sc-jDJeIs gotUgl yle__article__link\" href=\"https:\/\/www.nhm.ac.uk\/wpy\" role=\"link\" rel=\"nofollow noopener\" target=\"_blank\">Wildlife Photorapher of the Year -kilpailun<\/a> sadosta on julkaistu.<\/p>\n<p class=\"sc-jYczwO sc-ciCoXh bUKqJd cIOueB yle__article__paragraph\">Kyseess\u00e4 on jokavuotinen kilpailu, joka j\u00e4rjestet\u00e4\u00e4n t\u00e4n\u00e4 vuonna jo 61. kerran. Se on yksi maailman tunnetuimmista valokuvakilpailuista.<\/p>\n<p class=\"sc-jYczwO sc-ciCoXh bUKqJd cIOueB yle__article__paragraph\">Kilpailuun osallistui t\u00e4n\u00e4 vuonna enn\u00e4tysm\u00e4\u00e4r\u00e4, yli 60\u00a0000 valokuvaa, 113 maasta ja alueelta. Nuorin valokuvakilpailuun osallistunut on vain 9-vuotias.<\/p>\n<p class=\"sc-jYczwO sc-ciCoXh bUKqJd cIOueB yle__article__paragraph\">Kuvat liittyv\u00e4t yhteens\u00e4 sadan valokuvan n\u00e4yttelyyn Lontoon Luonnonhistoriallisessa museossa. Valokuvat on n\u00e4ht\u00e4vill\u00e4 museossa 17. lokakuuta 2025 alkaen.<\/p>\n<p class=\"sc-jYczwO sc-ciCoXh bUKqJd cIOueB yle__article__paragraph\">Valokuvat on valinnut kansainv\u00e4linen asiantuntijaraati, joka koostuu luontokuvauksen, elokuvanteon, luonnonsuojelun ja tieteen ammattilaisista.<\/p>\n<p class=\"sc-jYczwO sc-ciCoXh bUKqJd cIOueB yle__article__paragraph\">N\u00e4yttelyn kuvista valitaan my\u00f6hemmin vuoden luontokuvaaja sek\u00e4 19 eri kategorian voittajat. Voittajat julkistetaan tiistaina 14. lokakuuta 2025<\/p>\n<p class=\"sc-jYczwO sc-ciCoXh bUKqJd cIOueB yle__article__paragraph\">Nyt julkaistujen kuvien joukossa on muun muassa vastakkainasettelu leijonan ja kobran v\u00e4lill\u00e4, muotokuva susien laumasta sek\u00e4 valokuva Kamt\u0161atkan niemimaan syrj\u00e4isest\u00e4 er\u00e4maasta, jossa karhu k\u00e4velee j\u00e4rven rannalla taustalla sumun peitossa oleva tulivuori.<\/p>\n<p class=\"sc-jYczwO sc-ciCoXh bUKqJd cIOueB yle__article__paragraph\">Alla n\u00e4et osan kilpailussa mukana olevista valokuvista.<\/p>\n<p><img decoding=\"async\" alt=\"Leijona kohtaa kobran kivisell\u00e4 tasanteella, molemmat valppaina ja varautuneina.\" src=\"https:\/\/www.europesays.com\/fi\/wp-content\/uploads\/2025\/08\/39-151270268ade50604725.jpeg\" loading=\"lazy\" class=\"sc-dntSTA iywpZY\"\/><\/p>\n<p>Avaa kuvien katselu<\/p>\n<p>Wake-up Call -otokseen valokuvaaja ikuisti kobran ja leijonan dramaattisen kohtaamisen juuri oikeaan aikaan.  Kuva: \u00a9 Gabriella Comi, Wildlife Photographer of the Year<img decoding=\"async\" alt=\"Arktisia susia tyhj\u00e4ss\u00e4 talvisessa maisemassa. El\u00e4inten valkoinen turkki sulautuu lumiseen ymp\u00e4rist\u00f6\u00f6n.\" src=\"https:\/\/www.europesays.com\/fi\/wp-content\/uploads\/2025\/08\/39-151270168ade5057dead.jpeg\" loading=\"lazy\" class=\"sc-dntSTA iywpZY\"\/><\/p>\n<p>Avaa kuvien katselu<\/p>\n<p>Inside the Pack -kuva otettiin 35 asteen pakkasessa. Arktiset sudet el\u00e4v\u00e4t vain Kanadan pohjoisimmilla alueilla ja Pohjois-Gr\u00f6nlannissa   Kuva: \u00a9 Amit Eshel, Wildlife Photographer of the Year<img decoding=\"async\" alt=\"Karhu kulkee rauhallisesti tyynt\u00e4 vesist\u00f6\u00e4 pitkin, taustalla kohoaa sumuverhon peitt\u00e4m\u00e4n\u00e4 majesteettinen vuori.\" src=\"https:\/\/www.europesays.com\/fi\/wp-content\/uploads\/2025\/08\/39-151270368ade5065b0e3.jpeg\" loading=\"lazy\" class=\"sc-dntSTA iywpZY\"\/><\/p>\n<p>Avaa kuvien katselu<\/p>\n<p>Essence of Kamchatka -valokuvan onnistumiseen meni p\u00e4ivi\u00e4. Lokki lensi ohi, juuri tulivuoren huipun kohdalla.  Kuva: \u00a9 Kesshav Vikram, Wildlife Photographer of the Year<img decoding=\"async\" alt=\"Keisaripingviinien parvi valtavan j\u00e4\u00e4sein\u00e4m\u00e4n reunalla Antarktisella.\" src=\"https:\/\/www.europesays.com\/fi\/wp-content\/uploads\/2025\/08\/39-151270468ade506d8450.jpeg\" loading=\"lazy\" class=\"sc-dntSTA iywpZY\"\/><\/p>\n<p>Avaa kuvien katselu<\/p>\n<p> Ice Edge Journey -otoksen valokuvaaja vietti kaksi kuukautta pingviiniyhdyskunnan parissa. Pingviininpoikaset hypp\u00e4siv\u00e4t 15 metrin pudotuksen j\u00e4iseen mereen hakeakseen ruokaa.  Kuva: \u00a9 Bertie Gregory, Wildlife Photographer of the Year<\/p>\n<p class=\"sc-jYczwO sc-ciCoXh bUKqJd cIOueB yle__article__paragraph\">Wildlife Photographer of the Year -kilpailun on kehitt\u00e4nyt ja sit\u00e4 j\u00e4rjest\u00e4\u00e4 Lontoon The Natural History Museum.<\/p>\n","protected":false},"excerpt":{"rendered":"Maailmalla tunnettu valokuvakilpailu j\u00e4rjestet\u00e4\u00e4n 61. kertaa. Avaa kuvien katselu Wildlife Photographer of the Year -kilpailun valokuvat ovat esill\u00e4&hellip;\n","protected":false},"author":2,"featured_media":17226,"comment_status":"","ping_status":"","sticky":false,"template":"","format":"standard","meta":{"footnotes":""},"categories":[117],"tags":[33,31,30,108,72,6449,966,476,118,32,119,6448,2365,477],"class_list":{"0":"post-17225","1":"post","2":"type-post","3":"status-publish","4":"format-standard","5":"has-post-thumbnail","7":"category-luonto","8":"tag-fi","9":"tag-finland","10":"tag-finnish","11":"tag-kulttuuri","12":"tag-luonto","13":"tag-luontokuvaus","14":"tag-museot","15":"tag-nature","16":"tag-science","17":"tag-suomi","18":"tag-tiede","19":"tag-valokuvat","20":"tag-valokuvaus","21":"tag-wildlife"},"share_on_mastodon":{"url":"","error":""},"_links":{"self":[{"href":"https:\/\/www.europesays.com\/fi\/wp-json\/wp\/v2\/posts\/17225","targetHints":{"allow":["GET"]}}],"collection":[{"href":"https:\/\/www.europesays.com\/fi\/wp-json\/wp\/v2\/posts"}],"about":[{"href":"https:\/\/www.europesays.com\/fi\/wp-json\/wp\/v2\/types\/post"}],"author":[{"embeddable":true,"href":"https:\/\/www.europesays.com\/fi\/wp-json\/wp\/v2\/users\/2"}],"replies":[{"embeddable":true,"href":"https:\/\/www.europesays.com\/fi\/wp-json\/wp\/v2\/comments?post=17225"}],"version-history":[{"count":0,"href":"https:\/\/www.europesays.com\/fi\/wp-json\/wp\/v2\/posts\/17225\/revisions"}],"wp:featuredmedia":[{"embeddable":true,"href":"https:\/\/www.europesays.com\/fi\/wp-json\/wp\/v2\/media\/17226"}],"wp:attachment":[{"href":"https:\/\/www.europesays.com\/fi\/wp-json\/wp\/v2\/media?parent=17225"}],"wp:term":[{"taxonomy":"category","embeddable":true,"href":"https:\/\/www.europesays.com\/fi\/wp-json\/wp\/v2\/categories?post=17225"},{"taxonomy":"post_tag","embeddable":true,"href":"https:\/\/www.europesays.com\/fi\/wp-json\/wp\/v2\/tags?post=17225"}],"curies":[{"name":"wp","href":"https:\/\/api.w.org\/{rel}","templated":true}]}}