{"id":172261,"date":"2026-02-17T11:42:07","date_gmt":"2026-02-17T11:42:07","guid":{"rendered":"https:\/\/www.europesays.com\/fi\/172261\/"},"modified":"2026-02-17T11:42:07","modified_gmt":"2026-02-17T11:42:07","slug":"yle-yllattava-karkinimi-suomen-kunnat-laitettiin-paremmuusjarjestykseen","status":"publish","type":"post","link":"https:\/\/www.europesays.com\/fi\/172261\/","title":{"rendered":"Yle: Yll\u00e4tt\u00e4v\u00e4 k\u00e4rkinimi! Suomen kunnat laitettiin paremmuusj\u00e4rjestykseen"},"content":{"rendered":"<p>Suomen kunnat on nyt ensimm\u00e4ist\u00e4 kertaa listattu sosiaalisen oikeudenmukaisuuden perusteella, ja tulokset yll\u00e4tt\u00e4v\u00e4t.\u00a0<\/p>\n<p>Manner-Suomen 292 kuntaa kattavan selvityksen mukaan Pohjanmaalla sijaitseva Peders\u00f6re nappasi k\u00e4rkipaikan ja voi hyv\u00e4ll\u00e4 syyll\u00e4 tituleerata itse\u00e4\u00e4n maailman parhaaksi paikaksi, kuten tienvarsikyltti vihjaa.\u00a0<\/p>\n<p>Selvitys toteutettiin osana valtiovarainministeri\u00f6n hanketta, ja se mittaa laajasti kuntien asukkaiden hyvinvointia.<\/p>\n<p>Lue my\u00f6s: <a href=\"https:\/\/www.voice.fi\/tyo-ja-opiskelu\/mista-piilotyopaikoissa-on-kyse-nain-etsit-tyota-joka-ei-ole-haussa\" title=\"Mist\u00e4 piiloty\u00f6paikoissa on kyse? N\u00e4in etsit ty\u00f6t\u00e4, joka ei ole haussa\" class=\"underline-custom !font-montserrat !font-bold !underline-offset-4 !decoration-4 !decoration-tilt-light !text-md\" rel=\"nofollow noopener\" target=\"_blank\">Mist\u00e4 piiloty\u00f6paikoissa on kyse? N\u00e4in etsit ty\u00f6t\u00e4, joka ei ole haussa<\/a><\/p>\n<p>Lue my\u00f6s: <a href=\"https:\/\/www.voice.fi\/ilmiot\/tanaan-riitely-ja-siivoaminen-on-kielletty-tietaa-huonoa-onnea-koko-vuodeksi\" title=\"T\u00e4n\u00e4\u00e4n riitely ja siivoaminen on kielletty \u2013 tiet\u00e4\u00e4 huonoa onnea koko vuodeksi\" class=\"underline-custom !font-montserrat !font-bold !underline-offset-4 !decoration-4 !decoration-tilt-light !text-md\" rel=\"nofollow noopener\" target=\"_blank\">T\u00e4n\u00e4\u00e4n riitely ja siivoaminen on kielletty \u2013 tiet\u00e4\u00e4 huonoa onnea koko vuodeksi<\/a><\/p>\n<p>Reilun 11.000 asukkaan Peders\u00f6re sai kiitosta muun muassa hyv\u00e4st\u00e4 terveystilanteesta, matalasta ty\u00f6tt\u00f6myydest\u00e4, turvallisuudesta sek\u00e4 kulttuuri- ja liikuntapalveluista. Ainoa selke\u00e4 miinus tuli asumisen ahtaudesta.\u00a0<\/p>\n<p>Peders\u00f6ren j\u00e4lkeen listauksen kymmenen k\u00e4rjess\u00e4 seuraavina tulivat Mustasaari, Lieto, Rusko, Maalahti, Masku, Luoto, Kauniainen, Pirkkala sek\u00e4 Eurajoki.<\/p>\n<p>Selvityksen koonnut <strong>Eero Laester\u00e4<\/strong> Finnish Consulting Groupista kuvailee sosiaalista oikeudenmukaisuutta hyv\u00e4n el\u00e4m\u00e4n mittariksi, joka kertoo miten tasavertaiset mahdollisuudet kuntalaisilla on terveyteen, toimeentuloon ja vapaa-aikaan.<\/p>\n<p>Lue my\u00f6s: <a href=\"https:\/\/www.voice.fi\/viihde\/aikakone-tahti-kertoi-the-voice-of-finlandissa-long-covidin-romahduttaneen-uran-en-ole-nahnyt-tervetta-paivaa\" title=\"Aikakone-t\u00e4hti kertoi The Voice of Finlandissa long covidin romahduttaneen uran: \u201dEn ole n\u00e4hnyt tervett\u00e4 p\u00e4iv\u00e4\u00e4\u201d\" class=\"underline-custom !font-montserrat !font-bold !underline-offset-4 !decoration-4 !decoration-tilt-light !text-md\" rel=\"nofollow noopener\" target=\"_blank\">Aikakone-t\u00e4hti kertoi The Voice of Finlandissa long covidin romahduttaneen uran: \u201dEn ole n\u00e4hnyt tervett\u00e4 p\u00e4iv\u00e4\u00e4\u201d<\/a><\/p>\n<p>Lue my\u00f6s: <a href=\"https:\/\/www.voice.fi\/viihde\/north-west-toimitusjohtajaksi-12-vuotiaana-kim-kardashianin-tytar-lanseeraa-oman-muotibrandin\" title=\"North West toimitusjohtajaksi 12-vuotiaana \u2013 Kim Kardashianin tyt\u00e4r lanseeraa oman muotibr\u00e4ndin\" class=\"underline-custom !font-montserrat !font-bold !underline-offset-4 !decoration-4 !decoration-tilt-light !text-md\" rel=\"nofollow noopener\" target=\"_blank\">North West toimitusjohtajaksi 12-vuotiaana \u2013 Kim Kardashianin tyt\u00e4r lanseeraa oman muotibr\u00e4ndin<\/a><\/p>\n<p>Sosiaalisesti oikeudenmukaisimmat kunnat sijoittuvat p\u00e4\u00e4osin L\u00e4nsi-Suomeen, kun taas It\u00e4- ja osin Keski-Suomessa pisteet j\u00e4\u00e4v\u00e4t heikommiksi.\u00a0<\/p>\n<p>Maakunnista k\u00e4rjess\u00e4 on Pohjanmaa, seuraavina Varsinais-Suomi ja Pirkanmaa. Uusimaa sijoittuu nelj\u00e4nneksi, vaikka sit\u00e4 pidet\u00e4\u00e4n maan talousveturina.<\/p>\n<p>Mittaristossa tarkasteltiin seitsem\u00e4\u00e4 osa-aluetta: vapaa-aikaa, terveytt\u00e4, tulotasoa, asumista, ty\u00f6llisyytt\u00e4, osallistumista sek\u00e4 turvallisuutta.\u00a0<\/p>\n<p>K\u00e4rkip\u00e4\u00e4n kunnat olivat tasaisen vahvoja kaikilla osa-alueilla, kun taas heikommin p\u00e4rj\u00e4nneiss\u00e4 kunnissa korostuivat pitk\u00e4aikaisty\u00f6tt\u00f6myys, sairastavuus ja v\u00e4est\u00f6kato. Laester\u00e4n mukaan ongelmat kasaantuvat usein samoille alueille.<\/p>\n<p>Yksi kiinnostavimmista havainnoista on se, ettei raha yksin ratkaise. Korkeat valtionosuudet tai suuret panostukset palveluihin eiv\u00e4t automaattisesti takaa korkeaa sijoitusta. Toisaalta osa kunnista p\u00e4rj\u00e4\u00e4 erinomaisesti ilman massiivisia investointeja.\u00a0<\/p>\n<p>Selvitys osoittaa, ett\u00e4 elinvoima, yhteis\u00f6llisyys ja tasapainoinen kehitys voivat painaa vaakakupissa enemm\u00e4n kuin pelk\u00e4t eurot.<\/p>\n<p>L\u00e4hde: <a href=\"https:\/\/yle.fi\/a\/74-20209190\" rel=\"nofollow noopener\" target=\"_blank\">Yle<\/a><\/p>\n","protected":false},"excerpt":{"rendered":"Suomen kunnat on nyt ensimm\u00e4ist\u00e4 kertaa listattu sosiaalisen oikeudenmukaisuuden perusteella, ja tulokset yll\u00e4tt\u00e4v\u00e4t.\u00a0 Manner-Suomen 292 kuntaa kattavan selvityksen&hellip;\n","protected":false},"author":2,"featured_media":172262,"comment_status":"","ping_status":"","sticky":false,"template":"","format":"standard","meta":{"footnotes":"","_share_on_mastodon":"0"},"categories":[133],"tags":[137,33,31,30,12699,32,206,156,2287,109],"class_list":["post-172261","post","type-post","status-publish","format-standard","has-post-thumbnail","category-televisiot","tag-entertainment","tag-fi","tag-finland","tag-finnish","tag-kunta","tag-suomi","tag-televisiot","tag-tv","tag-tyu00f6llisyys","tag-viihde"],"share_on_mastodon":{"url":"https:\/\/pubeurope.com\/@fi\/116085793973081804","error":""},"_links":{"self":[{"href":"https:\/\/www.europesays.com\/fi\/wp-json\/wp\/v2\/posts\/172261","targetHints":{"allow":["GET"]}}],"collection":[{"href":"https:\/\/www.europesays.com\/fi\/wp-json\/wp\/v2\/posts"}],"about":[{"href":"https:\/\/www.europesays.com\/fi\/wp-json\/wp\/v2\/types\/post"}],"author":[{"embeddable":true,"href":"https:\/\/www.europesays.com\/fi\/wp-json\/wp\/v2\/users\/2"}],"replies":[{"embeddable":true,"href":"https:\/\/www.europesays.com\/fi\/wp-json\/wp\/v2\/comments?post=172261"}],"version-history":[{"count":0,"href":"https:\/\/www.europesays.com\/fi\/wp-json\/wp\/v2\/posts\/172261\/revisions"}],"wp:featuredmedia":[{"embeddable":true,"href":"https:\/\/www.europesays.com\/fi\/wp-json\/wp\/v2\/media\/172262"}],"wp:attachment":[{"href":"https:\/\/www.europesays.com\/fi\/wp-json\/wp\/v2\/media?parent=172261"}],"wp:term":[{"taxonomy":"category","embeddable":true,"href":"https:\/\/www.europesays.com\/fi\/wp-json\/wp\/v2\/categories?post=172261"},{"taxonomy":"post_tag","embeddable":true,"href":"https:\/\/www.europesays.com\/fi\/wp-json\/wp\/v2\/tags?post=172261"}],"curies":[{"name":"wp","href":"https:\/\/api.w.org\/{rel}","templated":true}]}}