{"id":172530,"date":"2026-02-17T19:08:12","date_gmt":"2026-02-17T19:08:12","guid":{"rendered":"https:\/\/www.europesays.com\/fi\/172530\/"},"modified":"2026-02-17T19:08:12","modified_gmt":"2026-02-17T19:08:12","slug":"robert-duvall-95-on-kuollut","status":"publish","type":"post","link":"https:\/\/www.europesays.com\/fi\/172530\/","title":{"rendered":"Robert Duvall, 95, on kuollut"},"content":{"rendered":"<p>N\u00e4yttelij\u00e4 <strong>Robert Duvall <\/strong>on kuollut. H\u00e4n oli 95-vuotias. Uutisesta kertoi muun muassa <a href=\"https:\/\/edition.cnn.com\/2026\/02\/16\/entertainment\/robert-duvall-death\" rel=\"nofollow noopener\" target=\"_blank\">CNN<\/a>. Median mukaan h\u00e4n kuoli rauhallisesti kotonaan.<\/p>\n<p>Robert Duvall n\u00e4ytteli seitsem\u00e4ll\u00e4 vuosikymmenell\u00e4. H\u00e4nen varhaisimpiin rooleihinsa lukeutuu rooli klassikossa Kuin surmaisi satakielen. Tom Hagenin rooli Kummised\u00e4ss\u00e4 toi n\u00e4yttelij\u00e4lle h\u00e4nen ensimm\u00e4isen Oscar-ehdokkuutensa.<\/p>\n<p>Seitsem\u00e4n Oscar-ehdokkuutta uransa aikana saanut Duvall voitti palkinnon parhaasta miesp\u00e4\u00e4osasta elokuvasta Kantrin kaipuu. Viimeinen ehdokkuus h\u00e4nelle tuli elokuvasta The Judge.<\/p>\n<p>Edellisten lis\u00e4ksi Duvall on n\u00e4ytellyt muun muassa elokuvissa Ilmestyskirja. Nyt, THX 1138, Joe Kidd, Keskustelu, Network \u2013\u00a0Kasvot kuvaruudussa, The Natural \u2013 voittajan paluu, Rankka p\u00e4iv\u00e4 ja Crazy Heart. H\u00e4nen viimeiseksi roolikseen j\u00e4i The Pale Blue Eyes.<\/p>\n<p><a href=\"https:\/\/www.episodi.fi\/uutiset\/harold-and-mauden-elokuvan-tahti-bud-cort-on-kuollut-77-vuotiaana\/\" rel=\"nofollow noopener\" target=\"_blank\">Lue my\u00f6s: Harold ja Maude -elokuvan t\u00e4hti Bud Cort on kuollut 77-vuotiaana<\/a><\/p>\n<p>Lue my\u00f6s: <a href=\"https:\/\/www.episodi.fi\/uutiskirje\/?uutiskirjemainos=tekstilinkkimainos\" title=\"Tilaa Episodin uutiskirje ja voit voittaa leffalippuja! Nappaa tv-vinkit suoraan s\u00e4hk\u00f6postiin t\u00e4st\u00e4.\" class=\"underline-custom !font-montserrat !font-bold !underline-offset-4 !decoration-4 !decoration-episodi-blue !text-md\" rel=\"nofollow noopener\" target=\"_blank\">Tilaa Episodin uutiskirje ja voit voittaa leffalippuja! Nappaa katseluvinkit suoraan s\u00e4hk\u00f6postiin t\u00e4st\u00e4.<\/a><\/p>\n<p>\t\t\tAiheeseen liittyvi\u00e4 elokuvia<\/p>\n<p>                                        <a href=\"https:\/\/www.episodi.fi\/elokuvat\/ilmestyskirja-nyt-final-cut\/\" rel=\"bookmark nofollow noopener\" target=\"_blank\"><br \/>\n                    <img loading=\"lazy\" height=\"190\" width=\"133\" class=\"sp-no-webp attachment-lg_poster size-lg_poster wp-post-image sp-no-webp perfmatters-lazy\" alt=\"\" decoding=\"async\" src=\"https:\/\/www.europesays.com\/fi\/wp-content\/uploads\/2026\/02\/ilmestyskirja-final-cut-juliste-133x190.jpg\"  data-\/>                     <\/a><\/p>\n<p>                                        <a href=\"https:\/\/www.episodi.fi\/elokuvat\/judge\/\" rel=\"bookmark nofollow noopener\" target=\"_blank\"><br \/>\n                    <img loading=\"lazy\" height=\"190\" width=\"127\" class=\"sp-no-webp attachment-lg_poster size-lg_poster wp-post-image sp-no-webp perfmatters-lazy\" alt=\"\" decoding=\"async\" src=\"https:\/\/www.europesays.com\/fi\/wp-content\/uploads\/2026\/02\/the_Judge_juliste-127x190.jpg\"  data-\/>                     <\/a><\/p>\n","protected":false},"excerpt":{"rendered":"N\u00e4yttelij\u00e4 Robert Duvall on kuollut. H\u00e4n oli 95-vuotias. Uutisesta kertoi muun muassa CNN. Median mukaan h\u00e4n kuoli rauhallisesti&hellip;\n","protected":false},"author":2,"featured_media":172531,"comment_status":"","ping_status":"","sticky":false,"template":"","format":"standard","meta":{"footnotes":"","_share_on_mastodon":"0"},"categories":[131],"tags":[155,137,33,173,31,30,6302,4244,172,32,109],"class_list":["post-172530","post","type-post","status-publish","format-standard","has-post-thumbnail","category-elokuvat","tag-elokuvat","tag-entertainment","tag-fi","tag-film","tag-finland","tag-finnish","tag-ignostot","tag-in-memoriam","tag-movies","tag-suomi","tag-viihde"],"share_on_mastodon":{"url":"https:\/\/pubeurope.com\/@fi\/116087547685383218","error":""},"_links":{"self":[{"href":"https:\/\/www.europesays.com\/fi\/wp-json\/wp\/v2\/posts\/172530","targetHints":{"allow":["GET"]}}],"collection":[{"href":"https:\/\/www.europesays.com\/fi\/wp-json\/wp\/v2\/posts"}],"about":[{"href":"https:\/\/www.europesays.com\/fi\/wp-json\/wp\/v2\/types\/post"}],"author":[{"embeddable":true,"href":"https:\/\/www.europesays.com\/fi\/wp-json\/wp\/v2\/users\/2"}],"replies":[{"embeddable":true,"href":"https:\/\/www.europesays.com\/fi\/wp-json\/wp\/v2\/comments?post=172530"}],"version-history":[{"count":0,"href":"https:\/\/www.europesays.com\/fi\/wp-json\/wp\/v2\/posts\/172530\/revisions"}],"wp:featuredmedia":[{"embeddable":true,"href":"https:\/\/www.europesays.com\/fi\/wp-json\/wp\/v2\/media\/172531"}],"wp:attachment":[{"href":"https:\/\/www.europesays.com\/fi\/wp-json\/wp\/v2\/media?parent=172530"}],"wp:term":[{"taxonomy":"category","embeddable":true,"href":"https:\/\/www.europesays.com\/fi\/wp-json\/wp\/v2\/categories?post=172530"},{"taxonomy":"post_tag","embeddable":true,"href":"https:\/\/www.europesays.com\/fi\/wp-json\/wp\/v2\/tags?post=172530"}],"curies":[{"name":"wp","href":"https:\/\/api.w.org\/{rel}","templated":true}]}}