{"id":17275,"date":"2025-08-27T00:46:14","date_gmt":"2025-08-27T00:46:14","guid":{"rendered":"https:\/\/www.europesays.com\/fi\/17275\/"},"modified":"2025-08-27T00:46:14","modified_gmt":"2025-08-27T00:46:14","slug":"nuoruus-hupeni-haavetta-toteuttaessa-ari-savosen-kauhuleffaa-tehtiin-11-vuotta-uutissuomalainen","status":"publish","type":"post","link":"https:\/\/www.europesays.com\/fi\/17275\/","title":{"rendered":"Nuoruus hupeni haavetta toteuttaessa \u2013 Ari Savosen kauhuleffaa tehtiin 11 vuotta | Uutissuomalainen"},"content":{"rendered":"<p>Ohjaaja Ari Savosen elokuva oli tuskien taival, jossa melkein kaikki mahdollinen meni m\u00f6nk\u00e4\u00e4n<\/p>\n<p>Jos joku laatisi k\u00e4sikirjoituksen <strong>Ari Savosen<\/strong>, 38, esikoiselokuvan teossa syntyneist\u00e4 vastoink\u00e4ymisist\u00e4, se olisi suorastaan ep\u00e4uskottava.<\/p>\n<p>Voiko noin moni asiaa menn\u00e4 p\u00e4in honkia? Ja jos voi, niin mik\u00e4 ihme saa miehen jatkamaan ponnisteluja?<\/p>\n<p><strong class=\"diks-storyline__impact\">Jos lampi kuivuu <\/strong>kesken kuvausten, tuotantoryhm\u00e4 matkaa v\u00e4\u00e4r\u00e4\u00e4n kansallispuistoon, jakelija lopettaa toimintansa, tekij\u00e4t j\u00e4tt\u00e4v\u00e4t produktion kesken ja maailma pys\u00e4htyy koronaan, voisi jo kuvitella, ett\u00e4 universumi haluaa sanoa ei: \u00e4l\u00e4 tee t\u00e4t\u00e4 elokuvaa.<\/p>\n<p>Mutta Savonen teki.<\/p>\n","protected":false},"excerpt":{"rendered":"Ohjaaja Ari Savosen elokuva oli tuskien taival, jossa melkein kaikki mahdollinen meni m\u00f6nk\u00e4\u00e4n Jos joku laatisi k\u00e4sikirjoituksen Ari&hellip;\n","protected":false},"author":2,"featured_media":17276,"comment_status":"","ping_status":"","sticky":false,"template":"","format":"standard","meta":{"footnotes":""},"categories":[136],"tags":[407,623,155,1256,137,33,31,30,408,763,154,4069,32,397,484,156,109],"class_list":{"0":"post-17275","1":"post","2":"type-post","3":"status-publish","4":"format-standard","5":"has-post-thumbnail","7":"category-julkkikset","8":"tag-celebrities","9":"tag-elokuva","10":"tag-elokuvat","11":"tag-elokuvateollisuus","12":"tag-entertainment","13":"tag-fi","14":"tag-finland","15":"tag-finnish","16":"tag-julkkikset","17":"tag-kulttuuri-ja-viihde","18":"tag-nayttelijat-teatteri","19":"tag-sunnuntaisuomalainen","20":"tag-suomi","21":"tag-taide","22":"tag-taiteellinen-ilmaisu-ja-mediat","23":"tag-tv","24":"tag-viihde"},"share_on_mastodon":{"url":"","error":""},"_links":{"self":[{"href":"https:\/\/www.europesays.com\/fi\/wp-json\/wp\/v2\/posts\/17275","targetHints":{"allow":["GET"]}}],"collection":[{"href":"https:\/\/www.europesays.com\/fi\/wp-json\/wp\/v2\/posts"}],"about":[{"href":"https:\/\/www.europesays.com\/fi\/wp-json\/wp\/v2\/types\/post"}],"author":[{"embeddable":true,"href":"https:\/\/www.europesays.com\/fi\/wp-json\/wp\/v2\/users\/2"}],"replies":[{"embeddable":true,"href":"https:\/\/www.europesays.com\/fi\/wp-json\/wp\/v2\/comments?post=17275"}],"version-history":[{"count":0,"href":"https:\/\/www.europesays.com\/fi\/wp-json\/wp\/v2\/posts\/17275\/revisions"}],"wp:featuredmedia":[{"embeddable":true,"href":"https:\/\/www.europesays.com\/fi\/wp-json\/wp\/v2\/media\/17276"}],"wp:attachment":[{"href":"https:\/\/www.europesays.com\/fi\/wp-json\/wp\/v2\/media?parent=17275"}],"wp:term":[{"taxonomy":"category","embeddable":true,"href":"https:\/\/www.europesays.com\/fi\/wp-json\/wp\/v2\/categories?post=17275"},{"taxonomy":"post_tag","embeddable":true,"href":"https:\/\/www.europesays.com\/fi\/wp-json\/wp\/v2\/tags?post=17275"}],"curies":[{"name":"wp","href":"https:\/\/api.w.org\/{rel}","templated":true}]}}