{"id":17303,"date":"2025-08-27T01:23:15","date_gmt":"2025-08-27T01:23:15","guid":{"rendered":"https:\/\/www.europesays.com\/fi\/17303\/"},"modified":"2025-08-27T01:23:15","modified_gmt":"2025-08-27T01:23:15","slug":"hok-elanto-avasi-nelja-uutta-ravintolaa-takana-hyvin-alkanut-alkuvuosi-paikalliset","status":"publish","type":"post","link":"https:\/\/www.europesays.com\/fi\/17303\/","title":{"rendered":"HOK-Elanto avasi nelj\u00e4 uutta ravintolaa\u2009\u2013\u2009takana hyvin alkanut alkuvuosi | Paikalliset"},"content":{"rendered":"<p>HOK-Elannon liikevaihto kasvoi vuoden ensimm\u00e4isell\u00e4 puoliskolla 0,7 prosenttia ja oli 1,3 miljardia euroa. My\u00f6s uusia asiakasomistajia tuli lis\u00e4\u00e4, k\u00e4y ilmi konsernin puolivuosikatsauksesta.<\/p>\n<p>HOK-Elannon vuosi 2025 on l\u00e4htenyt vahvasti k\u00e4yntiin, k\u00e4y ilmi t\u00e4n\u00e4\u00e4n julkaistusta konsernin puolivuosikatsauksesta. Tammi-kes\u00e4kuussa HOK-Elantoon liittyi yli 18\u2009000 uutta asiakasomistajaa ja bonusta sek\u00e4 maksutapaetua maksettiin l\u00e4hes 46 miljoonaa euroa.<\/p>\n","protected":false},"excerpt":{"rendered":"HOK-Elannon liikevaihto kasvoi vuoden ensimm\u00e4isell\u00e4 puoliskolla 0,7 prosenttia ja oli 1,3 miljardia euroa. My\u00f6s uusia asiakasomistajia tuli lis\u00e4\u00e4,&hellip;\n","protected":false},"author":2,"featured_media":17304,"comment_status":"","ping_status":"","sticky":false,"template":"","format":"standard","meta":{"footnotes":""},"categories":[76],"tags":[79,77,33,31,30,403,6486,3466,2870,6487,1320,614,32,78],"class_list":{"0":"post-17303","1":"post","2":"type-post","3":"status-publish","4":"format-standard","5":"has-post-thumbnail","7":"category-talous","8":"tag-business","9":"tag-economy","10":"tag-fi","11":"tag-finland","12":"tag-finnish","13":"tag-helsingin-seutu","14":"tag-hok-elanto","15":"tag-investoinnit","16":"tag-kaupankaynti","17":"tag-liiketulos","18":"tag-liikevaihto","19":"tag-maakunta-uusimaa","20":"tag-suomi","21":"tag-talous"},"share_on_mastodon":{"url":"","error":""},"_links":{"self":[{"href":"https:\/\/www.europesays.com\/fi\/wp-json\/wp\/v2\/posts\/17303","targetHints":{"allow":["GET"]}}],"collection":[{"href":"https:\/\/www.europesays.com\/fi\/wp-json\/wp\/v2\/posts"}],"about":[{"href":"https:\/\/www.europesays.com\/fi\/wp-json\/wp\/v2\/types\/post"}],"author":[{"embeddable":true,"href":"https:\/\/www.europesays.com\/fi\/wp-json\/wp\/v2\/users\/2"}],"replies":[{"embeddable":true,"href":"https:\/\/www.europesays.com\/fi\/wp-json\/wp\/v2\/comments?post=17303"}],"version-history":[{"count":0,"href":"https:\/\/www.europesays.com\/fi\/wp-json\/wp\/v2\/posts\/17303\/revisions"}],"wp:featuredmedia":[{"embeddable":true,"href":"https:\/\/www.europesays.com\/fi\/wp-json\/wp\/v2\/media\/17304"}],"wp:attachment":[{"href":"https:\/\/www.europesays.com\/fi\/wp-json\/wp\/v2\/media?parent=17303"}],"wp:term":[{"taxonomy":"category","embeddable":true,"href":"https:\/\/www.europesays.com\/fi\/wp-json\/wp\/v2\/categories?post=17303"},{"taxonomy":"post_tag","embeddable":true,"href":"https:\/\/www.europesays.com\/fi\/wp-json\/wp\/v2\/tags?post=17303"}],"curies":[{"name":"wp","href":"https:\/\/api.w.org\/{rel}","templated":true}]}}