{"id":173138,"date":"2026-02-18T11:45:07","date_gmt":"2026-02-18T11:45:07","guid":{"rendered":"https:\/\/www.europesays.com\/fi\/173138\/"},"modified":"2026-02-18T11:45:07","modified_gmt":"2026-02-18T11:45:07","slug":"apteekkiryosto-jai-yritykseksi-turussa-poliisi-otti-epaillyn-nopeasti-kiinni-varsinais-suomi","status":"publish","type":"post","link":"https:\/\/www.europesays.com\/fi\/173138\/","title":{"rendered":"Apteekkiry\u00f6st\u00f6 j\u00e4i yritykseksi Turussa \u2013 poliisi otti ep\u00e4illyn nopeasti kiinni | Varsinais-Suomi"},"content":{"rendered":"<p class=\"aw-1gybjub aw-5vja16 kEtdKx kmuxyA yle__article__paragraph\">Mies oli mennyt apteekkiin ja uhannut v\u00e4kivaltaa k\u00e4ytt\u00e4m\u00e4ll\u00e4 ry\u00f6st\u00e4\u00e4 liikkeen.<\/p>\n<p><img decoding=\"async\" alt=\"Poliisin pakettiautomallinen partioauto.\" src=\"https:\/\/www.europesays.com\/fi\/wp-content\/uploads\/2026\/02\/39-141832767a6001b96d23.jpeg\" class=\"aw-1l9m598 hKVVvP\"\/><\/p>\n<p>Avaa kuvien katselu<\/p>\n<p>Poliisi ep\u00e4ilee miest\u00e4 ry\u00f6st\u00f6n yrityksest\u00e4. Kuvituskuva. Kuva: Ari Welling \/ Yle<\/p>\n<p class=\"aw-1gybjub aw-1p7kakr kEtdKx cEmitX yle__article__paragraph\">Lounais-Suomen poliisi otti keskiviikkona kiinni apteekkiry\u00f6st\u00f6st\u00e4 ep\u00e4illyn miehen.<\/p>\n<p class=\"aw-1gybjub aw-1p7kakr kEtdKx cEmitX yle__article__paragraph\">Poliisi kertoo tiedotteessa saaneensa ennen kello 11 ilmoituksen ry\u00f6st\u00f6st\u00e4 Turussa Kunnallissairaalantiell\u00e4 sijaitsevassa apteekissa.<\/p>\n<p class=\"aw-1gybjub aw-1p7kakr kEtdKx cEmitX yle__article__paragraph\">Tapahtumapaikalla selvisi, ett\u00e4 mies oli mennyt apteekkiin ja uhannut v\u00e4kivaltaa k\u00e4ytt\u00e4m\u00e4ll\u00e4 ry\u00f6st\u00e4\u00e4 liikkeen. Teko j\u00e4i yrityksen asteelle. Kukaan ei loukkaantunut tapahtuman yhteydess\u00e4.<\/p>\n<p class=\"aw-1gybjub aw-1p7kakr kEtdKx cEmitX yle__article__paragraph\">Poliisi otti ep\u00e4illyn tekij\u00e4n kiinni nopeasti tapahtumapaikan l\u00e4heisyydest\u00e4. Miest\u00e4 ep\u00e4ill\u00e4\u00e4n ry\u00f6st\u00f6n yrityksest\u00e4.<\/p>\n<p class=\"aw-1gybjub aw-1p7kakr kEtdKx cEmitX yle__article__paragraph\">Poliisi jatkaa asian selvitt\u00e4mist\u00e4.<\/p>\n","protected":false},"excerpt":{"rendered":"Mies oli mennyt apteekkiin ja uhannut v\u00e4kivaltaa k\u00e4ytt\u00e4m\u00e4ll\u00e4 ry\u00f6st\u00e4\u00e4 liikkeen. Avaa kuvien katselu Poliisi ep\u00e4ilee miest\u00e4 ry\u00f6st\u00f6n yrityksest\u00e4.&hellip;\n","protected":false},"author":2,"featured_media":173139,"comment_status":"","ping_status":"","sticky":false,"template":"","format":"standard","meta":{"footnotes":"","_share_on_mastodon":"0"},"categories":[12],"tags":[7848,28168,22,23,26,27,33,31,30,17,24,25,28,29,15,18,21,1283,1263,32,19,20,662,16,663],"class_list":["post-173138","post","type-post","status-publish","format-standard","has-post-thumbnail","category-suomi","tag-apteekit","tag-apteekkiryosto","tag-breaking-news","tag-breakingnews","tag-featured-news","tag-featurednews","tag-fi","tag-finland","tag-finnish","tag-headlines","tag-latest-news","tag-latestnews","tag-main-news","tag-mainnews","tag-news","tag-otsikot","tag-paauutiset","tag-poliisitutkinta","tag-rikosepailyt","tag-suomi","tag-top-stories","tag-topstories","tag-turku","tag-uutiset","tag-varsinais-suomi"],"share_on_mastodon":{"url":"https:\/\/pubeurope.com\/@fi\/116091468227891317","error":""},"_links":{"self":[{"href":"https:\/\/www.europesays.com\/fi\/wp-json\/wp\/v2\/posts\/173138","targetHints":{"allow":["GET"]}}],"collection":[{"href":"https:\/\/www.europesays.com\/fi\/wp-json\/wp\/v2\/posts"}],"about":[{"href":"https:\/\/www.europesays.com\/fi\/wp-json\/wp\/v2\/types\/post"}],"author":[{"embeddable":true,"href":"https:\/\/www.europesays.com\/fi\/wp-json\/wp\/v2\/users\/2"}],"replies":[{"embeddable":true,"href":"https:\/\/www.europesays.com\/fi\/wp-json\/wp\/v2\/comments?post=173138"}],"version-history":[{"count":0,"href":"https:\/\/www.europesays.com\/fi\/wp-json\/wp\/v2\/posts\/173138\/revisions"}],"wp:featuredmedia":[{"embeddable":true,"href":"https:\/\/www.europesays.com\/fi\/wp-json\/wp\/v2\/media\/173139"}],"wp:attachment":[{"href":"https:\/\/www.europesays.com\/fi\/wp-json\/wp\/v2\/media?parent=173138"}],"wp:term":[{"taxonomy":"category","embeddable":true,"href":"https:\/\/www.europesays.com\/fi\/wp-json\/wp\/v2\/categories?post=173138"},{"taxonomy":"post_tag","embeddable":true,"href":"https:\/\/www.europesays.com\/fi\/wp-json\/wp\/v2\/tags?post=173138"}],"curies":[{"name":"wp","href":"https:\/\/api.w.org\/{rel}","templated":true}]}}