{"id":173505,"date":"2026-02-18T21:12:13","date_gmt":"2026-02-18T21:12:13","guid":{"rendered":"https:\/\/www.europesays.com\/fi\/173505\/"},"modified":"2026-02-18T21:12:13","modified_gmt":"2026-02-18T21:12:13","slug":"helsingin-kulttuurikeskuksilta-ennatyslukemat-tama-tapahtumissa-houkuttelee-paikalliset","status":"publish","type":"post","link":"https:\/\/www.europesays.com\/fi\/173505\/","title":{"rendered":"Helsingin kulttuurikeskuksilta enn\u00e4tyslukemat \u2013\u2009t\u00e4m\u00e4 tapahtumissa houkuttelee | Paikalliset"},"content":{"rendered":"<p>Helsingin kulttuurikeskukset saivat vuoden 2025 aikana kaikkien aikojen k\u00e4vij\u00e4enn\u00e4tyksen. Tapahtumissa vieraili kaikkiaan 924 100 k\u00e4vij\u00e4\u00e4. Edellisvuonna 2024 k\u00e4vij\u00f6it\u00e4 oli 862 900.<\/p>\n<p>Edellinen k\u00e4vij\u00e4enn\u00e4tys saatiin vuonna 2019, jolloin k\u00e4vij\u00f6it\u00e4 oli 873 600. K\u00e4vij\u00f6iden tilastointi nykyisell\u00e4 menetelm\u00e4ll\u00e4 aloitettiin samana vuonna.<\/p>\n<p>K\u00e4vij\u00e4m\u00e4\u00e4r\u00e4t koostuvat Annantalon, Caisan, Kanneltalon, Malmitalon, Maunula-talon, Savoy-teatterin, Stoan ja Vuotalon tapahtumien k\u00e4vij\u00f6ist\u00e4. My\u00f6s Espan lavan konserttik\u00e4vij\u00e4t on laskettu mukaan.<\/p>\n<p><strong class=\"diks-storyline__impact\">Yleis\u00f6n suosikkeja <\/strong>olivat konsertit ja maksuttomat tapahtumap\u00e4iv\u00e4t. Kovimpiin vetonauloihin kuuluivat muun muassa Pelle Miljoona Band, <strong>Maria Ylip\u00e4\u00e4 &amp; Marzi Nyman<\/strong>, <strong>Erja Lyytinen<\/strong> ja <strong>Asa<\/strong>. Tapahtumia kulttuurikeskuksissa j\u00e4rjestettiin yli 4200.<\/p>\n<p>Kaupungin tiedotteen mukaan enn\u00e4tys on laajan tarjonnan, laadukkaan sis\u00e4ll\u00f6n ja edullisten lippujen ansiota. Heikossa taloustilanteessa rahank\u00e4ytt\u00f6\u00e4 mietit\u00e4\u00e4n tarkemmin, joten lippujen edullisuus toi saavutettavuutta.<\/p>\n<p><strong class=\"diks-storyline__impact\">Kulttuurikeskuksissa j\u00e4rjestet\u00e4\u00e4n<\/strong> my\u00f6s vuonna 2026 tuhansia tapahtumia, joihin lukeutuu konsertteja, elokuvia, teatteria, tanssia, n\u00e4yttelyit\u00e4, luentoja ja ty\u00f6pajoja.<\/p>\n<p>Helmikuussa avautuu muun muassa Vuotaloon yleis\u00f6menestykseksi noussut Helsingin kaupunginmuseon kierr\u00e4tysn\u00e4yttely Roskaa! \u2013 Mit\u00e4 j\u00e4t\u00e4mme j\u00e4lkeemme, jonka ty\u00f6pajassa loihditaan j\u00e4tteest\u00e4 taidetta.<\/p>\n<p>Maaliskuussa j\u00e4rjestet\u00e4\u00e4n Caisan 30-vuotissyntym\u00e4p\u00e4iv\u00e4n kunniaksi juhlaseminaari.<\/p>\n<p>Annantalolla, Kanneltalolla, Malmitalolla, Stoassa ja Vuotalolla taas n\u00e4hd\u00e4\u00e4n samassa kuussa kansainv\u00e4linen Bravo!-festivaali, josta l\u00f6ytyy esitt\u00e4v\u00e4\u00e4 taidetta lapsille ja nuorille.<\/p>\n","protected":false},"excerpt":{"rendered":"Helsingin kulttuurikeskukset saivat vuoden 2025 aikana kaikkien aikojen k\u00e4vij\u00e4enn\u00e4tyksen. Tapahtumissa vieraili kaikkiaan 924 100 k\u00e4vij\u00e4\u00e4. Edellisvuonna 2024 k\u00e4vij\u00f6it\u00e4&hellip;\n","protected":false},"author":2,"featured_media":173506,"comment_status":"","ping_status":"","sticky":false,"template":"","format":"standard","meta":{"footnotes":"","_share_on_mastodon":"0"},"categories":[130],"tags":[137,33,31,30,28172,104,763,524,3092,47,32,397,2599,109],"class_list":["post-173505","post","type-post","status-publish","format-standard","has-post-thumbnail","category-viihde","tag-entertainment","tag-fi","tag-finland","tag-finnish","tag-helsingin-kulttuurikeskus","tag-helsinki","tag-kulttuuri-ja-viihde","tag-kulttuuri-ja-taidetapahtumat-ja-nayttelyt","tag-maunula","tag-musiikki","tag-suomi","tag-taide","tag-tapahtumat-ja-tapahtumatiedot","tag-viihde"],"share_on_mastodon":{"url":"https:\/\/pubeurope.com\/@fi\/116093697754611428","error":""},"_links":{"self":[{"href":"https:\/\/www.europesays.com\/fi\/wp-json\/wp\/v2\/posts\/173505","targetHints":{"allow":["GET"]}}],"collection":[{"href":"https:\/\/www.europesays.com\/fi\/wp-json\/wp\/v2\/posts"}],"about":[{"href":"https:\/\/www.europesays.com\/fi\/wp-json\/wp\/v2\/types\/post"}],"author":[{"embeddable":true,"href":"https:\/\/www.europesays.com\/fi\/wp-json\/wp\/v2\/users\/2"}],"replies":[{"embeddable":true,"href":"https:\/\/www.europesays.com\/fi\/wp-json\/wp\/v2\/comments?post=173505"}],"version-history":[{"count":0,"href":"https:\/\/www.europesays.com\/fi\/wp-json\/wp\/v2\/posts\/173505\/revisions"}],"wp:featuredmedia":[{"embeddable":true,"href":"https:\/\/www.europesays.com\/fi\/wp-json\/wp\/v2\/media\/173506"}],"wp:attachment":[{"href":"https:\/\/www.europesays.com\/fi\/wp-json\/wp\/v2\/media?parent=173505"}],"wp:term":[{"taxonomy":"category","embeddable":true,"href":"https:\/\/www.europesays.com\/fi\/wp-json\/wp\/v2\/categories?post=173505"},{"taxonomy":"post_tag","embeddable":true,"href":"https:\/\/www.europesays.com\/fi\/wp-json\/wp\/v2\/tags?post=173505"}],"curies":[{"name":"wp","href":"https:\/\/api.w.org\/{rel}","templated":true}]}}