{"id":17351,"date":"2025-08-27T02:43:08","date_gmt":"2025-08-27T02:43:08","guid":{"rendered":"https:\/\/www.europesays.com\/fi\/17351\/"},"modified":"2025-08-27T02:43:08","modified_gmt":"2025-08-27T02:43:08","slug":"hs-lapseni-ei-voi-olla-koulussa-ilman-puhelinta-paniikkikohtauksien-takia-kertoo-aiti-uutissuomalainen","status":"publish","type":"post","link":"https:\/\/www.europesays.com\/fi\/17351\/","title":{"rendered":"HS: Lapseni ei voi olla koulussa ilman puhelinta paniikkikohtauksien takia, kertoo \u00e4iti | Uutissuomalainen"},"content":{"rendered":"<p>Osa nuorista tarvitsee k\u00e4nnykk\u00e4\u00e4 koulup\u00e4iv\u00e4n aikana todelliseen terveydelliseen tarpeeseen, muistuttaa <a href=\"https:\/\/www.hs.fi\/suomi\/art-2000011451550.html\" rel=\"nofollow noopener\" target=\"_blank\">Helsingin Sanomien<\/a> haastattelema espoolais\u00e4iti, jonka lapsi k\u00e4y yhdeks\u00e4tt\u00e4 luokkaa. \u00c4iti on kokenut v\u00e4h\u00e4tteleviksi julkisuudessa olleet n\u00e4kemykset siit\u00e4, ett\u00e4 perheet hakisivat kevein perustein l\u00e4\u00e4k\u00e4rinlausuntoja, jotta lapsi saa k\u00e4ytt\u00e4\u00e4 puhelinta my\u00f6s koulup\u00e4iv\u00e4n aikana.<\/p>\n<p>Maanantaina my\u00f6s <a href=\"https:\/\/www.uutissuomalainen.fi\/uutissuomalainen\/8793538\" rel=\"nofollow noopener\" target=\"_blank\">Uutissuomalainen kertoi<\/a> L\u00e4\u00e4k\u00e4rilehden jutusta, jonka mukaan l\u00e4\u00e4k\u00e4reille on alkanut tulla lausuntopyynt\u00f6j\u00e4, jotta lapsi saisi k\u00e4ytt\u00e4\u00e4 k\u00e4nnykk\u00e4\u00e4 koulup\u00e4iv\u00e4n aikana. Jutussa Tampereen yliopiston nuorisopsykiatrian professori, ylil\u00e4\u00e4k\u00e4ri <strong>Riittakerttu Kaltiala <\/strong>sanoi, ettei mik\u00e4\u00e4n mielenterveydenh\u00e4iri\u00f6 edellyt\u00e4 nuoruusik\u00e4iselt\u00e4 erist\u00e4ytymist\u00e4 k\u00e4nnykk\u00e4kuplaan.<\/p>\n<p>HS:n haastatteleman \u00e4idin mielest\u00e4 Kaltialan kommenteista ei v\u00e4lity ymm\u00e4rrys mielenterveysh\u00e4iri\u00f6iden kanssa kamppailevan nuoren arjesta. H\u00e4nen lapsellaan on diagnosoitu vakava masennus ja ahdistuneisuush\u00e4iri\u00f6, ja lapsi saa \u00e4itins\u00e4 mukaan paniikkikohtauksia koulussa miltei p\u00e4ivitt\u00e4in. N\u00e4iss\u00e4 tilanteissa \u00e4idin tavoittaminen puhelimella on t\u00e4rke\u00e4\u00e4, jotta lapsi p\u00e4\u00e4see tunnetilasta yli.<\/p>\n<p>\u2013\u2009Jos puhelinta ei olisi, vaihtoehto olisi l\u00e4hte\u00e4 koulusta kotiin, \u00e4iti huomauttaa.<\/p>\n<p>Kaltiala esitti L\u00e4\u00e4k\u00e4rilehden haastattelussa, ett\u00e4 tilanteet tulisi ratkoa &#8221;muilla tukitoimilla&#8221;. \u00c4iti ei pid\u00e4 t\u00e4t\u00e4 realistisena.<\/p>\n<p>\u2013\u2009Kun on huono ja ahdistunut olo, niin ei silloin l\u00e4het\u00e4 mit\u00e4\u00e4n terkkareita etsim\u00e4\u00e4n. Silloin pit\u00e4\u00e4 p\u00e4\u00e4st\u00e4 rauhalliseen paikkaan ensimm\u00e4iseksi.<\/p>\n<p>\u00c4idin kertoman mukaan puhelimen k\u00e4ytt\u00e4minen koulussa on ollut heid\u00e4n perheelleen paras ratkaisu, jotta nuori ylip\u00e4\u00e4t\u00e4\u00e4n pystyy k\u00e4ym\u00e4\u00e4n koulua.<\/p>\n<p>\t\t\t\t\t<img class=\"diks-card__image\" src=\"https:\/\/www.europesays.com\/fi\/wp-content\/uploads\/2025\/08\/1756262588_442_10999234.jpg\" loading=\"lazy\"   decoding=\"sync\" alt=\"\"\/><\/p>\n","protected":false},"excerpt":{"rendered":"Osa nuorista tarvitsee k\u00e4nnykk\u00e4\u00e4 koulup\u00e4iv\u00e4n aikana todelliseen terveydelliseen tarpeeseen, muistuttaa Helsingin Sanomien haastattelema espoolais\u00e4iti, jonka lapsi k\u00e4y yhdeks\u00e4tt\u00e4&hellip;\n","protected":false},"author":2,"featured_media":17352,"comment_status":"","ping_status":"","sticky":false,"template":"","format":"standard","meta":{"footnotes":""},"categories":[12],"tags":[22,23,26,27,33,31,30,17,104,101,757,100,24,25,28,29,15,18,21,98,32,551,712,19,20,16],"class_list":{"0":"post-17351","1":"post","2":"type-post","3":"status-publish","4":"format-standard","5":"has-post-thumbnail","7":"category-suomi","8":"tag-breaking-news","9":"tag-breakingnews","10":"tag-featured-news","11":"tag-featurednews","12":"tag-fi","13":"tag-finland","14":"tag-finnish","15":"tag-headlines","16":"tag-helsinki","17":"tag-ihmissuhteet","18":"tag-koulutus-ja-kasvatus","19":"tag-lapset-ja-nuoret","20":"tag-latest-news","21":"tag-latestnews","22":"tag-main-news","23":"tag-mainnews","24":"tag-news","25":"tag-otsikot","26":"tag-paauutiset","27":"tag-perhe","28":"tag-suomi","29":"tag-tampere","30":"tag-tampereen-seutukunta","31":"tag-top-stories","32":"tag-topstories","33":"tag-uutiset"},"share_on_mastodon":{"url":"","error":""},"_links":{"self":[{"href":"https:\/\/www.europesays.com\/fi\/wp-json\/wp\/v2\/posts\/17351","targetHints":{"allow":["GET"]}}],"collection":[{"href":"https:\/\/www.europesays.com\/fi\/wp-json\/wp\/v2\/posts"}],"about":[{"href":"https:\/\/www.europesays.com\/fi\/wp-json\/wp\/v2\/types\/post"}],"author":[{"embeddable":true,"href":"https:\/\/www.europesays.com\/fi\/wp-json\/wp\/v2\/users\/2"}],"replies":[{"embeddable":true,"href":"https:\/\/www.europesays.com\/fi\/wp-json\/wp\/v2\/comments?post=17351"}],"version-history":[{"count":0,"href":"https:\/\/www.europesays.com\/fi\/wp-json\/wp\/v2\/posts\/17351\/revisions"}],"wp:featuredmedia":[{"embeddable":true,"href":"https:\/\/www.europesays.com\/fi\/wp-json\/wp\/v2\/media\/17352"}],"wp:attachment":[{"href":"https:\/\/www.europesays.com\/fi\/wp-json\/wp\/v2\/media?parent=17351"}],"wp:term":[{"taxonomy":"category","embeddable":true,"href":"https:\/\/www.europesays.com\/fi\/wp-json\/wp\/v2\/categories?post=17351"},{"taxonomy":"post_tag","embeddable":true,"href":"https:\/\/www.europesays.com\/fi\/wp-json\/wp\/v2\/tags?post=17351"}],"curies":[{"name":"wp","href":"https:\/\/api.w.org\/{rel}","templated":true}]}}