{"id":17365,"date":"2025-08-27T03:10:11","date_gmt":"2025-08-27T03:10:11","guid":{"rendered":"https:\/\/www.europesays.com\/fi\/17365\/"},"modified":"2025-08-27T03:10:11","modified_gmt":"2025-08-27T03:10:11","slug":"katsojat-ylistavat-ylen-uutuutta-katsoin-koko-sarjan-kertaheitolla","status":"publish","type":"post","link":"https:\/\/www.europesays.com\/fi\/17365\/","title":{"rendered":"Katsojat ylist\u00e4v\u00e4t Ylen uutuutta: \u201dKatsoin koko sarjan kertaheitolla\u201d"},"content":{"rendered":"<p>Brittisarjasta Murhalaakso n\u00e4hd\u00e4\u00e4n t\u00e4n\u00e4\u00e4n toinen jakso.<\/p>\n<p><img decoding=\"async\" class=\"image image-show image-preview\" src=\"https:\/\/www.europesays.com\/fi\/wp-content\/uploads\/2025\/08\/420b47dcbf6875e87523a06de9ad35e340baeb184a97f537a34857b7b21f2678.jpg\" alt=\"\"\/><img decoding=\"async\" class=\"image image-show\" src=\"https:\/\/www.europesays.com\/fi\/wp-content\/uploads\/2025\/08\/1756264211_860_420b47dcbf6875e87523a06de9ad35e340baeb184a97f537a34857b7b21f2678.jpg\" alt=\"\"\/><\/p>\n<p>Murhalaaksoa t\u00e4hditt\u00e4v\u00e4t walesilainen Gwyneth Keyworth ja englantilainen Timothy Spall. Yle<\/p>\n<p class=\"paragraph\">Ylell\u00e4 alkoi viime viikolla uusi brittil\u00e4inen rikoskomediasarja Murhalaakso. Sarjan toinen jakso n\u00e4hd\u00e4\u00e4n t\u00e4n\u00e4 iltana TV1:ll\u00e4.<\/p>\n<p class=\"paragraph\"><a href=\"https:\/\/www.iltalehti.fi\/tv-ja-leffat\/d6be32be-288c-42ac-907a-d4a3c94c3689\" rel=\"nofollow noopener\" target=\"_blank\">Murhalaaksossa henkirikoksia Walesissa ratkovat<\/a> innokas ja puhelias ylikonstaapeli Janie Mallowen (<strong>Gwyneth Keyworth<\/strong>) sek\u00e4 televisioetsiv\u00e4 Caesarina tunnettu t\u00e4htin\u00e4yttelij\u00e4 John Chapel (<strong>Timothy Spall<\/strong>).<\/p>\n<p class=\"paragraph\">Kaksikon v\u00e4linen sanailu ja whodunnit-tyylinen komiikka on saanut suomalaiskatsojat puolelleen. Sarjaa kehutaan Yle Areenan julkisen <a href=\"https:\/\/www.facebook.com\/yleareena\/posts\/pfbid02yLe4Ts6Yp6vxYegHh6LSpeywHpT3ekobfGw7We3NfPkVqhHNX39cH7hhSR86sXrrl\" target=\"_blank\" rel=\"noopener nofollow\">Facebook-p\u00e4ivityksen<\/a> kommenteissa.<\/p>\n<p class=\"paragraph\">\u2013 Mukavan h\u00f6ps\u00f6, sellainen hyv\u00e4n mielen sarja ensimm\u00e4isen jakson perusteella.<\/p>\n<p class=\"paragraph\">\u2013 Koko kausi katsottu ja kyll\u00e4 oli hyv\u00e4! Kevytt\u00e4 huumoria, brittihuumoria taattua.<\/p>\n<p class=\"paragraph\">\u2013 Minusta oli hauskaa, ett\u00e4 tapahtumapaikka oli Wales murteineen. Ihan kiva, mutta riitt\u00e4v\u00e4n pitk\u00e4 sarja.<\/p>\n<p class=\"paragraph\">\u2013 Vau mik\u00e4 loistava yll\u00e4tys! Varmasti hauska ja taattua brittihuumoria.<\/p>\n<p class=\"paragraph\">\u2013 Katsoin koko sarjan kertahitolla.<\/p>\n<p class=\"paragraph\">\u2013 Hienot maisemat, miesp\u00e4\u00e4osan n\u00e4yttelij\u00e4 Timothy Spall hyv\u00e4ss\u00e4 vedossa. Mukavaa sanailua.<\/p>\n<p>Timothy Spallin roolisuoritus ker\u00e4\u00e4 suomalaiskatsojilta kehuja. Yle<\/p>\n<p class=\"paragraph\">Kiitosta saa my\u00f6s aivan erityinen taho.<\/p>\n<p class=\"paragraph\">\u2013 Suuret kiitokset sarjan suomentajalle, <strong>Tuula Frimanille<\/strong>. Ilman erinomaista suomennosta t\u00e4llainen sanailusarja j\u00e4isi tyhj\u00e4n p\u00e4\u00e4lle englantia kyllin hyvin taitamattomilta. Ylelle kiitos siit\u00e4, ett\u00e4 av-k\u00e4\u00e4nn\u00f6ksiin suhtaudutaan yh\u00e4 vakavasti.<\/p>\n<p class=\"paragraph\">Kaikkien katsojien arviot eiv\u00e4t toki ole yksinomaan ylist\u00e4vi\u00e4.<\/p>\n<p class=\"paragraph\">\u2013 Alun \u00e4rsytyksest\u00e4 ylip\u00e4\u00e4sty\u00e4 ihan kiva. Miesp\u00e4\u00e4osa on hyv\u00e4, nainen v\u00e4lill\u00e4 aika siet\u00e4m\u00e4t\u00f6n.<\/p>\n<p class=\"paragraph\">\u2013 Nuorille ehk\u00e4 kiva. Aikuiselle liian lapsellinen, mutta n\u00e4it\u00e4kin ohjelmia tarvitaan.<\/p>\n<p class=\"paragraph\">\u2013 No onhan Murhalaakso v\u00e4h\u00e4n h\u00f6ps\u00e4, mutta yhden jakson katsottuani tuli katseltua Areenasta kaikki jaksot. T\u00e4ytyy sanoa, ett\u00e4 tykk\u00e4sin kovasti.<\/p>\n<p class=\"paragraph\">\u2013 T\u00e4ysin p\u00f6hk\u00f6 ja hupsu sarja. Ei t\u00e4m\u00e4 oikein dekkarista k\u00e4y, pikemminkin mukava huumoripl\u00e4j\u00e4ys.<\/p>\n<p class=\"paragraph\">\u2013 En tyk\u00e4nnyt. H\u00f6pin\u00e4\u00e4 h\u00f6pin\u00e4n per\u00e4\u00e4n.<\/p>\n<p class=\"paragraph\">Suurelle yleis\u00f6lle Timothy Spall on tullut tunnetuksi muun muassa Harry Potter -elokuvien Matoh\u00e4nt\u00e4n\u00e4. Ylen kommenteissa moni muistaa Spallin kuitenkin 1980-luvun draamakomediasarjasta N\u00e4kemiin vaan, muru! ja toivoo sit\u00e4kin Areenaan katseltavaksi.<\/p>\n<p>John Chapel ja Janie Mallowen ratkovat murhia kepe\u00e4sti sanaillen. Yle<\/p>\n<p class=\"paragraph\">T\u00e4m\u00e4n illan Murhalaakso-jaksossa Janie Mallowanin \u00e4iti on liikkeell\u00e4 vaellusryhm\u00e4n kanssa, kun yksi joukon j\u00e4sen l\u00f6ytyy kuolleena vuoristopolulta. Mallowan pyyt\u00e4\u00e4 avukseen John Chapelin, joka ryhtyy innokkaasti selvitt\u00e4m\u00e4\u00e4n tapausta. Kieli-intoilijoiden iloksi jaksossa kuullaan englannin eri aksenttien lis\u00e4ksi my\u00f6s Walesissa puhuttavaa kymrin kielt\u00e4.<\/p>\n<p class=\"paragraph\">Murhalaakso t\u00e4n\u00e4\u00e4n TV1:ll\u00e4 kello 22.02 &amp; Areenassa. <a href=\"https:\/\/www.iltalehti.fi\/telkku\" rel=\"nofollow noopener\" target=\"_blank\">Katso kaikki TV-ohjelmat ja l\u00e4hetysajat Telkun TV-oppaasta<\/a>.<\/p>\n","protected":false},"excerpt":{"rendered":"Brittisarjasta Murhalaakso n\u00e4hd\u00e4\u00e4n t\u00e4n\u00e4\u00e4n toinen jakso. Murhalaaksoa t\u00e4hditt\u00e4v\u00e4t walesilainen Gwyneth Keyworth ja englantilainen Timothy Spall. Yle Ylell\u00e4 alkoi&hellip;\n","protected":false},"author":2,"featured_media":17366,"comment_status":"","ping_status":"","sticky":false,"template":"","format":"standard","meta":{"footnotes":""},"categories":[5],"tags":[35,153,22,23,623,26,27,33,31,30,17,1928,24,25,28,29,15,18,21,32,485,19,20,140,139,16],"class_list":{"0":"post-17365","1":"post","2":"type-post","3":"status-publish","4":"format-standard","5":"has-post-thumbnail","7":"category-otsikot","8":"tag-24h","9":"tag-audiovisuaalinen-media","10":"tag-breaking-news","11":"tag-breakingnews","12":"tag-elokuva","13":"tag-featured-news","14":"tag-featurednews","15":"tag-fi","16":"tag-finland","17":"tag-finnish","18":"tag-headlines","19":"tag-kirjallisuus-ja-audiovisuaalinen-media","20":"tag-latest-news","21":"tag-latestnews","22":"tag-main-news","23":"tag-mainnews","24":"tag-news","25":"tag-otsikot","26":"tag-paauutiset","27":"tag-suomi","28":"tag-taide-yleista","29":"tag-top-stories","30":"tag-topstories","31":"tag-tv-ja-elokuvat","32":"tag-tv-ohjelmat","33":"tag-uutiset"},"share_on_mastodon":{"url":"","error":""},"_links":{"self":[{"href":"https:\/\/www.europesays.com\/fi\/wp-json\/wp\/v2\/posts\/17365","targetHints":{"allow":["GET"]}}],"collection":[{"href":"https:\/\/www.europesays.com\/fi\/wp-json\/wp\/v2\/posts"}],"about":[{"href":"https:\/\/www.europesays.com\/fi\/wp-json\/wp\/v2\/types\/post"}],"author":[{"embeddable":true,"href":"https:\/\/www.europesays.com\/fi\/wp-json\/wp\/v2\/users\/2"}],"replies":[{"embeddable":true,"href":"https:\/\/www.europesays.com\/fi\/wp-json\/wp\/v2\/comments?post=17365"}],"version-history":[{"count":0,"href":"https:\/\/www.europesays.com\/fi\/wp-json\/wp\/v2\/posts\/17365\/revisions"}],"wp:featuredmedia":[{"embeddable":true,"href":"https:\/\/www.europesays.com\/fi\/wp-json\/wp\/v2\/media\/17366"}],"wp:attachment":[{"href":"https:\/\/www.europesays.com\/fi\/wp-json\/wp\/v2\/media?parent=17365"}],"wp:term":[{"taxonomy":"category","embeddable":true,"href":"https:\/\/www.europesays.com\/fi\/wp-json\/wp\/v2\/categories?post=17365"},{"taxonomy":"post_tag","embeddable":true,"href":"https:\/\/www.europesays.com\/fi\/wp-json\/wp\/v2\/tags?post=17365"}],"curies":[{"name":"wp","href":"https:\/\/api.w.org\/{rel}","templated":true}]}}