{"id":173965,"date":"2026-02-19T08:52:07","date_gmt":"2026-02-19T08:52:07","guid":{"rendered":"https:\/\/www.europesays.com\/fi\/173965\/"},"modified":"2026-02-19T08:52:07","modified_gmt":"2026-02-19T08:52:07","slug":"nepsy-aiti-tarja-loysi-tavan-selviytya-arjen-kuormituksesta","status":"publish","type":"post","link":"https:\/\/www.europesays.com\/fi\/173965\/","title":{"rendered":"Nepsy-\u00e4iti Tarja l\u00f6ysi tavan selviyty\u00e4 arjen kuormituksesta"},"content":{"rendered":"<p>Neurokirjon piirteet muovaavat vanhemmuuden arkea monella tasolla. Ne voivat tehd\u00e4 metelist\u00e4, siirtym\u00e4tilanteista ja arjen \u00e4kkin\u00e4isist\u00e4 muutoksista tavallista kuormittavampia.<\/p>\n<blockquote>\n<p><strong>Lue lis\u00e4\u00e4:<\/strong> <a href=\"https:\/\/kaksplus.fi\/vanhemmuus\/voiko-lasta-tukea-tunnesaatelyssa-jos-siina-ei-ole-itsekaan-taitava-psykologi-vinkkaa-mita-temperamenttisen-vanhemman-tulisi-huomioida\/\" rel=\"nofollow noopener\" target=\"_blank\">Voiko lasta tukea tunnes\u00e4\u00e4telyss\u00e4, jos siin\u00e4 ei ole itsek\u00e4\u00e4n taitava? Psykologi vinkkaa, mit\u00e4 temperamenttisen vanhemman tulisi huomioida<\/a><\/p>\n<\/blockquote>\n<p><strong>Tarja Korhonen<\/strong> sai aikuisi\u00e4ll\u00e4 autismi- ja <a href=\"https:\/\/kaksplus.fi\/lapsi\/lapsen-kehitys\/add-saattaa-paljastua-jopa-10-12-vuotiaana-tai-sitakin-vanhempana-nain-add-ja-adhd-eroavat-toisistaan\/\" rel=\"nofollow noopener\" target=\"_blank\">ADD-diagnoosit<\/a>. Tarjalla ja h\u00e4nen puolisollaan on viisivuotias tyt\u00e4r. Perheess\u00e4 neurokirjon piirteist\u00e4 puhutaan avoimesti.<\/p>\n<p>\u2013 Me sanoitamme asiaa niin, ett\u00e4 kaikilla on erilaisia ominaisuuksia, ja joillakin ne ovat niin erilaisia, ett\u00e4 ne voivat aiheuttaa haasteita. Haluan, ett\u00e4 lapsi ymm\u00e4rt\u00e4\u00e4 reaktioni, ettei h\u00e4n luule sen johtuvan h\u00e4nest\u00e4, Tarja painottaa.<\/p>\n<p>Tarjan arkea kuormittaa erityisesti voimakas \u00e4\u00e4niherkkyys. Sama piirre n\u00e4kyy my\u00f6s h\u00e4nen tytt\u00e4ress\u00e4\u00e4n.<\/p>\n<p>\u2013 Kodin \u00e4\u00e4nimaailma on meill\u00e4 tarkkaan mietitty. Meill\u00e4 on kuulosuojaimia, vastamelukuulokkeita ja korvatulppia pitkin kotia. Jos \u00e4\u00e4ni k\u00e4y liian kovaksi, se ei ole vain ep\u00e4miellytt\u00e4v\u00e4\u00e4, vaan se sattuu ja vaikuttaa toimintakykyyn.<\/p>\n<p>Vauvavuosi yll\u00e4tti<\/p>\n<p>Kun perheeseen syntyi vauva, Tarja yll\u00e4ttyi siit\u00e4, miten hyvin arki lopulta sujui, vaikka h\u00e4n oli etuk\u00e4teen pel\u00e4nnyt kuormittuvansa enemm\u00e4n. <\/p>\n<p>Lapsi syntyi hieman etuajassa, ja perhe vietti ensimm\u00e4isen viikon sairaalan perhehuoneessa keskell\u00e4 koronasulkuja.<\/p>\n<p>\u2013 Se oli minulle todella haastavaa, koska pelk\u00e4\u00e4n sairaaloita ja ahdistun sek\u00e4 kuormitun vahvasti muun muassa hajuista, \u00e4\u00e4nist\u00e4 ja kirkkaista valoista.<\/p>\n<p>Silti vauvan hoitaminen tuntui heti luontevalta. Kotona arki asettui nopeasti. Perhe eli vuorokausirytmi\u00e4 vuorovedoin: Tarja, joka on luontaisesti ilta- ja y\u00f6virkku, hoiti vauvaa iltaisin ja \u00f6isin, kunnes v\u00e4symys tuli vastaan.<\/p>\n<p><strong>\u2013 <\/strong>Silloin her\u00e4tin aamuvirkun vaimoni ottamaan vuoron, laitoin tulpat korviin ja menin nukkumaan \u2013 usein omaan huoneeseeni, Tarja kertoo.<\/p>\n<p>Alusta asti oli selv\u00e4\u00e4, ett\u00e4 Tarja sai tarvittaessa vet\u00e4yty\u00e4 omaan tilaansa palautumaan. Sama oikeus oli my\u00f6s puolisolla, vaikka imett\u00e4v\u00e4n\u00e4 \u00e4itin\u00e4 sen toteuttaminen oli k\u00e4yt\u00e4nn\u00f6ss\u00e4 hankalampaa.<\/p>\n<p>\u2013  Oman tilan, ajan ja rauhan saaminen oli vauva-arjessakin jaksamiseni pelastus, Tarja sanoo.<\/p>\n<p>Vet\u00e4ytyminen on keino olla parempi vanhempi<\/p>\n<p>Puolison kanssa on sovittu etuk\u00e4teen, miten toimitaan, kun Tarjan kuormitus kasvaa suureksi.<\/p>\n<p>\u2013 Sanon vain, ett\u00e4 minun on p\u00e4\u00e4st\u00e4v\u00e4 pois, ja puoliso ottaa kopin automaattisesti. Laitan kuulokkeista vastamelun p\u00e4\u00e4lle, kuuntelen luonnon\u00e4\u00e4ni\u00e4 tai musiikkia ja k\u00e4yt\u00e4n painopeittoa tai erilaisia pieni\u00e4 hypistelt\u00e4vi\u00e4 esineit\u00e4 hermoston rauhoittamiseen.<\/p>\n<p>Tarja pyrkii v\u00e4ltt\u00e4m\u00e4\u00e4n lapselle \u00e4r\u00e4ht\u00e4mist\u00e4 viimeiseen asti. Jos tilanne kuumenee, h\u00e4n poistuu hetkeksi.<\/p>\n<p>\u2013 Meill\u00e4 on k\u00e4yt\u00f6ss\u00e4 tunnetilakortit, joissa tunteet kulkevat punaisesta siniseen. Niiden avulla on helppo n\u00e4ytt\u00e4\u00e4, ett\u00e4 \u00e4ipp\u00e4 on nyt oranssilla tai punaisella ja tarvitsee tauon.<\/p>\n<p>V\u00e4lill\u00e4 lapsi j\u00e4\u00e4 itkem\u00e4n Tarjan per\u00e4\u00e4n. Siksi tilanne on t\u00e4rke\u00e4\u00e4 k\u00e4yd\u00e4 yhdess\u00e4 l\u00e4pi, kun Tarja palaa takaisin.<\/p>\n<p>\u2013 Sylitell\u00e4\u00e4n ja rauhoitutaan yhdess\u00e4. Asioiden sanoittaminen on meill\u00e4 kaiken perusta.<\/p>\n<p>Luova, j\u00e4rjestelm\u00e4llinen ja leikkiv\u00e4 vanhempi<\/p>\n<p>Tarja n\u00e4kee neurokirjon piirteiss\u00e4\u00e4n paljon vahvuuksia, jotka tukevat h\u00e4nen vanhemmuuttaan. Yksi niist\u00e4 on luova ajattelu, joka auttaa arjen tilanteissa, joissa lapselle pit\u00e4\u00e4 selitt\u00e4\u00e4 uusia asioita.<\/p>\n<p>\u2013  Pystyn heitt\u00e4ytym\u00e4\u00e4n tilanteeseen v\u00e4h\u00e4n toisella tavalla. Luovuus auttaa l\u00f6yt\u00e4m\u00e4\u00e4n erilaisia tapoja sanoittaa ja vied\u00e4 lasta eteenp\u00e4in.<\/p>\n<p>Luovuus n\u00e4kyy my\u00f6s leikiss\u00e4 ja yhdess\u00e4 tekemisess\u00e4.<\/p>\n<p>\u2013 Lapsi sanoikin, ett\u00e4 min\u00e4 olen se leikkiv\u00e4 aikuinen. Jos vain fyysiset voimat riitt\u00e4v\u00e4t, temmell\u00e4n mukana vaikka tuolla lumihangessa. Puolisoni on taas enemm\u00e4n askartelija ja pelaaja. Yhdess\u00e4 me muodostamme tasapainoisen tiimin.<\/p>\n<p>Tarja on my\u00f6s hyv\u00e4 pit\u00e4m\u00e4\u00e4n rutiineista kiinni. Siksi h\u00e4n vastaa esimerkiksi kauppareissuista ja ruoanlaitosta.<\/p>\n<p>\u2013 Se autisti minussa on suunnattoman j\u00e4rjestelm\u00e4llinen ja organisointihaluinen. Se selkeytt\u00e4\u00e4 meid\u00e4n el\u00e4m\u00e4\u00e4mme tosi paljon.<\/p>\n<p>Onnellista, tavallista arkea<\/p>\n<p>Terapia on auttanut Tarjaa ymm\u00e4rt\u00e4m\u00e4\u00e4n itse\u00e4\u00e4n ja arkeaan syvemmin. My\u00f6s puolison ammatillinen ymm\u00e4rrys neurokirjosta, sek\u00e4 vertaistuki Autismi- ja ADHD-liitoista ovat olleet merkitt\u00e4vi\u00e4 voimavaroja.<\/p>\n<p>\u2013 Vertaistuki on sellaista omassa laumassa olemista. Ei tarvitse selitt\u00e4\u00e4 kaikkea juurta jaksain, kun toinen ymm\u00e4rt\u00e4\u00e4 jo valmiiksi.<\/p>\n<p>Koulutettuna kokemusasiantuntijana Tarja t\u00f6rm\u00e4\u00e4 usein ennakkoluuloihin, jotka liitet\u00e4\u00e4n autismiin ja ADHD:hen vanhemmuudessa. H\u00e4n kertoo, ett\u00e4 monilla on yh\u00e4 k\u00e4sitys, ett\u00e4 neurokirjon vanhemman el\u00e4m\u00e4 olisi hallitsematonta.<\/p>\n<p><strong>\u2013<\/strong> Moni tuntuu ajattelevan, ett\u00e4 jos vanhemmalla on autismi tai ADHD, el\u00e4m\u00e4 on jatkuvaa kaaosta tai ett\u00e4 lastensuojelu on automaattisesti mukana. Se on harhaluulo.<\/p>\n<p>Tarja sanoo, ett\u00e4 heid\u00e4n perheens\u00e4 arki on ennen kaikkea onnellista.<\/p>\n<p>\u2013 Meit\u00e4 on paljon perheit\u00e4, jotka voivat hyvin. Haasteita on, mutta se ei tarkoita, ett\u00e4 el\u00e4m\u00e4 olisi huonosti. Neurokirjon piirteet eiv\u00e4t sulje pois hyv\u00e4\u00e4 vanhemmuutta, Tarja painottaa.<\/p>\n<p>Asiantuntija antaa nepsy-vanhemmille yhden t\u00e4rke\u00e4n neuvon<\/p>\n<p>Keski-Suomen ensi- ja turvakoti ry:n vauvaperheohjaaja <strong>Outi Rantakyl\u00e4n<\/strong> mukaan vauva-aika haastaa neurokirjolla olevaa vanhempaa monella tasolla yht\u00e4 aikaa: aistiymp\u00e4rist\u00f6 muuttuu, uni pirstaloituu ja rutiinit menev\u00e4t uusiksi. T\u00e4rkeint\u00e4 on, ett\u00e4 vanhempi tunnistaa omat ominaisuutensa ja l\u00f6yt\u00e4\u00e4 keinoja tasapainoilla omien ja lapsen tarpeiden v\u00e4lill\u00e4.<\/p>\n<p>\u2013 Vauva-arjessa ei ole aikaa sopeutua muutoksiin. Arki alkaa heti siit\u00e4 hetkest\u00e4, kun vauva syntyy.<\/p>\n<p>Rantakyl\u00e4n mukaan olennaista on hyv\u00e4ksy\u00e4 omat ominaispiirteens\u00e4 ja l\u00f6yt\u00e4\u00e4 niihin sopivia ratkaisuja, sill\u00e4 vanhemman hyvinvointi heijastuu suoraan lapseen.<\/p>\n<p>\u2013 Vauvakin on paras olla silloin, kun vanhemman on hyv\u00e4 olla.<\/p>\n<p>H\u00e4n muistuttaa, ett\u00e4 vauvan tarpeet voivat toteutua monella tavalla, eik\u00e4 ole yht\u00e4 oikeaa tapaa el\u00e4\u00e4 vauva-arkea.<\/p>\n<p>\u2013 Mit\u00e4 paremmin vanhempi hyv\u00e4ksyy itsens\u00e4 sellaisena kuin on, sit\u00e4 helpompi on l\u00f6yt\u00e4\u00e4 arki, jossa kaikkien on hyv\u00e4 olla, Rantakyl\u00e4 neuvoo.<\/p>\n<p>    Artikkeliin liittyv\u00e4t aiheet<\/p>\n","protected":false},"excerpt":{"rendered":"Neurokirjon piirteet muovaavat vanhemmuuden arkea monella tasolla. Ne voivat tehd\u00e4 metelist\u00e4, siirtym\u00e4tilanteista ja arjen \u00e4kkin\u00e4isist\u00e4 muutoksista tavallista kuormittavampia.&hellip;\n","protected":false},"author":2,"featured_media":173966,"comment_status":"","ping_status":"","sticky":false,"template":"","format":"standard","meta":{"footnotes":"","_share_on_mastodon":"0"},"categories":[165],"tags":[598,11045,33,31,30,166,11605,32,167],"class_list":["post-173965","post","type-post","status-publish","format-standard","has-post-thumbnail","category-terveys","tag-adhd","tag-autismi","tag-fi","tag-finland","tag-finnish","tag-health","tag-neuropsykiatriset-hairiot","tag-suomi","tag-terveys"],"share_on_mastodon":{"url":"https:\/\/pubeurope.com\/@fi\/116096450258690898","error":""},"_links":{"self":[{"href":"https:\/\/www.europesays.com\/fi\/wp-json\/wp\/v2\/posts\/173965","targetHints":{"allow":["GET"]}}],"collection":[{"href":"https:\/\/www.europesays.com\/fi\/wp-json\/wp\/v2\/posts"}],"about":[{"href":"https:\/\/www.europesays.com\/fi\/wp-json\/wp\/v2\/types\/post"}],"author":[{"embeddable":true,"href":"https:\/\/www.europesays.com\/fi\/wp-json\/wp\/v2\/users\/2"}],"replies":[{"embeddable":true,"href":"https:\/\/www.europesays.com\/fi\/wp-json\/wp\/v2\/comments?post=173965"}],"version-history":[{"count":0,"href":"https:\/\/www.europesays.com\/fi\/wp-json\/wp\/v2\/posts\/173965\/revisions"}],"wp:featuredmedia":[{"embeddable":true,"href":"https:\/\/www.europesays.com\/fi\/wp-json\/wp\/v2\/media\/173966"}],"wp:attachment":[{"href":"https:\/\/www.europesays.com\/fi\/wp-json\/wp\/v2\/media?parent=173965"}],"wp:term":[{"taxonomy":"category","embeddable":true,"href":"https:\/\/www.europesays.com\/fi\/wp-json\/wp\/v2\/categories?post=173965"},{"taxonomy":"post_tag","embeddable":true,"href":"https:\/\/www.europesays.com\/fi\/wp-json\/wp\/v2\/tags?post=173965"}],"curies":[{"name":"wp","href":"https:\/\/api.w.org\/{rel}","templated":true}]}}