{"id":174184,"date":"2026-02-19T13:51:09","date_gmt":"2026-02-19T13:51:09","guid":{"rendered":"https:\/\/www.europesays.com\/fi\/174184\/"},"modified":"2026-02-19T13:51:09","modified_gmt":"2026-02-19T13:51:09","slug":"myrkkykaasut-tappoivat-kymmenia-kaivoksessa-nigeriassa-uutisia-lyhyesti","status":"publish","type":"post","link":"https:\/\/www.europesays.com\/fi\/174184\/","title":{"rendered":"Myrkkykaasut tappoivat kymmeni\u00e4 kaivoksessa Nigeriassa | Uutisia lyhyesti"},"content":{"rendered":"<p class=\"aw-1gybjub aw-1p7kakr kEtdKx cEmitX yle__article__paragraph\">Myrkylliset kaasut ovat tappaneet 37 ihmist\u00e4 Nigerian keskiosissa sijaitsevassa kaivoksessa, kertoo poliisi. Lis\u00e4ksi kolmisenkymment\u00e4 uhria on viety sairaalaan.<\/p>\n<p class=\"aw-1gybjub aw-1p7kakr kEtdKx cEmitX yle__article__paragraph\">Onnettomuus sattui Wasen alueella Plateaun osavaltiossa tiistaina. Alustava tutkinta on osoittanut, ett\u00e4 kaivoksessa olleet ty\u00f6ntekij\u00e4t altistuivat useille myrkyllisille kaasuille, jotka purkautuivat \u00e4killisesti.<\/p>\n<p class=\"aw-1gybjub aw-1p7kakr kEtdKx cEmitX yle__article__paragraph\">Kaivos on toistaiseksi suljettu, ja viranomaiset tutkivat tapahtumia. T\u00e4ll\u00e4 hetkell\u00e4 on ep\u00e4selv\u00e4\u00e4, mit\u00e4 kaivoksessa louhittiin ja oliko toiminta laillista.<\/p>\n<p class=\"aw-1gybjub aw-1p7kakr kEtdKx cEmitX yle__article__paragraph\">Nigeria on yritt\u00e4nyt saada kuriin laittomasti toimivia kultakaivoksia eri puolilla maata.<\/p>\n<p class=\"aw-1gybjub aw-1p7kakr kEtdKx cEmitX yle__article__paragraph\">L\u00e4hde: AP<\/p>\n","protected":false},"excerpt":{"rendered":"Myrkylliset kaasut ovat tappaneet 37 ihmist\u00e4 Nigerian keskiosissa sijaitsevassa kaivoksessa, kertoo poliisi. Lis\u00e4ksi kolmisenkymment\u00e4 uhria on viety sairaalaan.&hellip;\n","protected":false},"author":2,"featured_media":74,"comment_status":"","ping_status":"","sticky":false,"template":"","format":"standard","meta":{"footnotes":"","_share_on_mastodon":"0"},"categories":[14],"tags":[22,23,26,27,33,31,30,17,1054,24,25,28,29,28244,15,8578,837,18,21,32,19,20,56,16,59,60,61],"class_list":["post-174184","post","type-post","status-publish","format-standard","has-post-thumbnail","category-ulkomaat","tag-breaking-news","tag-breakingnews","tag-featured-news","tag-featurednews","tag-fi","tag-finland","tag-finnish","tag-headlines","tag-kaivokset","tag-latest-news","tag-latestnews","tag-main-news","tag-mainnews","tag-myrkkykaasu","tag-news","tag-nigeria","tag-onnettomuudet","tag-otsikot","tag-paauutiset","tag-suomi","tag-top-stories","tag-topstories","tag-ulkomaat","tag-uutiset","tag-world","tag-world-news","tag-worldnews"],"share_on_mastodon":{"url":"https:\/\/pubeurope.com\/@fi\/116097625988774833","error":""},"_links":{"self":[{"href":"https:\/\/www.europesays.com\/fi\/wp-json\/wp\/v2\/posts\/174184","targetHints":{"allow":["GET"]}}],"collection":[{"href":"https:\/\/www.europesays.com\/fi\/wp-json\/wp\/v2\/posts"}],"about":[{"href":"https:\/\/www.europesays.com\/fi\/wp-json\/wp\/v2\/types\/post"}],"author":[{"embeddable":true,"href":"https:\/\/www.europesays.com\/fi\/wp-json\/wp\/v2\/users\/2"}],"replies":[{"embeddable":true,"href":"https:\/\/www.europesays.com\/fi\/wp-json\/wp\/v2\/comments?post=174184"}],"version-history":[{"count":0,"href":"https:\/\/www.europesays.com\/fi\/wp-json\/wp\/v2\/posts\/174184\/revisions"}],"wp:featuredmedia":[{"embeddable":true,"href":"https:\/\/www.europesays.com\/fi\/wp-json\/wp\/v2\/media\/74"}],"wp:attachment":[{"href":"https:\/\/www.europesays.com\/fi\/wp-json\/wp\/v2\/media?parent=174184"}],"wp:term":[{"taxonomy":"category","embeddable":true,"href":"https:\/\/www.europesays.com\/fi\/wp-json\/wp\/v2\/categories?post=174184"},{"taxonomy":"post_tag","embeddable":true,"href":"https:\/\/www.europesays.com\/fi\/wp-json\/wp\/v2\/tags?post=174184"}],"curies":[{"name":"wp","href":"https:\/\/api.w.org\/{rel}","templated":true}]}}