{"id":174297,"date":"2026-02-19T16:45:08","date_gmt":"2026-02-19T16:45:08","guid":{"rendered":"https:\/\/www.europesays.com\/fi\/174297\/"},"modified":"2026-02-19T16:45:08","modified_gmt":"2026-02-19T16:45:08","slug":"frederik-yllattava-paljastus-riidasta-dannyn-kanssa","status":"publish","type":"post","link":"https:\/\/www.europesays.com\/fi\/174297\/","title":{"rendered":"Frederik: Yll\u00e4tt\u00e4v\u00e4 paljastus riidasta Dannyn kanssa!"},"content":{"rendered":"<p>            Timo Korhonen, Matti Matikainen\n        <\/p>\n<p class=\"subtitle \">Frederik vertaa itse\u00e4\u00e4n ja Danny\u00e4 kahteen muuhun i\u00e4kk\u00e4\u00e4seen \u201dsuurmieheen\u201d \u2013 nimitt\u00e4in Yhdysvaltain presidenttiin Donald Trumpiin ja Vladimir Putiniin.<\/p>\n<p class=\"article-content article-content-width !bg-background\"> ja  \u2013  ja .<\/p>\n<p class=\"font-weight-bold m-font-weight-bold article-content article-content-width !bg-background\">Video: Frederik paljastaa, mihin maaseudun el\u00e4imeen h\u00e4n samaistuu.<\/p>\n<p class=\"article-content article-content-width !bg-background\">Vanhat sotaratsut ovat kuin Peter Pan \u2013 eiv\u00e4t vanhene, mutta heid\u00e4n yleis\u00f6ns\u00e4 vanhenee.<\/p>\n<p class=\"article-content article-content-width !bg-background\">Edelleen tahoillaan keikkailevat uroshirvet viihdytt\u00e4v\u00e4t tytt\u00e4ri\u00e4, joiden \u00e4idit olivat viel\u00e4 eilen tytt\u00e4ri\u00e4 ja iso\u00e4idit toissap\u00e4iv\u00e4n\u00e4 tytt\u00e4ri\u00e4.<\/p>\n<p class=\"article-content article-content-width !bg-background\"> \u2013 Tytt\u00e4ret muuttuu \u00e4ideiksi ja \u00e4ideist iso\u00e4ideiksi, r\u00e4pp\u00e4\u00e4  tuoreella Peter Pan biisill\u00e4\u00e4n.\u00a0<\/p>\n<p>        <a itemprop=\"url\" href=\"https:\/\/www.seiska.fi\/katso\/osallistuja-lyttaa-farmi-suomen-taysin-jokainen-hetki-oli-vastenmielinen\/2079795\" rel=\"nofollow noopener\" target=\"_blank\"><\/p>\n<p>\nFarmi Suomen osallistujalta t\u00e4yslaidallinen\n<\/p>\n<p class=\"section-date\">\n        <strong class=\"article-section\" data-section=\"katso\"><br \/>\n            katso<br \/>\n        <\/strong><br \/>\n        06:15\n    <\/p>\n<p>Osallistuja lytt\u00e4\u00e4 Farmi Suomen t\u00e4ysin: &#8221;Jokainen hetki oli vastenmielinen&#8221;\n    <\/p>\n<p itemprop=\"description\" class=\"subtitle \">\n    Ter\u00e4v\u00e4n sanans\u00e4il\u00e4n omaava taiteilija kertoi my\u00f6s vihaavansa kapitalismia sek\u00e4 viihdeteollisuutta \u2013 mik\u00e4 ei kuitenkaan est\u00e4nyt osallistumasta tosi-tv-ohjelmaan.\n<\/p>\n<p>        <\/a><\/p>\n<p class=\"article-content article-content-width !bg-background\">Heikki onkin kertonut saaneensa inspiraation kappaleeseen\u00a0tavattuaan juuri Frederikin.<\/p>\n<p>                <img decoding=\"async\" src=\"https:\/\/www.europesays.com\/fi\/wp-content\/uploads\/2026\/02\/2080678.webp.jpeg\" width=\"576\" height=\"720\" alt=\"Frederik n\u00e4hd\u00e4\u00e4n tuoreella Farmi Suomen kaudella. Frederik kuvasi jo viime kes\u00e4n\u00e4 Seiskalle ohjelman muistuttaneen 'keskitysleiri\u00e4'.\" loading=\"lazy\" \/>            <\/p>\n<p>\n            Frederik n\u00e4hd\u00e4\u00e4n tuoreella Farmi Suomen kaudella. Frederik kuvasi jo viime kes\u00e4n\u00e4 Seiskalle ohjelman muistuttaneen &#8221;keskitysleiri\u00e4&#8221;.<br \/>\n            Matti Matikainen\n        <\/p>\n<p>Taistelevat metsot<\/p>\n<p class=\"article-content article-content-width !bg-background\">81-vuotias Frederik ja 83-vuotias Danny ovat my\u00f6s sotineet suusanallisesti 1,5 vuotta sitten, mink\u00e4 j\u00e4lkeen alkoi sodista julmin \u2013 mykk\u00e4koulu.<\/p>\n<p class=\"article-content article-content-width !bg-background\">Pahimpaan aikaan Frederik kertoi ostavansa Dannylle hameen jouluksi sek\u00e4 naljaili t\u00e4m\u00e4n polvivaivoista.<\/p>\n<p>        <a itemprop=\"url\" href=\"https:\/\/www.seiska.fi\/kotimaa\/huoli-herasi-frederikista-nain-iskelmaori-kommentoi\/2057860\" rel=\"nofollow noopener\" target=\"_blank\"><\/p>\n<p>\nHuoli her\u00e4si olemuksesta!\n<\/p>\n<p class=\"section-date\">\n        <strong class=\"article-section\" data-section=\"kotimaa\"><br \/>\n            kotimaa<br \/>\n        <\/strong><br \/>\n        28.1. 08:30\n    <\/p>\n<p>Huoli her\u00e4si Frederikist\u00e4 \u2013 n\u00e4in iskelm\u00e4ori kommentoi!\n    <\/p>\n<p itemprop=\"description\" class=\"subtitle \">\n    Frederik tuo mieleen Yhdysvaltain edellisen presidentin Joe Bidenin, jota kutsuttiin liikanimell\u00e4 \u201dSleepy Joe\u201d v\u00e4syneen ja sekavankin olemuksen tiimoilta.\n<\/p>\n<p>        <\/a><\/p>\n<p class=\"article-content article-content-width !bg-background\">Nyt tunteet ovat olleet laantuneina jo pidemm\u00e4n aikaa.<\/p>\n<p class=\"article-content article-content-width !bg-background\">Asiaan voi vaikuttaa sekin, ett\u00e4 Frederik on rakastunut mies ja h\u00e4nell\u00e4 on ollut jo vuoden verran oma rakas.<\/p>\n<p>                <img decoding=\"async\" src=\"https:\/\/www.europesays.com\/fi\/wp-content\/uploads\/2026\/02\/2079653.webp.jpeg\" width=\"576\" height=\"322\" title=\"Frederik ottaa yhteen Farmilla pehtoorin kanssa heti sarjan alussa.\" alt=\"Frederik Farmin kuvauspaikalla.\" loading=\"lazy\" \/>            <\/p>\n<p>\n            Frederik ottaa yhteen Farmilla pehtoorin kanssa heti sarjan alussa.<br \/>\n            Alpertti Rieskj\u00e4rvi \/ Sanoma\n        <\/p>\n<p>&#8221;Rakkaus voi hyvin edelleen&#8221;<\/p>\n<p class=\"article-content article-content-width !bg-background\">Seiska kertoi naisesta ensimm\u00e4isen kerran viime kes\u00e4n\u00e4, kun kaksikko oli risteilem\u00e4ss\u00e4.<\/p>\n<p class=\"article-content article-content-width !bg-background\">\u2013 Rakkaus voi hyvin edelleen, Frederik kertoo Seiskalle.<\/p>\n<p class=\"article-content article-content-width !bg-background\">Iskelm\u00e4ori toteaa olleensa sinkkuna kymmenen vuotta ennen nykyist\u00e4 suhdettaan ja sanoo k\u00e4rsineens\u00e4 sinkkuudesta.<\/p>\n<p>        <a itemprop=\"url\" href=\"https:\/\/www.seiska.fi\/kotimaa\/frederikilta-yllattava-kommentti-dannyn-ja-helmin-suhteesta\/1980149\" rel=\"nofollow noopener\" target=\"_blank\"><\/p>\n<p>\nNyt puhuu Frederik\n<\/p>\n<p class=\"section-date\">\n        <strong class=\"article-section\" data-section=\"kotimaa\"><br \/>\n            kotimaa<br \/>\n        <\/strong><br \/>\n        2.11.2025 19:30\n    <\/p>\n<p>Frederikilt\u00e4 yll\u00e4tt\u00e4v\u00e4 kommentti Dannyn ja Helmin suhteesta!\n    <\/p>\n<p itemprop=\"description\" class=\"subtitle \">\n    Koko viime syksyn media seurasi luimistellen Frederikin ja h\u00e4nen ex-kaverinsa, musiikkineuvos Dannyn, riitely\u00e4.\n<\/p>\n<p>        <\/a><\/p>\n<p class=\"article-content article-content-width !bg-background\">Frederik toistelee, ett\u00e4 \u201dsuunnilleen nelikymppinen\u201d urheilullinen nainen on nuorempi kuin Dannyn seuraneiti , joka on 24-vuotias.<\/p>\n<p class=\"article-content article-content-width !bg-background\">\u2013 En saanut ihan Dannyn enn\u00e4tyst\u00e4 rikki, Frederik letkauttaa rakkaansa ik\u00e4erosta.<\/p>\n<p>                <img decoding=\"async\" src=\"https:\/\/www.europesays.com\/fi\/wp-content\/uploads\/2026\/02\/2019447.webp.jpeg\" width=\"576\" height=\"682\" alt=\"Frederik naljailee, ettei ihan saanut rikottua Dannyn enn\u00e4tyst\u00e4, viitaten ik\u00e4eroon nykyisess\u00e4 suhteessaan.\" loading=\"lazy\" \/>            <\/p>\n<p>\n            Frederik naljailee, ettei ihan saanut rikottua Dannyn enn\u00e4tyst\u00e4, viitaten ik\u00e4eroon nykyisess\u00e4 suhteessaan.<br \/>\n            Dannyn ja Helmin akotilbumi\n        <\/p>\n<p>Melkoinen vertaus<\/p>\n<p class=\"article-content article-content-width !bg-background\">Armoton tennist\u00e4hti asuu muun muassa v\u00e4lill\u00e4 Kanarialla, v\u00e4lill\u00e4 Virossa, v\u00e4lill\u00e4 Thaimaassa ja v\u00e4lill\u00e4 Yhdysvalloissa.<\/p>\n<p class=\"article-content article-content-width !bg-background\">Varsinainen tukikohta sijaitsee kuitenkin Espoon Mankkaalla.<\/p>\n<p>        <a itemprop=\"url\" href=\"https:\/\/www.seiska.fi\/vain-seiskassa\/salakuva-frederik-nuoremman-naisen-kanssa-parnussa-kertoo-melkoisen-paljastuksen\/1921882\" rel=\"nofollow noopener\" target=\"_blank\"><\/p>\n<p>\nSalakuva Frederikist\u00e4 ja nuoremmasta naisesta\n<\/p>\n<p class=\"section-date\">\n        <strong class=\"article-section\" data-section=\"vain seiskassa\"><br \/>\n            vain seiskassa<br \/>\n        <\/strong><br \/>\n        5.9.2025 17:00\n    <\/p>\n<p>Salakuva! Frederik nuoremman naisen kanssa P\u00e4rnussa \u2013 kertoo melkoisen paljastuksen!\n    <\/p>\n<p itemprop=\"description\" class=\"subtitle \">\n    Frederik kotiutui taannoin Farmi Suomesta, joka n\u00e4hd\u00e4\u00e4n n\u00e4k\u00f6radiossa my\u00f6hemmin. Maatilaa junttidiskon kuningas kuvaa &#8221;keskitysleiriksi&#8221;.\n<\/p>\n<p>        <\/a><\/p>\n<p class=\"article-content article-content-width !bg-background\">Mutta ent\u00e4s nykyinen suhde Dannyyn?<\/p>\n<p class=\"article-content article-content-width !bg-background\">\u2013 Hieromme t\u00e4ll\u00e4 hetkell\u00e4 sovintoa ja l\u00e4hettelemme toisillemme rauhanpiippua.<\/p>\n<p>                <img decoding=\"async\" src=\"https:\/\/www.europesays.com\/fi\/wp-content\/uploads\/2026\/02\/519796.webp.jpeg\" width=\"576\" height=\"327\" alt=\"Danny ja Frederik? Ei, vaan Vladimir Putin ja Donald Trump.\" loading=\"lazy\" \/>            <\/p>\n<p>\n            Danny ja Frederik? Ei, vaan Vladimir Putin ja Donald Trump.<br \/>\n            AOP\n        <\/p>\n<p class=\"article-content article-content-width !bg-background\">Frederik vertaa itse\u00e4\u00e4n ja Danny\u00e4 kahteen muuhun i\u00e4kk\u00e4\u00e4seen \u201dsuurmieheen\u201d \u2013 nimitt\u00e4in Yhdysvaltain presidenttiin  ja .<\/p>\n<p class=\"article-content article-content-width !bg-background\">\u2013 Saamme luotua Dannyn kanssa pitk\u00e4aikaisen suhteen Trumpin ja Putinin tyyliin, Frederik linjaa.<\/p>\n<p class=\"article-content article-content-width !bg-background\">Liennytys on siis k\u00e4ynniss\u00e4.<\/p>\n<p>        <a itemprop=\"url\" href=\"https:\/\/www.seiska.fi\/kotimaa\/apu-markku-arolta-suorat-sanat-dannyn-keikoista\/2046152\" rel=\"nofollow noopener\" target=\"_blank\"><\/p>\n<p>\nMarkku Aro Apu-lehdess\u00e4:\n<\/p>\n<p class=\"section-date\">\n        <strong class=\"article-section\" data-section=\"kotimaa\"><br \/>\n            kotimaa<br \/>\n        <\/strong><br \/>\n        14.1. 15:25\n    <\/p>\n<p>Apu: Markku Arolta suorat sanat Dannyn keikoista\n    <\/p>\n<p itemprop=\"description\" class=\"subtitle \">\n    Onko Frederik saanut Markku Arosta seuraajan Dannyn kritisoijaksi?\n<\/p>\n<p>        <\/a><\/p>\n","protected":false},"excerpt":{"rendered":"Timo Korhonen, Matti Matikainen Frederik vertaa itse\u00e4\u00e4n ja Danny\u00e4 kahteen muuhun i\u00e4kk\u00e4\u00e4seen \u201dsuurmieheen\u201d \u2013 nimitt\u00e4in Yhdysvaltain presidenttiin Donald&hellip;\n","protected":false},"author":2,"featured_media":174298,"comment_status":"","ping_status":"","sticky":false,"template":"","format":"standard","meta":{"footnotes":"","_share_on_mastodon":"0"},"categories":[136],"tags":[407,8967,137,33,31,30,1759,28249,11419,8406,408,32,1667,109],"class_list":["post-174297","post","type-post","status-publish","format-standard","has-post-thumbnail","category-julkkikset","tag-celebrities","tag-danny","tag-entertainment","tag-fi","tag-finland","tag-finnish","tag-frederik","tag-heikki-kuula","tag-ilkka-lipsanen","tag-ilkka-sysimetsa","tag-julkkikset","tag-suomi","tag-tapahtumat","tag-viihde"],"share_on_mastodon":{"url":"https:\/\/pubeurope.com\/@fi\/116098310202532910","error":""},"_links":{"self":[{"href":"https:\/\/www.europesays.com\/fi\/wp-json\/wp\/v2\/posts\/174297","targetHints":{"allow":["GET"]}}],"collection":[{"href":"https:\/\/www.europesays.com\/fi\/wp-json\/wp\/v2\/posts"}],"about":[{"href":"https:\/\/www.europesays.com\/fi\/wp-json\/wp\/v2\/types\/post"}],"author":[{"embeddable":true,"href":"https:\/\/www.europesays.com\/fi\/wp-json\/wp\/v2\/users\/2"}],"replies":[{"embeddable":true,"href":"https:\/\/www.europesays.com\/fi\/wp-json\/wp\/v2\/comments?post=174297"}],"version-history":[{"count":0,"href":"https:\/\/www.europesays.com\/fi\/wp-json\/wp\/v2\/posts\/174297\/revisions"}],"wp:featuredmedia":[{"embeddable":true,"href":"https:\/\/www.europesays.com\/fi\/wp-json\/wp\/v2\/media\/174298"}],"wp:attachment":[{"href":"https:\/\/www.europesays.com\/fi\/wp-json\/wp\/v2\/media?parent=174297"}],"wp:term":[{"taxonomy":"category","embeddable":true,"href":"https:\/\/www.europesays.com\/fi\/wp-json\/wp\/v2\/categories?post=174297"},{"taxonomy":"post_tag","embeddable":true,"href":"https:\/\/www.europesays.com\/fi\/wp-json\/wp\/v2\/tags?post=174297"}],"curies":[{"name":"wp","href":"https:\/\/api.w.org\/{rel}","templated":true}]}}