{"id":17483,"date":"2025-08-27T06:01:07","date_gmt":"2025-08-27T06:01:07","guid":{"rendered":"https:\/\/www.europesays.com\/fi\/17483\/"},"modified":"2025-08-27T06:01:07","modified_gmt":"2025-08-27T06:01:07","slug":"emmerdalen-juonipaljastukset-rose-yrittaa-vietella-willin","status":"publish","type":"post","link":"https:\/\/www.europesays.com\/fi\/17483\/","title":{"rendered":"Emmerdalen juonipaljastukset: Rose yritt\u00e4\u00e4 vietell\u00e4 Willin"},"content":{"rendered":"<p>            ITV\/Mark Bruce\/Shutterstock\/All Over Press\n        <\/p>\n<p class=\"subtitle \">Ensi viikon Emmerdalessa yll\u00e4tysraskaus on er\u00e4\u00e4lle j\u00e4rkytys, Rose pyrkii petipuuhiin ja Chas kohtaa pelastavan ritarin.<\/p>\n<p class=\"article-content article-content-width !bg-background\">Kim huomaa, ett\u00e4 Dawn on alkanut kutsua Rosea \u00e4idiksi. Rose ryhtyy toteuttamaan Rubyn juonta vietell\u00e4 Will.\u00a0<\/p>\n<p class=\"article-content article-content-width !bg-background\">Rose sujauttaa Willin juomaan rauhoittavaa l\u00e4\u00e4kett\u00e4, mutta juuri kotiin saapuvat Dawn ja Kim sotkevat suunnitelman. Will kaataa heillekin lasilliset, eik\u00e4 Rose en\u00e4\u00e4 tied\u00e4, miss\u00e4 lasissa l\u00e4\u00e4ke on. Huumaava lasillinen osuu Dawnille.\u00a0<\/p>\n<p class=\"article-content article-content-width !bg-background\">Dawn l\u00e4htee ajamaan ja kolaroi Ellan kanssa. Dawn ep\u00e4ilee, ett\u00e4 h\u00e4net huumattiin. Rose tekee kaikkensa, ett\u00e4 ep\u00e4ilykset kohdistuvat Kimiin. Kim muuttaa hetkeksi pois kartanolta. My\u00f6hemmin Rosen juoni selvi\u00e4\u00e4 Lydialle, joka kertoo Kimille.<\/p>\n<p>        <a itemprop=\"url\" href=\"https:\/\/www.seiska.fi\/katso\/uusi-pahis-saapuu-emmerdaleen-herattaa-eraan-himot\/1906977\" rel=\"nofollow noopener\" target=\"_blank\"><\/p>\n<p>\nEmmerdaleen uusi pahis\n<\/p>\n<p class=\"section-date\">\n        <strong class=\"article-section\" data-section=\"katso\"><br \/>\n            katso<br \/>\n        <\/strong><br \/>\n        23.8. 06:15\n    <\/p>\n<p>    Uusi pahis saapuu Emmerdaleen \u2013 her\u00e4tt\u00e4\u00e4 er\u00e4\u00e4n himot<\/p>\n<p itemprop=\"description\" class=\"subtitle \">\n    Kyl\u00e4\u00e4n asettuu komistus, jolla ei ole puhtaita jauhoja pussissa.\n<\/p>\n<p>        <\/a><\/p>\n<p class=\"article-content article-content-width !bg-background\">Jai anelee Laurelilta, ett\u00e4 he pysyisiv\u00e4t viel\u00e4 yhdess\u00e4. Archie ei halua muuttaa Jain kanssa. Jai syytt\u00e4\u00e4 Laurelia siit\u00e4, ett\u00e4 h\u00e4n on menett\u00e4nyt kaiken.<\/p>\n<p>Liam kuulee yll\u00e4tysuutisen<\/p>\n<p class=\"article-content article-content-width !bg-background\">Matty p\u00e4\u00e4see vankilasta ja kehottaa Samsonia kertomaan koko totuuden. Joshin pelossa Samson on valmis menem\u00e4\u00e4n vaikka vankilaan. Josh uhittelee Chasille, mutta Liam saapuu ritarillisesti pelastamaan.<\/p>\n<p>        <a itemprop=\"url\" href=\"https:\/\/www.seiska.fi\/katso\/emmerdalen-juonipaljastukset-moira-kidnappaa-samsonin\/1903858\" rel=\"nofollow noopener\" target=\"_blank\"><\/p>\n<p>\nEmmerdalen juonipaljastukset\n<\/p>\n<p class=\"section-date\">\n        <strong class=\"article-section\" data-section=\"katso\"><br \/>\n            katso<br \/>\n        <\/strong><br \/>\n        20.8. 06:15\n    <\/p>\n<p>    Emmerdalen juonipaljastukset: Moira kidnappaa Samsonin<\/p>\n<p itemprop=\"description\" class=\"subtitle \">\n    Ensi viikon Emmerdalessa Manpreet p\u00e4\u00e4tyy petipuuhiin, Moira tekee kaikkensa pelastaakseen Mattyn ja Rose yritt\u00e4\u00e4 suudella Willi\u00e4.\n<\/p>\n<p>        <\/a><\/p>\n<p class=\"article-content article-content-width !bg-background\">Mandy l\u00f6yt\u00e4\u00e4 Paddyn luota piileskelem\u00e4st\u00e4 Ellan, joka on tullut ker\u00e4\u00e4m\u00e4\u00e4n tavaroitaan. Ella selitt\u00e4\u00e4 Mandylle, miksi ei kertonut menneisyydest\u00e4\u00e4n. Ella saa tiet\u00e4\u00e4 olevansa raskaana. H\u00e4n kertoo raskaudesta Liamille, joka j\u00e4rkyttyy pahan kerran.<\/p>\n<p>                <img decoding=\"async\" src=\"https:\/\/www.europesays.com\/fi\/wp-content\/uploads\/2025\/08\/1911016.webp\" width=\"576\" height=\"274\" alt=\"Vahinkoraskaus ei ilahduta Liamia.\" loading=\"lazy\" \/>            <\/p>\n<p>\n            Vahinkoraskaus ei ilahduta Liamia.<br \/>\n            ITV\n        <\/p>\n<p class=\"article-content article-content-width !bg-background\"> Tom suunnittelee, kuinka<br \/>\nerottaa Belle perheest\u00e4\u00e4n. Charity puhuu Cainille olevansa huolissaan Bellen tilanteesta. <\/p>\n<p>        <a itemprop=\"url\" href=\"https:\/\/www.seiska.fi\/katso\/pitkaaikainen-emmerdale-tahti-jattaa-sarjan-tassa-syy\/1898629\" rel=\"nofollow noopener\" target=\"_blank\"><\/p>\n<p>\nEmmerdale\n<\/p>\n<p class=\"section-date\">\n        <strong class=\"article-section\" data-section=\"katso\"><br \/>\n            katso<br \/>\n        <\/strong><br \/>\n        13.8. 14:12\n    <\/p>\n<p>    Pitk\u00e4aikainen Emmerdale-t\u00e4hti j\u00e4tt\u00e4\u00e4 sarjan \u2013 t\u00e4ss\u00e4 syy<\/p>\n<p itemprop=\"description\" class=\"subtitle \">\n    Rakastettu hahmo on yll\u00e4tt\u00e4en l\u00e4hd\u00f6ss\u00e4 suosikkisarjasta.\n<\/p>\n<p>        <\/a><\/p>\n<p class=\"italic m-italic article-content article-content-width !bg-background\">Emmerdale MTV3:lla maanantaista perjantaihin.<\/p>\n","protected":false},"excerpt":{"rendered":"ITV\/Mark Bruce\/Shutterstock\/All Over Press Ensi viikon Emmerdalessa yll\u00e4tysraskaus on er\u00e4\u00e4lle j\u00e4rkytys, Rose pyrkii petipuuhiin ja Chas kohtaa pelastavan&hellip;\n","protected":false},"author":2,"featured_media":17484,"comment_status":"","ping_status":"","sticky":false,"template":"","format":"standard","meta":{"footnotes":""},"categories":[133],"tags":[1192,6538,6537,6536,6540,6539,6531,6532,6533,6534,137,33,31,30,101,5372,905,32,206,156,6394,109,6535],"class_list":{"0":"post-17483","1":"post","2":"type-post","3":"status-publish","4":"format-standard","5":"has-post-thumbnail","7":"category-televisiot","8":"tag-draamasarja","9":"tag-emmerdale-chas","10":"tag-emmerdale-dawn","11":"tag-emmerdale-ella","12":"tag-emmerdale-kim","13":"tag-emmerdale-liam","14":"tag-emmerdale-rose","15":"tag-emmerdale-ruby","16":"tag-emmerdale-will","17":"tag-emmerdalen-juonipaljastukset","18":"tag-entertainment","19":"tag-fi","20":"tag-finland","21":"tag-finnish","22":"tag-ihmissuhteet","23":"tag-kolari","24":"tag-mtv3","25":"tag-suomi","26":"tag-televisiot","27":"tag-tv","28":"tag-vauvauutinen","29":"tag-viihde","30":"tag-yllatysraskaus"},"share_on_mastodon":{"url":"","error":""},"_links":{"self":[{"href":"https:\/\/www.europesays.com\/fi\/wp-json\/wp\/v2\/posts\/17483","targetHints":{"allow":["GET"]}}],"collection":[{"href":"https:\/\/www.europesays.com\/fi\/wp-json\/wp\/v2\/posts"}],"about":[{"href":"https:\/\/www.europesays.com\/fi\/wp-json\/wp\/v2\/types\/post"}],"author":[{"embeddable":true,"href":"https:\/\/www.europesays.com\/fi\/wp-json\/wp\/v2\/users\/2"}],"replies":[{"embeddable":true,"href":"https:\/\/www.europesays.com\/fi\/wp-json\/wp\/v2\/comments?post=17483"}],"version-history":[{"count":0,"href":"https:\/\/www.europesays.com\/fi\/wp-json\/wp\/v2\/posts\/17483\/revisions"}],"wp:featuredmedia":[{"embeddable":true,"href":"https:\/\/www.europesays.com\/fi\/wp-json\/wp\/v2\/media\/17484"}],"wp:attachment":[{"href":"https:\/\/www.europesays.com\/fi\/wp-json\/wp\/v2\/media?parent=17483"}],"wp:term":[{"taxonomy":"category","embeddable":true,"href":"https:\/\/www.europesays.com\/fi\/wp-json\/wp\/v2\/categories?post=17483"},{"taxonomy":"post_tag","embeddable":true,"href":"https:\/\/www.europesays.com\/fi\/wp-json\/wp\/v2\/tags?post=17483"}],"curies":[{"name":"wp","href":"https:\/\/api.w.org\/{rel}","templated":true}]}}