{"id":17503,"date":"2025-08-27T06:24:08","date_gmt":"2025-08-27T06:24:08","guid":{"rendered":"https:\/\/www.europesays.com\/fi\/17503\/"},"modified":"2025-08-27T06:24:08","modified_gmt":"2025-08-27T06:24:08","slug":"seiska-janne-ahonen-kertoo-uudesta-suhteestaan-yllatti-minut","status":"publish","type":"post","link":"https:\/\/www.europesays.com\/fi\/17503\/","title":{"rendered":"Seiska: Janne Ahonen kertoo uudesta suhteestaan: \u201dYll\u00e4tti minut\u201d"},"content":{"rendered":"<p>Janne Ahonen kertoo Seiskalle uudesta suhteestaan.<\/p>\n<p><img decoding=\"async\" class=\"image image-show image-preview\" src=\"https:\/\/www.europesays.com\/fi\/wp-content\/uploads\/2025\/08\/cde602d4d6a4866e50ff52e77c3e9b38460ace087ed2dd2acaedf0da3ad7ce73.jpg\" alt=\"\"\/><img decoding=\"async\" class=\"image image-show\" src=\"https:\/\/www.europesays.com\/fi\/wp-content\/uploads\/2025\/08\/1756275848_595_cde602d4d6a4866e50ff52e77c3e9b38460ace087ed2dd2acaedf0da3ad7ce73.jpg\" alt=\"\"\/><\/p>\n<p>Janne Ahonen kertoo uudesta rakkaastaan. Elle Laitila<\/p>\n<p class=\"paragraph\">Entisell\u00e4 m\u00e4kihypp\u00e4\u00e4j\u00e4ll\u00e4 <a href=\"https:\/\/www.iltalehti.fi\/henkilot\/Janne Ahonen\" class=\"article-link-person-page\" rel=\"nofollow noopener\" target=\"_blank\">Janne Ahosella<\/a> on uusi parisuhde, uutisoi <a href=\"https:\/\/www.seiska.fi\/urheilu\/uusi-suhde-nyt-puhuu-mysteeriblondin-kanssa-bongattu-janne-ahonen\/1910104\" target=\"_blank\" rel=\"noopener nofollow\">Seiska<\/a>.<\/p>\n<p class=\"paragraph\">Ahonen kertoo, ett\u00e4 pari on ollut yhdess\u00e4 alkukes\u00e4st\u00e4 asti.<\/p>\n<p class=\"paragraph\">\u2013 Kyll\u00e4 se aika yll\u00e4tt\u00e4en tuli. Niinh\u00e4n se el\u00e4m\u00e4ss\u00e4 aika monesti menee.<\/p>\n<p class=\"paragraph\">Ahonen paljastaa, ett\u00e4 uusi kumppani on h\u00e4nt\u00e4 hieman nuorempi. H\u00e4nen mukaansa parin huumorintaju kohtaa hyvin.<\/p>\n<p class=\"paragraph\">\u2013 H\u00e4n on tietysti ennen kaikkea mukava ihminen. Seh\u00e4n se l\u00e4ht\u00f6kohta aina on.<\/p>\n<p class=\"paragraph\">Ahonen erosi huhtikuussa pitk\u00e4aikaisesta puolisostaan Tiia Ahosesta. Pari kihlautui vuonna 1997 ja meni naimisiin vuonna 2004. Heill\u00e4 on kaksi yhteist\u00e4 lasta.<\/p>\n<p class=\"paragraph\">Ahonen kommentoi eroaan kev\u00e4\u00e4ll\u00e4 <a href=\"https:\/\/www.iltalehti.fi\/tv-ja-leffat\/c65a1824-1c75-49b4-bcf1-6a3bb0f6ab80\" rel=\"nofollow noopener\" target=\"_blank\">Iltalehdelle<\/a> niukkasanaisesti.<\/p>\n<p class=\"paragraph\">\u2013 T\u00e4ytyy sanoa, ett\u00e4 olen sit\u00e4 paremminkin voinut, mutta uusi tilanne ja eih\u00e4n sit\u00e4 oikein viel\u00e4 itsek\u00e4\u00e4n tied\u00e4, ett\u00e4 miten n\u00e4m\u00e4 hommat t\u00e4ss\u00e4 menee, mutta toivotaan, ett\u00e4 eteenp\u00e4in, h\u00e4n sanoi.<\/p>\n","protected":false},"excerpt":{"rendered":"Janne Ahonen kertoo Seiskalle uudesta suhteestaan. Janne Ahonen kertoo uudesta rakkaastaan. Elle Laitila Entisell\u00e4 m\u00e4kihypp\u00e4\u00e4j\u00e4ll\u00e4 Janne Ahosella on&hellip;\n","protected":false},"author":2,"featured_media":17504,"comment_status":"","ping_status":"","sticky":false,"template":"","format":"standard","meta":{"footnotes":""},"categories":[136],"tags":[35,1074,407,137,33,31,30,101,408,98,2718,103,32,109],"class_list":{"0":"post-17503","1":"post","2":"type-post","3":"status-publish","4":"format-standard","5":"has-post-thumbnail","7":"category-julkkikset","8":"tag-24h","9":"tag-avioliitto-ja-parisuhde","10":"tag-celebrities","11":"tag-entertainment","12":"tag-fi","13":"tag-finland","14":"tag-finnish","15":"tag-ihmissuhteet","16":"tag-julkkikset","17":"tag-perhe","18":"tag-romantiikka","19":"tag-sosiaalikysymykset","20":"tag-suomi","21":"tag-viihde"},"share_on_mastodon":{"url":"","error":""},"_links":{"self":[{"href":"https:\/\/www.europesays.com\/fi\/wp-json\/wp\/v2\/posts\/17503","targetHints":{"allow":["GET"]}}],"collection":[{"href":"https:\/\/www.europesays.com\/fi\/wp-json\/wp\/v2\/posts"}],"about":[{"href":"https:\/\/www.europesays.com\/fi\/wp-json\/wp\/v2\/types\/post"}],"author":[{"embeddable":true,"href":"https:\/\/www.europesays.com\/fi\/wp-json\/wp\/v2\/users\/2"}],"replies":[{"embeddable":true,"href":"https:\/\/www.europesays.com\/fi\/wp-json\/wp\/v2\/comments?post=17503"}],"version-history":[{"count":0,"href":"https:\/\/www.europesays.com\/fi\/wp-json\/wp\/v2\/posts\/17503\/revisions"}],"wp:featuredmedia":[{"embeddable":true,"href":"https:\/\/www.europesays.com\/fi\/wp-json\/wp\/v2\/media\/17504"}],"wp:attachment":[{"href":"https:\/\/www.europesays.com\/fi\/wp-json\/wp\/v2\/media?parent=17503"}],"wp:term":[{"taxonomy":"category","embeddable":true,"href":"https:\/\/www.europesays.com\/fi\/wp-json\/wp\/v2\/categories?post=17503"},{"taxonomy":"post_tag","embeddable":true,"href":"https:\/\/www.europesays.com\/fi\/wp-json\/wp\/v2\/tags?post=17503"}],"curies":[{"name":"wp","href":"https:\/\/api.w.org\/{rel}","templated":true}]}}