{"id":175881,"date":"2026-02-21T11:22:10","date_gmt":"2026-02-21T11:22:10","guid":{"rendered":"https:\/\/www.europesays.com\/fi\/175881\/"},"modified":"2026-02-21T11:22:10","modified_gmt":"2026-02-21T11:22:10","slug":"kuvat-frederikin-yllattava-kannykan-taustakuva","status":"publish","type":"post","link":"https:\/\/www.europesays.com\/fi\/175881\/","title":{"rendered":"Kuvat: Frederikin yll\u00e4tt\u00e4v\u00e4 k\u00e4nnyk\u00e4n taustakuva!"},"content":{"rendered":"<p>\n            20221006 HELSINKI. Seiska 30 vuotta. Frederik. KUVA: ATTE KAJOVA<br \/>\n            Atte Kajova\n        <\/p>\n<p class=\"subtitle \">Joku voisi luulla, ett\u00e4 Frederikin k\u00e4nnyk\u00e4n taustakuvana olisi vaikka joku nuori nainen, mutta ehei!<\/p>\n<p class=\"article-content article-content-width !bg-background\"> on v\u00e4sym\u00e4t\u00f6n iskelm\u00e4ori ja kosmopoliitti, joka viett\u00e4\u00e4 aikaa t\u00e4m\u00e4n t\u00e4st\u00e4 Kanariansaarilla, Thaimaassa, Yhdysvalloissa sek\u00e4 Virossa.<\/p>\n<p class=\"font-weight-bold m-font-weight-bold article-content article-content-width !bg-background\">Video: Frederik jakaa vinkkins\u00e4 miehille, kuinka saada kumppani.<\/p>\n<p class=\"article-content article-content-width !bg-background\">P\u00e4\u00e4kallonpaikka sijaitsee silti Espoon Mankkaalla.<\/p>\n<p class=\"article-content article-content-width !bg-background\">Junttidiskon kuningas n\u00e4hd\u00e4\u00e4n my\u00f6s maaliskuussa alkavalla Farmi Suomen kaudella.<\/p>\n<p>        <a itemprop=\"url\" href=\"https:\/\/www.seiska.fi\/katso\/farmi-suomen-pehtoori-sai-frederikilta-haisevat-terveiset-nain-han-kommentoi\/2079626\" rel=\"nofollow noopener\" target=\"_blank\"><\/p>\n<p>\nFarmi Suomi\n<\/p>\n<p class=\"section-date\">\n        <strong class=\"article-section\" data-section=\"katso\"><br \/>\n            katso<br \/>\n        <\/strong><br \/>\n        18.2. 12:15\n    <\/p>\n<p>Farmi Suomen pehtoori sai Frederikilt\u00e4 haisevat terveiset \u2013 n\u00e4in h\u00e4n kommentoi\n    <\/p>\n<p itemprop=\"description\" class=\"subtitle \">\n    Varhainen aamuher\u00e4tys ei ollut konkarilaulajan mieleen Farmin ensimm\u00e4isen\u00e4 p\u00e4iv\u00e4n\u00e4.\n<\/p>\n<p>        <\/a><\/p>\n<p class=\"article-content article-content-width !bg-background\">Jo viime kes\u00e4n\u00e4 kuvausten j\u00e4lkeen Frederik kuvasi reissua \u201dkeskitysleiriksi\u201d.<\/p>\n<p>                <img decoding=\"async\" src=\"https:\/\/www.europesays.com\/fi\/wp-content\/uploads\/2026\/02\/1771672929_356_2080678.webp.jpeg\" width=\"576\" height=\"720\" alt=\"Frederik on synonyymi sanalla '\u00e4ij\u00e4energia'.\" loading=\"lazy\" \/>            <\/p>\n<p>\n            Frederik on synonyymi sanalla &#8221;\u00e4ij\u00e4energia&#8221;.<br \/>\n            Matti Matikainen\n        <\/p>\n<p>Paskayll\u00e4tys pehtoorille<\/p>\n<p class=\"article-content article-content-width !bg-background\">Ohjelman pressitilaisuudessa Frederik kertoi, ett\u00e4 h\u00e4nell\u00e4 ja pehtoorilla tuli pient\u00e4 sanaharkkaa, kun Frederik her\u00e4tettiin omasta mielest\u00e4\u00e4n liian aikaisin y\u00f6unilta.<\/p>\n<p class=\"article-content article-content-width !bg-background\">Aamu\u00e4rtynyt Frederik vaati p\u00e4\u00e4sy\u00e4 vessaan, mutta se vaatimus ei onnistunut. T\u00e4m\u00e4n j\u00e4lkeen laulaja p\u00e4\u00e4tti omien sanojensa mukaan antaa haisevan vastalauseen.<\/p>\n<p>        <a itemprop=\"url\" href=\"https:\/\/www.seiska.fi\/katso\/osallistuja-lyttaa-farmi-suomen-taysin-jokainen-hetki-oli-vastenmielinen\/2079795\" rel=\"nofollow noopener\" target=\"_blank\"><\/p>\n<p>\nFarmi Suomen osallistujalta t\u00e4yslaidallinen\n<\/p>\n<p class=\"section-date\">\n        <strong class=\"article-section\" data-section=\"katso\"><br \/>\n            katso<br \/>\n        <\/strong><br \/>\n        19.2. 06:15\n    <\/p>\n<p>Osallistuja lytt\u00e4\u00e4 Farmi Suomen t\u00e4ysin: &#8221;Jokainen hetki oli vastenmielinen&#8221;\n    <\/p>\n<p itemprop=\"description\" class=\"subtitle \">\n    Ter\u00e4v\u00e4n sanans\u00e4il\u00e4n omaava taiteilija kertoi my\u00f6s vihaavansa kapitalismia sek\u00e4 viihdeteollisuutta \u2013 mik\u00e4 ei kuitenkaan est\u00e4nyt osallistumasta tosi-tv-ohjelmaan.\n<\/p>\n<p>        <\/a><\/p>\n<p class=\"article-content article-content-width !bg-background\">\u2013 Min\u00e4 paskansin pehtoorin talon kulmalle, Frederik t\u00e4r\u00e4ytti Farmi Suomen uuden kauden kilpailijoiden kokoontuessa ravintola Zetorissa Helsingiss\u00e4 17. helmikuuta.<\/p>\n<p>                <img decoding=\"async\" src=\"https:\/\/www.europesays.com\/fi\/wp-content\/uploads\/2026\/02\/2080746.webp.jpeg\" width=\"576\" height=\"221\" alt=\"Heikki Kuula kertoo saaneensa Frederikist\u00e4 inspiraation tuoreeseen Peter Pan -sinkkuunsa.\" loading=\"lazy\" \/>            <\/p>\n<p>\n            Heikki Kuula kertoo saaneensa Frederikist\u00e4 inspiraation tuoreeseen Peter Pan -sinkkuunsa.<br \/>\n            Stupido Records\n        <\/p>\n<p>&#8221;Rikos on vanhentunut&#8221;<\/p>\n<p class=\"article-content article-content-width !bg-background\">Pehtoori paljasti Seiskalle miesten mahtuvan samaan tilaan.<\/p>\n<p class=\"article-content article-content-width !bg-background\">\u2013 Seh\u00e4n on jo vanhentunut ajat sitten. Rikos on vanhentunut, pehtoori  vakuutti Katsolle pressiss\u00e4.<\/p>\n<p class=\"article-content article-content-width !bg-background\">Seiska haastatteli samaisessa tilaisuudessa Frederiki\u00e4, joka esitteli puhelintaan.<\/p>\n<p>        <a itemprop=\"url\" href=\"https:\/\/www.seiska.fi\/kotimaa\/huoli-herasi-frederikista-nain-iskelmaori-kommentoi\/2057860\" rel=\"nofollow noopener\" target=\"_blank\"><\/p>\n<p>\nHuoli her\u00e4si olemuksesta!\n<\/p>\n<p class=\"section-date\">\n        <strong class=\"article-section\" data-section=\"kotimaa\"><br \/>\n            kotimaa<br \/>\n        <\/strong><br \/>\n        28.1. 08:30\n    <\/p>\n<p>Huoli her\u00e4si Frederikist\u00e4 \u2013 n\u00e4in iskelm\u00e4ori kommentoi!\n    <\/p>\n<p itemprop=\"description\" class=\"subtitle \">\n    Frederik tuo mieleen Yhdysvaltain edellisen presidentin Joe Bidenin, jota kutsuttiin liikanimell\u00e4 \u201dSleepy Joe\u201d v\u00e4syneen ja sekavankin olemuksen tiimoilta.\n<\/p>\n<p>        <\/a><\/p>\n<p class=\"article-content article-content-width !bg-background\">Katse kiinnittyi taustakuvaan, joka on melkoinen \u2013 kuvassa on itse Frederik vuosia sitten.<\/p>\n<p class=\"article-content article-content-width !bg-background\">Kuvassa on reilusti nykyist\u00e4 nuorempi Frederik, jonka katseessa on pikkupoikamaisuutta \u2013 ehk\u00e4 jopa Peter Pania.<\/p>\n<p>                <img decoding=\"async\" src=\"https:\/\/www.europesays.com\/fi\/wp-content\/uploads\/2026\/02\/2080742.webp.jpeg\" width=\"576\" height=\"639\" alt=\"Frederik ja Frederikin k\u00e4nnykk\u00e4.\" loading=\"lazy\" \/>            <\/p>\n<p>\n            Frederik ja Frederikin k\u00e4nnykk\u00e4.<br \/>\n            Miikka Kaskinen\n        <\/p>\n<p>&#8221;Pojasta, joka s\u00e4ilyy aina nuorena&#8221;<\/p>\n<p class=\"article-content article-content-width !bg-background\">R\u00e4pp\u00e4ri  tuore sinkku Peter Pan kertoo muusikosta, joka ei vanhene, mutta yleis\u00f6 vanhenee.<\/p>\n<p class=\"article-content article-content-width !bg-background\"> \u2013 Tytt\u00e4ret muuttuu \u00e4ideiksi ja \u00e4ideist iso\u00e4ideiksi, kappaleessa riimitell\u00e4\u00e4n.<\/p>\n<p>        <a itemprop=\"url\" href=\"https:\/\/www.seiska.fi\/kotimaa\/frederik-muutti-tyyliaan-tassa-syy\/2055495\" rel=\"nofollow noopener\" target=\"_blank\"><\/p>\n<p>\nFrederik\n<\/p>\n<p class=\"section-date\">\n        <strong class=\"article-section\" data-section=\"kotimaa\"><br \/>\n            kotimaa<br \/>\n        <\/strong><br \/>\n        23.1. 18:30\n    <\/p>\n<p>Frederik muutti tyyli\u00e4\u00e4n \u2013 t\u00e4ss\u00e4 syy!\n    <\/p>\n<p itemprop=\"description\" class=\"subtitle \">\n    Junttidiscon kuningas muutti tyyli\u00e4\u00e4n erikoisesta syyst\u00e4.\n<\/p>\n<p>        <\/a><\/p>\n<p class=\"article-content article-content-width !bg-background\">Heikki onkin kertonut saaneensa innoituksen kappaleeseen tavattuaan Frederikin.<\/p>\n<p class=\"article-content article-content-width !bg-background\"> \u2013 Tapasin Frederikin t\u00e4n\u00e4 talvena pikkujoulukiertueella, ja h\u00e4n innoitti biisiin Peter Panista. Pojasta, joka s\u00e4ilyy aina nuorena ja saapuu joka vuosi samana, muuttumattomana itsen\u00e4\u00e4n, vaikka ihmiset, joita h\u00e4n tapaa, ovat vanhentuneet, Heikki kertoi levy-yhti\u00f6n tiedotteessa.<\/p>\n<p>                <img decoding=\"async\" src=\"https:\/\/www.europesays.com\/fi\/wp-content\/uploads\/2026\/02\/2080743.webp.jpeg\" width=\"576\" height=\"639\" alt=\"Voisiko syy Frederikin nuorekkuuteen olla manifestoinnissa ja oman kuvan tuijottelussa?\" loading=\"lazy\" \/>            <\/p>\n<p>\n            Voisiko syy Frederikin nuorekkuuteen olla manifestoinnissa ja oman kuvan tuijottelussa?<br \/>\n            Miikka Kaskinen\n        <\/p>\n<p class=\"article-content article-content-width !bg-background\"> \u2013 T\u00e4ss\u00e4 ammatissa yleis\u00f6 pysyy about saman ik\u00e4isen\u00e4, vaikka artisti vanhenee ja t\u00e4st\u00e4 syyst\u00e4 artisti itsekin s\u00e4ilyy nuorekkaampana, hyv\u00e4ss\u00e4 ja pahassa, Heikki maalailee osuvasti.<\/p>\n<p class=\"article-content article-content-width !bg-background\">Saattaakin olla, ett\u00e4 Frederik manifestoi itse\u00e4\u00e4n pysym\u00e4\u00e4n nuorena, kun puhelimesta tuijottaa jatkuvasti nuorempi Frederik.<\/p>\n","protected":false},"excerpt":{"rendered":"20221006 HELSINKI. Seiska 30 vuotta. Frederik. KUVA: ATTE KAJOVA Atte Kajova Joku voisi luulla, ett\u00e4 Frederikin k\u00e4nnyk\u00e4n taustakuvana&hellip;\n","protected":false},"author":2,"featured_media":175882,"comment_status":"","ping_status":"","sticky":false,"template":"","format":"standard","meta":{"footnotes":"","_share_on_mastodon":"0"},"categories":[130],"tags":[137,1762,33,31,30,1759,28249,28457,32,1764,156,109],"class_list":["post-175881","post","type-post","status-publish","format-standard","has-post-thumbnail","category-viihde","tag-entertainment","tag-farmi-suomi","tag-fi","tag-finland","tag-finnish","tag-frederik","tag-heikki-kuula","tag-peter-pan","tag-suomi","tag-terho-hakkinen","tag-tv","tag-viihde"],"share_on_mastodon":{"url":"https:\/\/pubeurope.com\/@fi\/116108364662389291","error":""},"_links":{"self":[{"href":"https:\/\/www.europesays.com\/fi\/wp-json\/wp\/v2\/posts\/175881","targetHints":{"allow":["GET"]}}],"collection":[{"href":"https:\/\/www.europesays.com\/fi\/wp-json\/wp\/v2\/posts"}],"about":[{"href":"https:\/\/www.europesays.com\/fi\/wp-json\/wp\/v2\/types\/post"}],"author":[{"embeddable":true,"href":"https:\/\/www.europesays.com\/fi\/wp-json\/wp\/v2\/users\/2"}],"replies":[{"embeddable":true,"href":"https:\/\/www.europesays.com\/fi\/wp-json\/wp\/v2\/comments?post=175881"}],"version-history":[{"count":0,"href":"https:\/\/www.europesays.com\/fi\/wp-json\/wp\/v2\/posts\/175881\/revisions"}],"wp:featuredmedia":[{"embeddable":true,"href":"https:\/\/www.europesays.com\/fi\/wp-json\/wp\/v2\/media\/175882"}],"wp:attachment":[{"href":"https:\/\/www.europesays.com\/fi\/wp-json\/wp\/v2\/media?parent=175881"}],"wp:term":[{"taxonomy":"category","embeddable":true,"href":"https:\/\/www.europesays.com\/fi\/wp-json\/wp\/v2\/categories?post=175881"},{"taxonomy":"post_tag","embeddable":true,"href":"https:\/\/www.europesays.com\/fi\/wp-json\/wp\/v2\/tags?post=175881"}],"curies":[{"name":"wp","href":"https:\/\/api.w.org\/{rel}","templated":true}]}}