{"id":17597,"date":"2025-08-27T08:23:09","date_gmt":"2025-08-27T08:23:09","guid":{"rendered":"https:\/\/www.europesays.com\/fi\/17597\/"},"modified":"2025-08-27T08:23:09","modified_gmt":"2025-08-27T08:23:09","slug":"nainen-aloitti-suhteen-venalaismiehen-kanssa-torkea-totuus-paljastui-virossa","status":"publish","type":"post","link":"https:\/\/www.europesays.com\/fi\/17597\/","title":{"rendered":"Nainen aloitti suhteen ven\u00e4l\u00e4ismiehen kanssa \u2013 T\u00f6rke\u00e4 totuus paljastui Virossa"},"content":{"rendered":"<p>Nainen alkoi vakoilla Ven\u00e4j\u00e4n turvallisuuspalvelussa ty\u00f6skentelev\u00e4n miesyst\u00e4v\u00e4ns\u00e4 ohjeistuksella. <\/p>\n<p><img decoding=\"async\" class=\"image image-show image-preview\" src=\"https:\/\/www.europesays.com\/fi\/wp-content\/uploads\/2025\/08\/b9762f32ff69fb61ec2e9810667d84b110727657d61d81b16ec6c2a217d1bf7f.jpg\" alt=\"\"\/><img decoding=\"async\" class=\"image image-show\" src=\"https:\/\/www.europesays.com\/fi\/wp-content\/uploads\/2025\/08\/1756282989_447_b9762f32ff69fb61ec2e9810667d84b110727657d61d81b16ec6c2a217d1bf7f.jpg\" alt=\"\"\/><\/p>\n<p>Nainen pid\u00e4tettiin toukokuussa. H\u00e4n on t\u00e4ll\u00e4 hetkell\u00e4 Tallinnan vankilassa. Kuvituskuva. AOP<\/p>\n<p class=\"paragraph\">Tarton k\u00e4r\u00e4j\u00e4oikeus on tuominnut 63-vuotiaan <strong>Erna Moisejevan<\/strong> kolmen vuoden vankeusrangaistukseen vakoilusta Ven\u00e4j\u00e4n hyv\u00e4ksi. Asiasta kertoo <a href=\"https:\/\/lounapostimees.postimees.ee\/8311962\/ma-vaga-kahetsen-et-ma-nii-tegin-vorus-moisteti-vangi-venemaa-heaks-luuranud-naine\" target=\"_blank\" rel=\"noopener nofollow\">virolaislehti Postimees<\/a>.<\/p>\n<p class=\"paragraph\">Vakoilu sai alkunsa, kun Moisejeva aloitti suhteen Ven\u00e4j\u00e4n turvallisuuspalvelu FSB:n ty\u00f6ntekij\u00e4n <strong>Vadim Parkhomenkon<\/strong> kanssa joulukuussa 2023. Mies ty\u00f6skenteli Ven\u00e4j\u00e4n rajavartiolaitoksella.<\/p>\n<p class=\"paragraph\">Moisejeva on Viron ja Ven\u00e4j\u00e4n kaksoiskansalainen. Tapahtuma-aikaan h\u00e4n asui Ven\u00e4j\u00e4n puolella Petseriss\u00e4, mutta ty\u00f6skenteli Virossa kirjanpit\u00e4j\u00e4n\u00e4.<\/p>\n<p class=\"paragraph\">Tuoreen miesyst\u00e4v\u00e4ns\u00e4 ohjeistuksella Moisejeva alkoi ker\u00e4t\u00e4 tietoja Virosta ja v\u00e4litti niit\u00e4 FSB:lle.<\/p>\n<p class=\"paragraph\">FSB antoi Moisejevalle teht\u00e4v\u00e4ksi ker\u00e4t\u00e4 tietoja muun muassa Viron sotilaskalustosta, Viron poliiseista ja muista Viron kansalaisista. Lis\u00e4ksi h\u00e4nt\u00e4 pyydettiin ker\u00e4\u00e4m\u00e4\u00e4n tietoja ty\u00f6kavereistaan V\u00e4rskan parantolassa.<\/p>\n<p class=\"paragraph\">Suhteen aikana Moisejeva viestitteli miehen kanssa Vkontakte-deittialustalla ja tapasi t\u00e4t\u00e4 Ven\u00e4j\u00e4ll\u00e4.<\/p>\n<p>Salakuljetusyrityksi\u00e4<\/p>\n<p class=\"paragraph\">Vakoilun lis\u00e4ksi Moisejeva sai tuomion kiellettyjen tavaroiden kuljettamisyrityksest\u00e4 Ven\u00e4j\u00e4lle. Moisejeva yritti kuljettaa kalliita viinej\u00e4 Ven\u00e4j\u00e4lle kes\u00e4kuussa 2024.<\/p>\n<p class=\"paragraph\">Ensimm\u00e4isell\u00e4 yrityksell\u00e4 nainen yritti salakuljettaa Ven\u00e4j\u00e4lle nelj\u00e4 pulloa viini\u00e4, toisella kerralla kolme. Kaikki viinipullot olivat yli 300 euron arvoisia. Hinnan takia pulloja pidettiin luksustuotteena, joiden kuljettaminen on Ven\u00e4j\u00e4lle pakotteiden takia kielletty\u00e4.<\/p>\n<p class=\"paragraph\">Syytt\u00e4j\u00e4 vaati Moisejevalle salakuljetusyrityksest\u00e4 vuoden ja kuuden kuukauden pituista vankeusrangaistusta.<\/p>\n<p class=\"paragraph\">Moisejeva osallistui oikeudenk\u00e4yntiin et\u00e4yhteydell\u00e4 Tallinnan vankilasta. Moisejeva sanoi katuvansa tekoaan ja j\u00e4\u00e4v\u00e4ns\u00e4 Viroon vankeusrangaistuksen j\u00e4lkeen.<\/p>\n","protected":false},"excerpt":{"rendered":"Nainen alkoi vakoilla Ven\u00e4j\u00e4n turvallisuuspalvelussa ty\u00f6skentelev\u00e4n miesyst\u00e4v\u00e4ns\u00e4 ohjeistuksella. Nainen pid\u00e4tettiin toukokuussa. H\u00e4n on t\u00e4ll\u00e4 hetkell\u00e4 Tallinnan vankilassa. Kuvituskuva.&hellip;\n","protected":false},"author":2,"featured_media":17598,"comment_status":"","ping_status":"","sticky":false,"template":"","format":"standard","meta":{"footnotes":""},"categories":[5],"tags":[35,22,23,26,27,33,31,30,17,24,25,28,29,15,977,976,18,21,1726,38,32,19,20,1727,16],"class_list":{"0":"post-17597","1":"post","2":"type-post","3":"status-publish","4":"format-standard","5":"has-post-thumbnail","7":"category-otsikot","8":"tag-24h","9":"tag-breaking-news","10":"tag-breakingnews","11":"tag-featured-news","12":"tag-featurednews","13":"tag-fi","14":"tag-finland","15":"tag-finnish","16":"tag-headlines","17":"tag-latest-news","18":"tag-latestnews","19":"tag-main-news","20":"tag-mainnews","21":"tag-news","22":"tag-oikeusistuimet","23":"tag-oikeusprosessit","24":"tag-otsikot","25":"tag-paauutiset","26":"tag-rangaistukset","27":"tag-rikos","28":"tag-suomi","29":"tag-top-stories","30":"tag-topstories","31":"tag-tuomiot","32":"tag-uutiset"},"share_on_mastodon":{"url":"","error":""},"_links":{"self":[{"href":"https:\/\/www.europesays.com\/fi\/wp-json\/wp\/v2\/posts\/17597","targetHints":{"allow":["GET"]}}],"collection":[{"href":"https:\/\/www.europesays.com\/fi\/wp-json\/wp\/v2\/posts"}],"about":[{"href":"https:\/\/www.europesays.com\/fi\/wp-json\/wp\/v2\/types\/post"}],"author":[{"embeddable":true,"href":"https:\/\/www.europesays.com\/fi\/wp-json\/wp\/v2\/users\/2"}],"replies":[{"embeddable":true,"href":"https:\/\/www.europesays.com\/fi\/wp-json\/wp\/v2\/comments?post=17597"}],"version-history":[{"count":0,"href":"https:\/\/www.europesays.com\/fi\/wp-json\/wp\/v2\/posts\/17597\/revisions"}],"wp:featuredmedia":[{"embeddable":true,"href":"https:\/\/www.europesays.com\/fi\/wp-json\/wp\/v2\/media\/17598"}],"wp:attachment":[{"href":"https:\/\/www.europesays.com\/fi\/wp-json\/wp\/v2\/media?parent=17597"}],"wp:term":[{"taxonomy":"category","embeddable":true,"href":"https:\/\/www.europesays.com\/fi\/wp-json\/wp\/v2\/categories?post=17597"},{"taxonomy":"post_tag","embeddable":true,"href":"https:\/\/www.europesays.com\/fi\/wp-json\/wp\/v2\/tags?post=17597"}],"curies":[{"name":"wp","href":"https:\/\/api.w.org\/{rel}","templated":true}]}}