{"id":176621,"date":"2026-02-22T09:34:07","date_gmt":"2026-02-22T09:34:07","guid":{"rendered":"https:\/\/www.europesays.com\/fi\/176621\/"},"modified":"2026-02-22T09:34:07","modified_gmt":"2026-02-22T09:34:07","slug":"tallainen-on-archie-cruzin-nayttava-menopeli-katso-kuva","status":"publish","type":"post","link":"https:\/\/www.europesays.com\/fi\/176621\/","title":{"rendered":"T\u00e4llainen on Archie Cruzin n\u00e4ytt\u00e4v\u00e4 menopeli \u2013 katso kuva!"},"content":{"rendered":"<p>\n            Archie Cruz ja h\u00e4nen uusi autonsa.<br \/>\n            Atte Kajova, Monica Kaurola\n        <\/p>\n<p class=\"subtitle \">Archien auto ei ole halvimmasta p\u00e4\u00e4st\u00e4.<\/p>\n<p class=\"article-content article-content-width !bg-background\">Seiska uutisoi aiemmin rokkari   ja mediapersoona   uudesta kodista.<\/p>\n<p class=\"font-weight-bold m-font-weight-bold article-content article-content-width !bg-background\">Katso video: Archien ja Iidan uusi koti<\/p>\n<p class=\"article-content article-content-width !bg-background\">Kohupari on kaikessa hiljaisuudessa muuttanut uuteen lemmenpes\u00e4\u00e4n. Seiskan selvityksen mukaan Archie ja Iida asuvat Sipoossa.<\/p>\n<p class=\"article-content article-content-width !bg-background\">Rauhallinen asuinalue tarjoaa hyv\u00e4t kulkuyhteydet Helsinkiin sek\u00e4 erinomaiset mahdollisuudet ulkoiluun ja luonnossa liikkumiseen.<\/p>\n<p>                <img decoding=\"async\" src=\"https:\/\/www.europesays.com\/fi\/wp-content\/uploads\/2026\/02\/1771752847_946_2078740.webp.jpeg\" width=\"576\" height=\"629\" title=\"Archie Cruz ja iida Vainio ovat asuneet uudessa kodissaan jo jonkin aikaa.\" alt=\"Kuvassa Archie Crux ylitt\u00e4\u00e4 katua Sipoossa.\" loading=\"lazy\" \/>            <\/p>\n<p>\n            Archie Cruz ja iida Vainio ovat asuneet uudessa kodissaan jo jonkin aikaa.<br \/>\n            Monica Kaurola\n        <\/p>\n<p>Rokkari kurvailee mersulla<\/p>\n<p class=\"article-content article-content-width !bg-background\">Archiella oli aiemmin valkoinen Porsche, johon h\u00e4n oli\u00a0teippauttanut isoilla kirjaimilla oman nimens\u00e4 sek\u00e4 kitarakoulunsa yhteystiedot.\u00a0<\/p>\n<p class=\"article-content article-content-width !bg-background\">Rokkari kurvailee nyky\u00e4\u00e4n n\u00e4ytt\u00e4v\u00e4ll\u00e4 mersulla, jonka h\u00e4n otti k\u00e4ytt\u00f6\u00f6n viime elokuussa. Archie on merkitty harmaanv\u00e4risen katumaasturin ensimm\u00e4iseksi haltijaksi.<\/p>\n<p class=\"article-content article-content-width !bg-background\">Auto on ladattava dieselhybridi, jossa on paljon tilaa sek\u00e4 matkustajille ett\u00e4 tavaroille. Mersun hinta py\u00f6rii noin 50 000\u201385 000 euron v\u00e4lill\u00e4 esimerkiksi varusteista riippuen.<\/p>\n<p class=\"article-content article-content-width !bg-background\">Archie on aiemmin esitellyt n\u00e4ytt\u00e4v\u00e4\u00e4 menopeli\u00e4\u00e4n my\u00f6s sosiaalisessa mediassa.<\/p>\n<p>                <img decoding=\"async\" src=\"https:\/\/www.europesays.com\/fi\/wp-content\/uploads\/2026\/02\/2078896.webp.jpeg\" width=\"576\" height=\"279\" title=\"Archie Cruzin Mercedes-Benz GLE 350 kiilsi talviauringossa.\" alt=\"Kuvassa n\u00e4hd\u00e4\u00e4n Archie Cruzin auto, joka on Mercedes-Benz GLE 350.\" loading=\"lazy\" \/>            <\/p>\n<p>\n            Archie Cruzin Mercedes-Benz GLE 350 kiilsi talviauringossa.<br \/>\n            Monica Kaurola\n        <\/p>\n<p>Perheaiheisia somep\u00e4ivityksi\u00e4<\/p>\n<p class=\"article-content article-content-width !bg-background\">Iida ja Archie ovat viime aikoina pit\u00e4neet melko matalaa profiilia julkisuudessa. Viime syksyn\u00e4 suhteessa koettiin myrskyis\u00e4 vaihe, kun molemmat osapuolet julkaisivat dramaattisia somep\u00e4ivityksi\u00e4.<\/p>\n<p class=\"article-content article-content-width !bg-background\">Archie ilmoitti elokuussa eronneensa Iidasta, joka puolestaan kiisti eron. Samoihin aikoihin Seiska kertoi Archien ja &#8221;kapakkanaisen&#8221; kohtaamisesta Tampereella.<\/p>\n<p>        <a itemprop=\"url\" href=\"https:\/\/www.seiska.fi\/kotimaa\/iidan-ja-archien-viestidraama-karjistyi-iidalta-pitka-avautuminen\/1957689\" rel=\"nofollow noopener\" target=\"_blank\"><\/p>\n<p>\nViestikohu k\u00e4rjistyi\n<\/p>\n<p class=\"section-date\">\n        <strong class=\"article-section\" data-section=\"kotimaa\"><br \/>\n            kotimaa<br \/>\n        <\/strong><br \/>\n        10.10.2025 14:53\n    <\/p>\n<p>Iidan ja Archien viestidraama k\u00e4rjistyi \u2013 Iidalta pitk\u00e4 avautuminen\n    <\/p>\n<p itemprop=\"description\" class=\"subtitle \">\n    Archien vieraalle naiselle l\u00e4hett\u00e4mist\u00e4 rakkausviesteist\u00e4 alkanut kohu vain paisuu.\n<\/p>\n<p>        <\/a><\/p>\n<p class=\"article-content article-content-width !bg-background\">Lokakuussa Iidan ja Archien h\u00e4mment\u00e4v\u00e4 sometoiminta jatkui, ja molemmat esittiv\u00e4t vakavia v\u00e4itteit\u00e4 toisistaan. Archie ilmoitti tuolloin, ett\u00e4 h\u00e4n ja Iida asuvat v\u00e4liaikaisesti eri osoitteissa.<\/p>\n<p class=\"article-content article-content-width !bg-background\">Joulun alla parin tyt\u00e4r t\u00e4ytti vuoden. Samoihin aikoihin Iida ja Archie julkaisivat perhe-aiheisia kuvia sosiaalisessa mediassa.<\/p>\n","protected":false},"excerpt":{"rendered":"Archie Cruz ja h\u00e4nen uusi autonsa. Atte Kajova, Monica Kaurola Archien auto ei ole halvimmasta p\u00e4\u00e4st\u00e4. Seiska uutisoi&hellip;\n","protected":false},"author":2,"featured_media":176622,"comment_status":"","ping_status":"","sticky":false,"template":"","format":"standard","meta":{"footnotes":"","_share_on_mastodon":"0"},"categories":[136],"tags":[2345,3579,4551,648,407,137,33,31,30,2344,408,28514,9845,32,109],"class_list":["post-176621","post","type-post","status-publish","format-standard","has-post-thumbnail","category-julkkikset","tag-archie-cruz","tag-arki","tag-auto","tag-autot","tag-celebrities","tag-entertainment","tag-fi","tag-finland","tag-finnish","tag-iida-vainio","tag-julkkikset","tag-katumaasturi","tag-mercedes-benz","tag-suomi","tag-viihde"],"share_on_mastodon":{"url":"https:\/\/pubeurope.com\/@fi\/116113602273992536","error":""},"_links":{"self":[{"href":"https:\/\/www.europesays.com\/fi\/wp-json\/wp\/v2\/posts\/176621","targetHints":{"allow":["GET"]}}],"collection":[{"href":"https:\/\/www.europesays.com\/fi\/wp-json\/wp\/v2\/posts"}],"about":[{"href":"https:\/\/www.europesays.com\/fi\/wp-json\/wp\/v2\/types\/post"}],"author":[{"embeddable":true,"href":"https:\/\/www.europesays.com\/fi\/wp-json\/wp\/v2\/users\/2"}],"replies":[{"embeddable":true,"href":"https:\/\/www.europesays.com\/fi\/wp-json\/wp\/v2\/comments?post=176621"}],"version-history":[{"count":0,"href":"https:\/\/www.europesays.com\/fi\/wp-json\/wp\/v2\/posts\/176621\/revisions"}],"wp:featuredmedia":[{"embeddable":true,"href":"https:\/\/www.europesays.com\/fi\/wp-json\/wp\/v2\/media\/176622"}],"wp:attachment":[{"href":"https:\/\/www.europesays.com\/fi\/wp-json\/wp\/v2\/media?parent=176621"}],"wp:term":[{"taxonomy":"category","embeddable":true,"href":"https:\/\/www.europesays.com\/fi\/wp-json\/wp\/v2\/categories?post=176621"},{"taxonomy":"post_tag","embeddable":true,"href":"https:\/\/www.europesays.com\/fi\/wp-json\/wp\/v2\/tags?post=176621"}],"curies":[{"name":"wp","href":"https:\/\/api.w.org\/{rel}","templated":true}]}}