{"id":176631,"date":"2026-02-22T09:42:07","date_gmt":"2026-02-22T09:42:07","guid":{"rendered":"https:\/\/www.europesays.com\/fi\/176631\/"},"modified":"2026-02-22T09:42:07","modified_gmt":"2026-02-22T09:42:07","slug":"maria-veitola-puhkeaa-kyyneliin-arja-saijonmaan-luona","status":"publish","type":"post","link":"https:\/\/www.europesays.com\/fi\/176631\/","title":{"rendered":"Maria Veitola puhkeaa kyyneliin Arja Saijonmaan luona"},"content":{"rendered":"<p>\n  Maria Veitola y\u00f6kyl\u00e4ilee j\u00e4lleen. Kymmenennell\u00e4 kaudella vieraillaan muun muassa Arja Saijonmaan luona Tukholmassa.<\/p>\n<p><strong>Maria Veitola<\/strong> palaa y\u00f6kyl\u00e4ilem\u00e4\u00e4n parin vuoden tauon j\u00e4lkeen. Kymmenes kausi aloitetaan <strong>Arja Saijonmaan<\/strong> luota Tukholmasta.<\/p>\n<p>Arja Saijonmaan uran k\u00e4\u00e4nteet laajasta ihmisoikeusty\u00f6st\u00e4 <strong>Leonard Cohenin <\/strong>kohtaamiseen tekev\u00e4t Veitolaan suuren vaikutuksen. Saijonmaa toteaakin Veitolalle, ettei yksik\u00e4\u00e4n h\u00e4nen nuoruutensa haaveista ole j\u00e4\u00e4nyt t\u00e4yttym\u00e4tt\u00e4 \u2013 paitsi \u00e4itiys.<\/p>\n<p>Veitola liikuttuu kyyneliin, kun Saijonmaa muistelee, miten t\u00e4m\u00e4n lapsettomuutta k\u00e4siteltiin muutama vuosikymmen sitten lehdist\u00f6ss\u00e4. Laulaja ei kertonut julkisesti kohdunpoistoleikkauksestaan, koska ei halunnut toimenpiteen leimaavan h\u00e4nt\u00e4. Sen sijaan h\u00e4net leimattiin mediassa itsekk\u00e4\u00e4ksi.<\/p>\n<p>\u201dSiit\u00e4 luotiin minulle ihmiskuva, naiskuva, ett\u00e4 olen h\u00e4ik\u00e4ilem\u00e4t\u00f6n pyrkyri, joka ajattelee vain omaa karri\u00e4\u00e4ri\u00e4\u00e4n eik\u00e4 halua lapsia. N\u00e4m\u00e4 otsakkeet olivat vaikeita\u201d, Saijonmaa sanoo. <\/p>\n<p>My\u00f6s Veitolan seuraavassa y\u00f6kyl\u00e4paikassa radiojuontaja-vaikuttaja <strong>Niko Saarisen <\/strong>luona p\u00e4\u00e4dyt\u00e4\u00e4n vakavien aiheiden \u00e4\u00e4relle. Saarinen puhuu paljon seksist\u00e4 mutta kertoo siin\u00e4 sivussa avoimesti rakkaudenkaipuustaan, ja jakson lopussa keskustelu lipuu h\u00e4nen kokemaansa uupumukseen. Kaksikko ehtii lis\u00e4ksi piipahtaa Saarisen \u00e4idin luona pohtimassa lapsenlapsiasioita.<\/p>\n<p>Veitola k\u00e4y kymmenvuotisjuhlakaudellaan my\u00f6s muun muassa <strong>Hjallis Harkimon<\/strong>, <strong>Satu R\u00e4m\u00f6n<\/strong> ja <strong>Martti Suosalon<\/strong> y\u00f6vieraana.<\/p>\n<p>Y\u00f6kyl\u00e4ss\u00e4 Maria Veitola, maanantai 23.2. klo 21.00, <a href=\"https:\/\/www.mtv.fi\/ohjelma\/6e0ba18a3d80d3238b5b\/yokylassa-maria-veitola\" target=\"_blank\" rel=\"noreferrer noopener nofollow\">MTV3<\/a><\/p>\n<p><a href=\"https:\/\/seura.fi\/viihde\/julkkikset\/maria-veitola-sai-apua-vaihdevuosiin-estrogeenikorvaushoidosta\/\" target=\"_blank\" rel=\"noreferrer noopener nofollow\">Lue my\u00f6s: \u201dMin\u00e4 en ollut t\u00e4llainen oikeasti\u201d \u2013 Maria Veitola avautuu ik\u00e4vist\u00e4 vaihdevuosioireistaan ja estrogeenikorvaushoidon tuomasta helpotuksesta<\/a><\/p>\n","protected":false},"excerpt":{"rendered":"Maria Veitola y\u00f6kyl\u00e4ilee j\u00e4lleen. Kymmenennell\u00e4 kaudella vieraillaan muun muassa Arja Saijonmaan luona Tukholmassa. Maria Veitola palaa y\u00f6kyl\u00e4ilem\u00e4\u00e4n parin&hellip;\n","protected":false},"author":2,"featured_media":176632,"comment_status":"","ping_status":"","sticky":false,"template":"","format":"standard","meta":{"footnotes":"","_share_on_mastodon":"0"},"categories":[130],"tags":[2633,137,33,31,30,1082,32,109],"class_list":["post-176631","post","type-post","status-publish","format-standard","has-post-thumbnail","category-viihde","tag-arja-saijonmaa","tag-entertainment","tag-fi","tag-finland","tag-finnish","tag-maria-veitola","tag-suomi","tag-viihde"],"share_on_mastodon":{"url":"https:\/\/pubeurope.com\/@fi\/116113633706774635","error":""},"_links":{"self":[{"href":"https:\/\/www.europesays.com\/fi\/wp-json\/wp\/v2\/posts\/176631","targetHints":{"allow":["GET"]}}],"collection":[{"href":"https:\/\/www.europesays.com\/fi\/wp-json\/wp\/v2\/posts"}],"about":[{"href":"https:\/\/www.europesays.com\/fi\/wp-json\/wp\/v2\/types\/post"}],"author":[{"embeddable":true,"href":"https:\/\/www.europesays.com\/fi\/wp-json\/wp\/v2\/users\/2"}],"replies":[{"embeddable":true,"href":"https:\/\/www.europesays.com\/fi\/wp-json\/wp\/v2\/comments?post=176631"}],"version-history":[{"count":0,"href":"https:\/\/www.europesays.com\/fi\/wp-json\/wp\/v2\/posts\/176631\/revisions"}],"wp:featuredmedia":[{"embeddable":true,"href":"https:\/\/www.europesays.com\/fi\/wp-json\/wp\/v2\/media\/176632"}],"wp:attachment":[{"href":"https:\/\/www.europesays.com\/fi\/wp-json\/wp\/v2\/media?parent=176631"}],"wp:term":[{"taxonomy":"category","embeddable":true,"href":"https:\/\/www.europesays.com\/fi\/wp-json\/wp\/v2\/categories?post=176631"},{"taxonomy":"post_tag","embeddable":true,"href":"https:\/\/www.europesays.com\/fi\/wp-json\/wp\/v2\/tags?post=176631"}],"curies":[{"name":"wp","href":"https:\/\/api.w.org\/{rel}","templated":true}]}}