{"id":17687,"date":"2025-08-27T10:49:08","date_gmt":"2025-08-27T10:49:08","guid":{"rendered":"https:\/\/www.europesays.com\/fi\/17687\/"},"modified":"2025-08-27T10:49:08","modified_gmt":"2025-08-27T10:49:08","slug":"tassa-ovat-elamani-biisi-ohjelman-artistit","status":"publish","type":"post","link":"https:\/\/www.europesays.com\/fi\/17687\/","title":{"rendered":"T\u00e4ss\u00e4 ovat El\u00e4m\u00e4ni biisi -ohjelman artistit"},"content":{"rendered":"<p>Uudet El\u00e4m\u00e4ni biisi -ohjelman artistit on julkaistu.<\/p>\n<p><img decoding=\"async\" class=\"image image-show image-preview\" src=\"https:\/\/www.europesays.com\/fi\/wp-content\/uploads\/2025\/08\/7cbafe429ce902355ab48fdd2f1a0f90184f4efa7fcfd2ebef3737061e114d5b.png\" alt=\"\"\/><img decoding=\"async\" class=\"image image-show\" src=\"https:\/\/www.europesays.com\/fi\/wp-content\/uploads\/2025\/08\/1756291748_43_7cbafe429ce902355ab48fdd2f1a0f90184f4efa7fcfd2ebef3737061e114d5b.png\" alt=\"\"\/><\/p>\n<p>El\u00e4m\u00e4ni biisi -ohjelman uudet artistit on julkistettu. Yellow Film &amp; TV \/Yle<\/p>\n<p class=\"paragraph\">El\u00e4m\u00e4ni biisi -ohjelman uudet artistit ovat julkaistu.<\/p>\n<p class=\"paragraph\">Tulevalla kaudella ovat mukana vanhat tutut <a href=\"https:\/\/www.iltalehti.fi\/henkilot\/Diandra Flores\" class=\"article-link-person-page\" rel=\"nofollow noopener\" target=\"_blank\">Diandra<\/a>, <a href=\"https:\/\/www.iltalehti.fi\/henkilot\/JP Lepp\u00e4luoto\" class=\"article-link-person-page\" rel=\"nofollow noopener\" target=\"_blank\">JP Lepp\u00e4luoto<\/a>, <a href=\"https:\/\/www.iltalehti.fi\/henkilot\/Lauri Mikkola\" class=\"article-link-person-page\" rel=\"nofollow noopener\" target=\"_blank\">Lauri Mikkola<\/a> ja <a href=\"https:\/\/www.iltalehti.fi\/henkilot\/Suvi Ter\u00e4sniska\" class=\"article-link-person-page\" rel=\"nofollow noopener\" target=\"_blank\">Suvi Ter\u00e4sniska<\/a>.<\/p>\n<p class=\"paragraph\">Uudet lis\u00e4ykset t\u00e4htikaartiin ovat <strong>Markku Aro<\/strong>, <a href=\"https:\/\/www.iltalehti.fi\/henkilot\/Henri Piispanen\" class=\"article-link-person-page\" rel=\"nofollow noopener\" target=\"_blank\">Henri Piispanen<\/a> ja <strong>Johanna Rauma<\/strong>.<\/p>\n<p class=\"paragraph\">\u2013 Oli yll\u00e4tys ja kunnia saada kutsu El\u00e4m\u00e4ni Biisiin. On hienoa tavata loistavia soittajia ja nuoria eturivin laulajia. Ajattelin viel\u00e4 kerran haastaa itseni ja antautua musiikin sy\u00f6vereihin, Markku Aro kertoo Ylen tiedotteessa.<\/p>\n<p class=\"paragraph\">Ohjelmassa vieraina n\u00e4hd\u00e4\u00e4n muun muassa <a href=\"https:\/\/www.iltalehti.fi\/henkilot\/Meiju Suvas\" class=\"article-link-person-page\" rel=\"nofollow noopener\" target=\"_blank\">Meiju Suvas<\/a>, <a href=\"https:\/\/www.iltalehti.fi\/henkilot\/Kristo Salminen\" class=\"article-link-person-page\" rel=\"nofollow noopener\" target=\"_blank\">Kristo Salminen<\/a>, <a href=\"https:\/\/www.iltalehti.fi\/henkilot\/Anja Snellman\" class=\"article-link-person-page\" rel=\"nofollow noopener\" target=\"_blank\">Anja Snellman<\/a>, <a href=\"https:\/\/www.iltalehti.fi\/henkilot\/Kake Randelin\" class=\"article-link-person-page\" rel=\"nofollow noopener\" target=\"_blank\">Kake Randelin<\/a>, <a href=\"https:\/\/www.iltalehti.fi\/henkilot\/Erika Vikman\" class=\"article-link-person-page\" rel=\"nofollow noopener\" target=\"_blank\">Erika Vikman<\/a>, <a href=\"https:\/\/www.iltalehti.fi\/henkilot\/K\u00e4\u00e4rij\u00e4\" class=\"article-link-person-page\" rel=\"nofollow noopener\" target=\"_blank\">K\u00e4\u00e4rij\u00e4<\/a>, <a href=\"https:\/\/www.iltalehti.fi\/henkilot\/Kaisa M\u00e4k\u00e4r\u00e4inen\" class=\"article-link-person-page\" rel=\"nofollow noopener\" target=\"_blank\">Kaisa M\u00e4k\u00e4r\u00e4inen<\/a> ja <a href=\"https:\/\/www.iltalehti.fi\/henkilot\/Esko Eerik\u00e4inen\" class=\"article-link-person-page\" rel=\"nofollow noopener\" target=\"_blank\">Esko Eerik\u00e4inen<\/a>.<\/p>\n<p class=\"paragraph\">Uusi El\u00e4m\u00e4ni biisi -ohjelman kausi alkaa 13. syyskuuta klo 21 Yle Areenassa ja Yle TV1:ss\u00e4. Katso kaikki ohjelmatiedot ja l\u00e4hetysajat <a href=\"https:\/\/www.iltalehti.fi\/telkku\" rel=\"nofollow noopener\" target=\"_blank\">Telkusta<\/a>.<\/p>\n","protected":false},"excerpt":{"rendered":"Uudet El\u00e4m\u00e4ni biisi -ohjelman artistit on julkaistu. El\u00e4m\u00e4ni biisi -ohjelman uudet artistit on julkistettu. Yellow Film &amp; TV&hellip;\n","protected":false},"author":2,"featured_media":17688,"comment_status":"","ping_status":"","sticky":false,"template":"","format":"standard","meta":{"footnotes":""},"categories":[133],"tags":[35,138,137,33,31,30,47,141,32,484,206,139,156,109],"class_list":{"0":"post-17687","1":"post","2":"type-post","3":"status-publish","4":"format-standard","5":"has-post-thumbnail","7":"category-televisiot","8":"tag-24h","9":"tag-audio","10":"tag-entertainment","11":"tag-fi","12":"tag-finland","13":"tag-finnish","14":"tag-musiikki","15":"tag-muusikot-bandit","16":"tag-suomi","17":"tag-taiteellinen-ilmaisu-ja-mediat","18":"tag-televisiot","19":"tag-tv-ohjelmat","20":"tag-tv","21":"tag-viihde"},"share_on_mastodon":{"url":"","error":""},"_links":{"self":[{"href":"https:\/\/www.europesays.com\/fi\/wp-json\/wp\/v2\/posts\/17687","targetHints":{"allow":["GET"]}}],"collection":[{"href":"https:\/\/www.europesays.com\/fi\/wp-json\/wp\/v2\/posts"}],"about":[{"href":"https:\/\/www.europesays.com\/fi\/wp-json\/wp\/v2\/types\/post"}],"author":[{"embeddable":true,"href":"https:\/\/www.europesays.com\/fi\/wp-json\/wp\/v2\/users\/2"}],"replies":[{"embeddable":true,"href":"https:\/\/www.europesays.com\/fi\/wp-json\/wp\/v2\/comments?post=17687"}],"version-history":[{"count":0,"href":"https:\/\/www.europesays.com\/fi\/wp-json\/wp\/v2\/posts\/17687\/revisions"}],"wp:featuredmedia":[{"embeddable":true,"href":"https:\/\/www.europesays.com\/fi\/wp-json\/wp\/v2\/media\/17688"}],"wp:attachment":[{"href":"https:\/\/www.europesays.com\/fi\/wp-json\/wp\/v2\/media?parent=17687"}],"wp:term":[{"taxonomy":"category","embeddable":true,"href":"https:\/\/www.europesays.com\/fi\/wp-json\/wp\/v2\/categories?post=17687"},{"taxonomy":"post_tag","embeddable":true,"href":"https:\/\/www.europesays.com\/fi\/wp-json\/wp\/v2\/tags?post=17687"}],"curies":[{"name":"wp","href":"https:\/\/api.w.org\/{rel}","templated":true}]}}