{"id":176895,"date":"2026-02-22T17:23:18","date_gmt":"2026-02-22T17:23:18","guid":{"rendered":"https:\/\/www.europesays.com\/fi\/176895\/"},"modified":"2026-02-22T17:23:18","modified_gmt":"2026-02-22T17:23:18","slug":"sara-chafak-paljastaa-yrittajyyden-haasteet-ja-unelmat-me-yritamme-jatkuvasti","status":"publish","type":"post","link":"https:\/\/www.europesays.com\/fi\/176895\/","title":{"rendered":"Sara Chafak paljastaa yritt\u00e4jyyden haasteet ja unelmat: &#8217;Me yrit\u00e4mme jatkuvasti!&#8217;"},"content":{"rendered":"<p>            Ninni Varsila\n        <\/p>\n<p class=\"subtitle \">Saralla on painava sana sanottavana bisneksist\u00e4\u00e4n.<\/p>\n<p class=\"article-content article-content-width !bg-background\">Monialanyritt\u00e4j\u00e4n\u00e4, kokkina ja vuoden 2012 Miss Suomena tunnettava , 35, hypp\u00e4si viime vuonna mukaan uuteen ravintolabisnekseen.<\/p>\n<p class=\"font-weight-bold m-font-weight-bold article-content article-content-width !bg-background\">Katso my\u00f6s! Sara Chafak kertoo vinkkins\u00e4 ihonhoitoon:<\/p>\n<p class=\"article-content article-content-width !bg-background\">Sara ja yksityishenkil\u00f6in\u00e4 pysyttelev\u00e4t yhti\u00f6kumppanit ostivat Helsingin Esplanadilta pariisilaistyylist\u00e4\u00e4n tunnetun ravintola Ch\u00e9rin, ja laittoivat sen tilalle pystyyn\u00a0Pohjois-Afrikan ja L\u00e4hi-id\u00e4n makuihin nojaavaan lounasbuffettin, ravintola Bibloksen.<\/p>\n<p>&#8221;T\u00e4ytyy rehellisesti sanoa..&#8221;<\/p>\n<p class=\"article-content article-content-width !bg-background\">Jo noin viidentoista vuoden ajan eri alojen yritt\u00e4j\u00e4n\u00e4 toiminut Sara kertoo, ettei koe aina olleensa yritt\u00e4j\u00e4henkinen.<\/p>\n<p class=\"article-content article-content-width !bg-background\"> \u2013 T\u00e4ytyy rehellisesti sanoa, etten koe ett\u00e4 olisin syntynyt yritt\u00e4j\u00e4ksi. en kuitenkaan halua olla toiselle t\u00f6iss\u00e4. Tykk\u00e4\u00e4n tehd\u00e4 itse ja p\u00e4\u00e4tt\u00e4\u00e4 itse asioista, niin sitten vaan ajauduin yritt\u00e4j\u00e4n tielle, h\u00e4n kertoo.<\/p>\n<p>        <a itemprop=\"url\" href=\"https:\/\/www.seiska.fi\/terveys\/sara-chafakilta-loydettiin-kolme-kasvainta-paljastaa-seiskalle-mika-tilanne-on-nyt\/1243963\" rel=\"nofollow noopener\" target=\"_blank\"><\/p>\n<p class=\"section-date\">\n        <strong class=\"article-section\" data-section=\"terveys\"><br \/>\n            terveys<br \/>\n        <\/strong><br \/>\n        16.1.2024 13:31\n    <\/p>\n<p>Sara Chafakilta l\u00f6ydettiin kolme kasvainta \u2013 paljastaa Seiskalle, mik\u00e4 tilanne on nyt\n    <\/p>\n<p itemprop=\"description\" class=\"subtitle \">\n    Yleisesti Saran vointi on ollut hyv\u00e4, vaikkakin h\u00e4n my\u00f6nt\u00e4\u00e4 olevansa levon tarpeessa.\n<\/p>\n<p>        <\/a><\/p>\n<p>                <img decoding=\"async\" src=\"https:\/\/www.europesays.com\/fi\/wp-content\/uploads\/2026\/02\/2081970.webp.jpeg\" width=\"576\" height=\"720\" alt=\"Sara n\u00e4hd\u00e4\u00e4n uudella Myyr\u00e4-ohjelman tuotantokaudella 1. huhtikuuta alkaen MTV:ll\u00e4.\" loading=\"lazy\" \/>            <\/p>\n<p>\n            Sara n\u00e4hd\u00e4\u00e4n uudella Myyr\u00e4-ohjelman tuotantokaudella 1. huhtikuuta alkaen MTV:ll\u00e4.<br \/>\n            Ninni Varsila\n        <\/p>\n<p class=\"article-content article-content-width !bg-background\">Sara kertoo nauttivansa oman bisneksen py\u00f6ritt\u00e4misest\u00e4, mutta harmailta hiuksilta ei h\u00e4nen mukaansa yritt\u00e4j\u00e4n\u00e4 v\u00e4ltyt\u00e4. Samaan hengenvetoon h\u00e4n lataa t\u00e4yslaidallisen Suomen antamasta tuesta yritt\u00e4ji\u00e4 kohtaan.<\/p>\n<p class=\"article-content article-content-width !bg-background\"> \u2013 Onhan se kivaa, mutta jumaliste se on rankkaa! Varsinkin t\u00e4\u00e4ll\u00e4 Suomessa t\u00e4\u00e4 yritt\u00e4jyys.. me yrit\u00e4mme, jatkuvasti!, Sara t\u00e4r\u00e4ytt\u00e4\u00e4.<\/p>\n<p>Viime lomasta kuusi vuotta aikaa<\/p>\n<p class=\"article-content article-content-width !bg-background\">Missivuodestaan asti itse\u00e4\u00e4n tavalla tai toisella ty\u00f6llist\u00e4nyt Sara kertoo jaksavansa yritt\u00e4jyytt\u00e4 intohimon avulla.<\/p>\n<p class=\"article-content article-content-width !bg-background\"> \u2013 Kun tekee intohimosta, niin se antaa enemm\u00e4n kuin ottaa, h\u00e4n kuvailee.<\/p>\n<p>        <a itemprop=\"url\" href=\"https:\/\/www.seiska.fi\/kotimaa\/sara-chafakin-rinnoista-loydettiin-lisaa-kasvaimia-paiva-kerrallaan\/1135141\" rel=\"nofollow noopener\" target=\"_blank\"><\/p>\n<p class=\"section-date\">\n        <strong class=\"article-section\" data-section=\"kotimaa\"><br \/>\n            kotimaa<br \/>\n        <\/strong><br \/>\n        11.9.2023 19:30\n    <\/p>\n<p>Sara Chafakin rinnoista l\u00f6ydettiin lis\u00e4\u00e4 kasvaimia: &#8221;P\u00e4iv\u00e4 kerrallaan&#8221;\n    <\/p>\n<p itemprop=\"description\" class=\"subtitle \">\n    Erosta toipuva Sara sai l\u00e4\u00e4k\u00e4rilt\u00e4 sek\u00e4 ik\u00e4vi\u00e4 ett\u00e4 hyvi\u00e4 uutisia.\n<\/p>\n<p>        <\/a><\/p>\n<p class=\"article-content article-content-width !bg-background\">Vaikka pitk\u00e4t p\u00e4iv\u00e4t ravintola Bibloksessa ovat Saralle antoisia, haaveilee h\u00e4n t\u00e4ll\u00e4 hetkell\u00e4 lomasta, jollaista h\u00e4n ei ole kuuteen vuoteen n\u00e4hnyt.<\/p>\n<p class=\"article-content article-content-width !bg-background\"> \u2013 Viimeksi vuonna 2020 olin lomalla, silleen ettei oikeasti tarvinnut tehd\u00e4 mit\u00e4\u00e4n, Sara kertoo.<\/p>\n<p>                <img decoding=\"async\" src=\"https:\/\/www.europesays.com\/fi\/wp-content\/uploads\/2026\/02\/2081995.webp.jpeg\" width=\"576\" height=\"720\" alt=\"Saran tie yritt\u00e4j\u00e4ksi l\u00e4hti vuonna 2012, h\u00e4nen tultua valituksi Miss Suomeksi.\" loading=\"lazy\" \/>            <\/p>\n<p>\n            Saran tie yritt\u00e4j\u00e4ksi l\u00e4hti vuonna 2012, h\u00e4nen tultua valituksi Miss Suomeksi.<br \/>\n            Timo Korhonen\n        <\/p>\n<p class=\"article-content article-content-width !bg-background\">Kokoajan eteen tulleet, toinen toistaan mielenkiintoisemmat projektit ovat saaneet loman jatkuvasti lykk\u00e4\u00e4ntym\u00e4\u00e4n, eik\u00e4 Sara en\u00e4\u00e4 tied\u00e4, osaisiko lomailla ollenkaan.<\/p>\n<p class=\"article-content article-content-width !bg-background\"> \u2013 Tuntuu ett\u00e4 viime lomasta on niin pitk\u00e4 aika, ett\u00e4 sitten kun p\u00e4\u00e4sisin lomalle, en ehk\u00e4 tied\u00e4 mit\u00e4 teen. Kun ei tarvitsisi vastata puhelimeen tai maileihin niin menisin varmaan ihan paniikkiin!, Sara naurahtaa.<\/p>\n","protected":false},"excerpt":{"rendered":"Ninni Varsila Saralla on painava sana sanottavana bisneksist\u00e4\u00e4n. Monialanyritt\u00e4j\u00e4n\u00e4, kokkina ja vuoden 2012 Miss Suomena tunnettava , 35,&hellip;\n","protected":false},"author":2,"featured_media":176896,"comment_status":"","ping_status":"","sticky":false,"template":"","format":"standard","meta":{"footnotes":"","_share_on_mastodon":"0"},"categories":[136],"tags":[407,137,33,31,30,408,212,2271,28538,2961,32,109,4004],"class_list":["post-176895","post","type-post","status-publish","format-standard","has-post-thumbnail","category-julkkikset","tag-celebrities","tag-entertainment","tag-fi","tag-finland","tag-finnish","tag-julkkikset","tag-lifestyle","tag-loma","tag-ravintola-bibloks","tag-sara-chafak","tag-suomi","tag-viihde","tag-yrittajyys"],"share_on_mastodon":{"url":"https:\/\/pubeurope.com\/@fi\/116115446394886088","error":""},"_links":{"self":[{"href":"https:\/\/www.europesays.com\/fi\/wp-json\/wp\/v2\/posts\/176895","targetHints":{"allow":["GET"]}}],"collection":[{"href":"https:\/\/www.europesays.com\/fi\/wp-json\/wp\/v2\/posts"}],"about":[{"href":"https:\/\/www.europesays.com\/fi\/wp-json\/wp\/v2\/types\/post"}],"author":[{"embeddable":true,"href":"https:\/\/www.europesays.com\/fi\/wp-json\/wp\/v2\/users\/2"}],"replies":[{"embeddable":true,"href":"https:\/\/www.europesays.com\/fi\/wp-json\/wp\/v2\/comments?post=176895"}],"version-history":[{"count":0,"href":"https:\/\/www.europesays.com\/fi\/wp-json\/wp\/v2\/posts\/176895\/revisions"}],"wp:featuredmedia":[{"embeddable":true,"href":"https:\/\/www.europesays.com\/fi\/wp-json\/wp\/v2\/media\/176896"}],"wp:attachment":[{"href":"https:\/\/www.europesays.com\/fi\/wp-json\/wp\/v2\/media?parent=176895"}],"wp:term":[{"taxonomy":"category","embeddable":true,"href":"https:\/\/www.europesays.com\/fi\/wp-json\/wp\/v2\/categories?post=176895"},{"taxonomy":"post_tag","embeddable":true,"href":"https:\/\/www.europesays.com\/fi\/wp-json\/wp\/v2\/tags?post=176895"}],"curies":[{"name":"wp","href":"https:\/\/api.w.org\/{rel}","templated":true}]}}