{"id":17695,"date":"2025-08-27T10:58:07","date_gmt":"2025-08-27T10:58:07","guid":{"rendered":"https:\/\/www.europesays.com\/fi\/17695\/"},"modified":"2025-08-27T10:58:07","modified_gmt":"2025-08-27T10:58:07","slug":"venajan-vakoilukone-pysaytettiin-itamerella-nato-lahetti-havittajat-ilmaan","status":"publish","type":"post","link":"https:\/\/www.europesays.com\/fi\/17695\/","title":{"rendered":"Ven\u00e4j\u00e4n vakoilukone pys\u00e4ytettiin It\u00e4merell\u00e4 \u2013 Nato l\u00e4hetti h\u00e4vitt\u00e4j\u00e4t ilmaan"},"content":{"rendered":"<p class=\"ai-optimize-6 ai-optimize-introduction\">Puolustusliitto Nato l\u00e4hetti kaksi saksalaista Eurofighter-h\u00e4vitt\u00e4j\u00e4\u00e4 pys\u00e4ytt\u00e4m\u00e4\u00e4n ven\u00e4l\u00e4isen vakoilukoneen, joka lensi kansainv\u00e4listen vesien yll\u00e4 It\u00e4merell\u00e4. Asiasta kertovat <a href=\"https:\/\/www.dw.com\/ru\/nato-podnala-nemeckie-istrebiteli-dla-soprovozdenia-samoletarazvedcika-rf-nad-baltikoj\/a-73775408\" target=\"_blank\" rel=\"noopener nofollow\">Deutsche Welle<\/a> ja <a href=\"https:\/\/united24media.com\/latest-news\/russia-sends-spy-plane-over-baltic-with-transponders-off-nato-responds-with-german-typhoons-11117\" target=\"_blank\" rel=\"noopener nofollow\">United 24<\/a>.<\/p>\n<p class=\"ai-optimize-7\">Naton mukaan ven\u00e4l\u00e4inen sotilaskone ei ollut j\u00e4tt\u00e4nyt lentosuunnitelmaa, mik\u00e4 teki siit\u00e4 entist\u00e4 ep\u00e4ilytt\u00e4v\u00e4mm\u00e4n.<\/p>\n<p class=\"ai-optimize-8\">Saksalaisten tiedotusv\u00e4lineiden mukaan kyseess\u00e4 on jo kymmenes kerta vuoden alun j\u00e4lkeen, kun saksalaiset joutuvat puuttumaan ven\u00e4l\u00e4isten koneiden toimintaan It\u00e4merell\u00e4.<\/p>\n<p class=\"ai-optimize-9\">J\u00e4nnitteet It\u00e4merell\u00e4 ovat kasvaneet viime kuukausien aikana. Ven\u00e4l\u00e4iset tiedustelukoneet, jotka usein l\u00e4htev\u00e4t Kaliningradista, ovat toistuvasti lent\u00e4neet l\u00e4hell\u00e4 Naton ilmatilaa ker\u00e4t\u00e4kseen tiedustelutietoa sotilaallisesta toiminnasta Puolassa, Saksassa, Tanskassa ja Ruotsissa.<\/p>\n","protected":false},"excerpt":{"rendered":"Puolustusliitto Nato l\u00e4hetti kaksi saksalaista Eurofighter-h\u00e4vitt\u00e4j\u00e4\u00e4 pys\u00e4ytt\u00e4m\u00e4\u00e4n ven\u00e4l\u00e4isen vakoilukoneen, joka lensi kansainv\u00e4listen vesien yll\u00e4 It\u00e4merell\u00e4. Asiasta kertovat Deutsche&hellip;\n","protected":false},"author":2,"featured_media":17696,"comment_status":"","ping_status":"","sticky":false,"template":"","format":"standard","meta":{"footnotes":""},"categories":[14],"tags":[22,23,26,27,33,31,30,17,1965,24,25,28,29,2579,15,18,21,32,19,20,56,16,547,59,60,61],"class_list":{"0":"post-17695","1":"post","2":"type-post","3":"status-publish","4":"format-standard","5":"has-post-thumbnail","7":"category-ulkomaat","8":"tag-breaking-news","9":"tag-breakingnews","10":"tag-featured-news","11":"tag-featurednews","12":"tag-fi","13":"tag-finland","14":"tag-finnish","15":"tag-headlines","16":"tag-itameri","17":"tag-latest-news","18":"tag-latestnews","19":"tag-main-news","20":"tag-mainnews","21":"tag-nato","22":"tag-news","23":"tag-otsikot","24":"tag-paauutiset","25":"tag-suomi","26":"tag-top-stories","27":"tag-topstories","28":"tag-ulkomaat","29":"tag-uutiset","30":"tag-venaja","31":"tag-world","32":"tag-world-news","33":"tag-worldnews"},"share_on_mastodon":{"url":"","error":""},"_links":{"self":[{"href":"https:\/\/www.europesays.com\/fi\/wp-json\/wp\/v2\/posts\/17695","targetHints":{"allow":["GET"]}}],"collection":[{"href":"https:\/\/www.europesays.com\/fi\/wp-json\/wp\/v2\/posts"}],"about":[{"href":"https:\/\/www.europesays.com\/fi\/wp-json\/wp\/v2\/types\/post"}],"author":[{"embeddable":true,"href":"https:\/\/www.europesays.com\/fi\/wp-json\/wp\/v2\/users\/2"}],"replies":[{"embeddable":true,"href":"https:\/\/www.europesays.com\/fi\/wp-json\/wp\/v2\/comments?post=17695"}],"version-history":[{"count":0,"href":"https:\/\/www.europesays.com\/fi\/wp-json\/wp\/v2\/posts\/17695\/revisions"}],"wp:featuredmedia":[{"embeddable":true,"href":"https:\/\/www.europesays.com\/fi\/wp-json\/wp\/v2\/media\/17696"}],"wp:attachment":[{"href":"https:\/\/www.europesays.com\/fi\/wp-json\/wp\/v2\/media?parent=17695"}],"wp:term":[{"taxonomy":"category","embeddable":true,"href":"https:\/\/www.europesays.com\/fi\/wp-json\/wp\/v2\/categories?post=17695"},{"taxonomy":"post_tag","embeddable":true,"href":"https:\/\/www.europesays.com\/fi\/wp-json\/wp\/v2\/tags?post=17695"}],"curies":[{"name":"wp","href":"https:\/\/api.w.org\/{rel}","templated":true}]}}