{"id":17721,"date":"2025-08-27T11:31:09","date_gmt":"2025-08-27T11:31:09","guid":{"rendered":"https:\/\/www.europesays.com\/fi\/17721\/"},"modified":"2025-08-27T11:31:09","modified_gmt":"2025-08-27T11:31:09","slug":"kuninkojan-kaupunkipurosta-siirretaan-sammalta-syrjaan-kunnostuksen-ajaksi","status":"publish","type":"post","link":"https:\/\/www.europesays.com\/fi\/17721\/","title":{"rendered":"Kuninkojan kaupunkipurosta siirret\u00e4\u00e4n sammalta syrj\u00e4\u00e4n kunnostuksen ajaksi"},"content":{"rendered":"<p class=\"teksti\">Turun kaupunki jatkaa Kuninkojan kaupunkipuron kunnostusta. T\u00f6it\u00e4 tehd\u00e4\u00e4n loppukes\u00e4n aikana viel\u00e4 Karjalaiskyl\u00e4n ja V\u00e4tin alueilla, joissa kaupunki ennallistaa Kuninkojan merkitt\u00e4v\u00e4\u00e4 sivu-uomaa, Kovasojaa, yhteens\u00e4 noin 200 metrin matkalta.<\/p>\n<p class=\"teksti\">\u2013 Puron uomaan lis\u00e4t\u00e4\u00e4n luonnonkive\u00e4 ja -soraa. Rantavy\u00f6hykkeilt\u00e4 kaadetaan my\u00f6s vierasper\u00e4isi\u00e4 salavia, joiden juuristo on vallannut puron uomaa, Turun kaupungin ymp\u00e4rist\u00f6nsuojelusuunnittelija Liisa Vainio kertoo kaupungin tiedotteessa.<\/p>\n<p class=\"teksti\">Kovasojalla kasvaa runsaasti kalanpoikasille ja pohjael\u00e4imille suojaa tarjoavaa n\u00e4kinsammalta. Sammaleet siirret\u00e4\u00e4n kunnostusten ajaksi turvaan ja palautetaan lopulta takaisin puroon. Sammal lis\u00e4\u00e4 p\u00e4iv\u00e4- ja koskikorentojen sek\u00e4 vesiperhosten m\u00e4\u00e4r\u00e4\u00e4. <\/p>\n<p>Jatkuu mainoksen j\u00e4lkeen <\/p>\n<p> Mainos p\u00e4\u00e4ttyy<\/p>\n<p class=\"teksti\">Kuninkojan kaupunkipuroa on nyt kunnostettu nelj\u00e4n\u00e4 per\u00e4kk\u00e4isen\u00e4 vuotena. Kuninkoja edustaa paikoin \u00e4\u00e4rimm\u00e4isen uhanalaista luontotyyppi\u00e4, savimaan puroa, jonka valtakunnallinen painopiste on Varsinais-Suomessa. Vuosien saatossa Kuninkojan tila on heikentynyt muun muassa maank\u00e4yt\u00f6n muutosten vuoksi.<\/p>\n<p class=\"teksti\">Kunnostuksen tavoitteena on elvytt\u00e4\u00e4 Kuninkojan puroluonto monimuotoisemmaksi. Viime vuonna Turku ja Valonia toteuttivat kunnostuksia Pl\u00e4kkikaupungissa, Mets\u00e4kyl\u00e4ss\u00e4, M\u00e4likk\u00e4l\u00e4ss\u00e4 sek\u00e4 Karjalaiskyl\u00e4n koskialueella. <\/p>\n<p class=\"teksti\">Turku aikoo toteuttaa Kuninkojan hoitosuunnitelman mukaiset toimet vuoteen 2029 menness\u00e4 osana Turun kaupungin LUMO-ohjelmaa. Ensi vuonna ty\u00f6t\u00e4 on tarkoitus jatkaa Kuninkojan p\u00e4\u00e4uomassa. Kunnostusten vaikuttavuutta arvioidaan tulevina vuosina muun muassa taimenen ja jokiravun lajiseurantojen avulla.<\/p>\n","protected":false},"excerpt":{"rendered":"Turun kaupunki jatkaa Kuninkojan kaupunkipuron kunnostusta. T\u00f6it\u00e4 tehd\u00e4\u00e4n loppukes\u00e4n aikana viel\u00e4 Karjalaiskyl\u00e4n ja V\u00e4tin alueilla, joissa kaupunki ennallistaa&hellip;\n","protected":false},"author":2,"featured_media":17722,"comment_status":"","ping_status":"","sticky":false,"template":"","format":"standard","meta":{"footnotes":""},"categories":[113],"tags":[446,33,31,30,118,32,119,447],"class_list":{"0":"post-17721","1":"post","2":"type-post","3":"status-publish","4":"format-standard","5":"has-post-thumbnail","7":"category-ymparisto","8":"tag-environment","9":"tag-fi","10":"tag-finland","11":"tag-finnish","12":"tag-science","13":"tag-suomi","14":"tag-tiede","15":"tag-ymparisto"},"share_on_mastodon":{"url":"","error":""},"_links":{"self":[{"href":"https:\/\/www.europesays.com\/fi\/wp-json\/wp\/v2\/posts\/17721","targetHints":{"allow":["GET"]}}],"collection":[{"href":"https:\/\/www.europesays.com\/fi\/wp-json\/wp\/v2\/posts"}],"about":[{"href":"https:\/\/www.europesays.com\/fi\/wp-json\/wp\/v2\/types\/post"}],"author":[{"embeddable":true,"href":"https:\/\/www.europesays.com\/fi\/wp-json\/wp\/v2\/users\/2"}],"replies":[{"embeddable":true,"href":"https:\/\/www.europesays.com\/fi\/wp-json\/wp\/v2\/comments?post=17721"}],"version-history":[{"count":0,"href":"https:\/\/www.europesays.com\/fi\/wp-json\/wp\/v2\/posts\/17721\/revisions"}],"wp:featuredmedia":[{"embeddable":true,"href":"https:\/\/www.europesays.com\/fi\/wp-json\/wp\/v2\/media\/17722"}],"wp:attachment":[{"href":"https:\/\/www.europesays.com\/fi\/wp-json\/wp\/v2\/media?parent=17721"}],"wp:term":[{"taxonomy":"category","embeddable":true,"href":"https:\/\/www.europesays.com\/fi\/wp-json\/wp\/v2\/categories?post=17721"},{"taxonomy":"post_tag","embeddable":true,"href":"https:\/\/www.europesays.com\/fi\/wp-json\/wp\/v2\/tags?post=17721"}],"curies":[{"name":"wp","href":"https:\/\/api.w.org\/{rel}","templated":true}]}}