{"id":17725,"date":"2025-08-27T11:38:09","date_gmt":"2025-08-27T11:38:09","guid":{"rendered":"https:\/\/www.europesays.com\/fi\/17725\/"},"modified":"2025-08-27T11:38:09","modified_gmt":"2025-08-27T11:38:09","slug":"makwan-amirkhanin-vaitetaan-olevan-ice-cage-tapahtuman-osakas-rehvastellut-osakkuudellaan-useille-henkiloille","status":"publish","type":"post","link":"https:\/\/www.europesays.com\/fi\/17725\/","title":{"rendered":"Makwan Amirkhanin v\u00e4itet\u00e4\u00e4n olevan Ice Cage -tapahtuman osakas \u2013 rehvastellut osakkuudellaan useille henkil\u00f6ille!"},"content":{"rendered":"<p>            PANU H\u00d6RKK\u00d6\n        <\/p>\n<p class=\"subtitle \">My\u00f6s Ice Cagen ex-koordinaattori vahvistaa Seiskalle Makwanin kertoneen osakkuudestaan.<\/p>\n<p class=\"article-content article-content-width !bg-background\">Pitk\u00e4n uran vapaaottelussa tehneen\u00a0\u00a0ylle lankesi ik\u00e4v\u00e4 varjo, kun muusikko\u00a0\u00a0kertoi Ylen pian julkaistavassa dokumentissa kokeneensa<br \/>\nseksuaalista v\u00e4kivaltaa viihdeohjelman kuvauksissa.<\/p>\n<p class=\"article-content article-content-width !bg-background\">My\u00f6hemmin Helsingin Sanomat<br \/>\nselvitti, ett\u00e4 kyse oli vuonna 2017 esitetyst\u00e4\u00a0Julkkisselviytyj\u00e4t-ohjelman<br \/>\nkuvauksista.<\/p>\n<p>        <a itemprop=\"url\" href=\"https:\/\/www.seiska.fi\/kotimaa\/aki-ja-rita-manninen-paljastavat-mira-luoti-joutui-pakenemaan-leirista\/1907211\" rel=\"nofollow noopener\" target=\"_blank\"><\/p>\n<p>\nAkin ja Ritan paljastukset Julkkisselviytyjist\u00e4\n<\/p>\n<p class=\"section-date\">\n        <strong class=\"article-section\" data-section=\"kotimaa\"><br \/>\n            kotimaa<br \/>\n        <\/strong><br \/>\n        24.8. 13:48\n    <\/p>\n<p>    Aki ja Rita Manninen paljastavat: &#8221;Mira Luoti joutui pakenemaan leirist\u00e4&#8221;<\/p>\n<p itemprop=\"description\" class=\"subtitle \">\n    Mannisilla on paljon sanottavaa kohusarjan kuvauksista.\n<\/p>\n<p>        <\/a><\/p>\n<p class=\"article-content article-content-width !bg-background\">Ohjelmassa 40 suomalaista julkkista l\u00e4hti pareittain<br \/>\nselvi\u00e4m\u00e4\u00e4n suomalaisessa luonnossa kolmeksi p\u00e4iv\u00e4ksi ja kahdeksi y\u00f6ksi. Luoti l\u00e4hti<br \/>\nohjelmaan Amirkhanin parina.<\/p>\n<p>                <img decoding=\"async\" src=\"https:\/\/www.europesays.com\/fi\/wp-content\/uploads\/2025\/08\/1911743.webp\" width=\"576\" height=\"672\" alt=\"Amirkhani ja Luoti nukkuivat samassa teltassa kahdestaan.\" loading=\"lazy\" \/>            <\/p>\n<p>\n            Amirkhani ja Luoti nukkuivat samassa teltassa kahdestaan.<br \/>\n            ANTTI HALINEN\n        <\/p>\n<p class=\"article-content article-content-width !bg-background\">Luoti ei ole lukuisista pyynn\u00f6ist\u00e4 huolimatta tarkentanut<br \/>\ntapahtumien kulkua Seiskalle. Luoti ei ole my\u00f6sk\u00e4\u00e4n vahvistanut seksuaaliseen<br \/>\nv\u00e4kivaltaan syyllistyneen henkil\u00f6n nime\u00e4.<\/p>\n<p class=\"article-content article-content-width !bg-background\">Seiskan saamien luotettavien tietojen mukaan Luoti on<br \/>\nkertonut usealle taholle joutuneensa Makwan Amirkhanin kanssa<br \/>\nep\u00e4miellytt\u00e4v\u00e4v\u00e4\u00e4n tilanteeseen kuvauksissa. Luoti ja Amirkhani olivat samassa<br \/>\nteltassa kahdestaan y\u00f6n yli.<\/p>\n<p>        <a itemprop=\"url\" href=\"https:\/\/www.seiska.fi\/kotimaa\/hs-uutta-tietoa-mira-luodin-tapauksesta\/1906868\" rel=\"nofollow noopener\" target=\"_blank\"><\/p>\n<p>\nHS:\n<\/p>\n<p class=\"section-date\">\n        <strong class=\"article-section\" data-section=\"kotimaa\"><br \/>\n            kotimaa<br \/>\n        <\/strong><br \/>\n        21.8. 17:14\n    <\/p>\n<p>    HS: Uutta tietoa Mira Luodin tapauksesta<\/p>\n<p itemprop=\"description\" class=\"subtitle \">\n    Helsingin Sanomien mukaan artistin kuvailema tapaus on tapahtunut vuonna 2016 kuvatussa Julkkisselviytyj\u00e4t-ohjelmassa, jossa Mira Luoti oli yksin mets\u00e4ss\u00e4 Makwan Amirkhanin kanssa.\n<\/p>\n<p>        <\/a><\/p>\n<p class=\"article-content article-content-width !bg-background\">My\u00f6s Helsingin Sanomien haltuunsa saama s\u00e4hk\u00f6posti todistaa,<br \/>\nett\u00e4 Luoti joutui Amirkhanin kanssa poikkeukselliseen tilanteeseen.<br \/>\nTuotantoyhti\u00e4 maksoi Luodille 1 500 euron korvauksen, koska h\u00e4nen ja Amirkhanin<br \/>\nv\u00e4lill\u00e4 oli tapahtunut \u201cik\u00e4vi\u00e4 tilanteita.\u201d<\/p>\n<p>                <img decoding=\"async\" src=\"https:\/\/www.europesays.com\/fi\/wp-content\/uploads\/2025\/08\/1911747.webp\" width=\"576\" height=\"562\" alt=\"Theo Kolehmainen on pyyt\u00e4nyt jo varamiest\u00e4 Amirkhanin tilalle.\" loading=\"lazy\" \/>            <\/p>\n<p>\n            Theo Kolehmainen on pyyt\u00e4nyt jo varamiest\u00e4 Amirkhanin tilalle.<br \/>\n            PANU H\u00d6RKK\u00d6\n        <\/p>\n<p class=\"article-content article-content-width !bg-background\">Amirkhanin pit\u00e4isi nousta 6. syyskuuta keh\u00e4\u00e4n<br \/>\nTurussa Ice Cage 5 -tapahtumassa, mutta toistaiseksi on ep\u00e4selv\u00e4\u00e4, toteutuuko<br \/>\nottelu.<\/p>\n<p class=\"article-content article-content-width !bg-background\">Vastustaja  kertoi juuri <a href=\"https:\/\/www.hs.fi\/urheilu\/art-2000011451383.html\" target=\"_blank\" rel=\"nofollow noopener\">Hesarille<\/a>, ett\u00e4 on vaatinut<br \/>\npromottoria jo j\u00e4rjest\u00e4m\u00e4\u00e4n varamiehen.<\/p>\n<p>        <a itemprop=\"url\" href=\"https:\/\/www.seiska.fi\/kotimaa\/hs-mira-luoti-puhuu-nyt-totuus-paljastui\/1908148\" rel=\"nofollow noopener\" target=\"_blank\"><\/p>\n<p>\nHS:\n<\/p>\n<p class=\"section-date\">\n        <strong class=\"article-section\" data-section=\"kotimaa\"><br \/>\n            kotimaa<br \/>\n        <\/strong><br \/>\n        22.8. 22:06\n    <\/p>\n<p>    HS: Mira Luoti puhuu nyt \u2013 totuus paljastui<\/p>\n<p itemprop=\"description\" class=\"subtitle \">\n    Makwan Amirkhani pysyy edelleen hiljaa Mira Luodin tapauksesta.\n<\/p>\n<p>        <\/a><\/p>\n<p>                <img decoding=\"async\" src=\"https:\/\/www.europesays.com\/fi\/wp-content\/uploads\/2025\/08\/1911754.webp\" width=\"576\" height=\"1004\" alt=\"Makun rooli Ice Cagessa on kasvanut vuoden aikana merkitt\u00e4v\u00e4ksi.\" loading=\"lazy\" \/>            <\/p>\n<p>\n            Makun rooli Ice Cagessa on kasvanut vuoden aikana merkitt\u00e4v\u00e4ksi.<br \/>\n            PANU H\u00d6RKK\u00d6\n        <\/p>\n<p class=\"article-content article-content-width !bg-background\">Seiskan tietojen mukaan Amirkhani oli<br \/>\nainakin ennen Luoti-kohua haaveillut pysyv\u00e4st\u00e4 jalansijasta kotimaisessa<br \/>\nkamppailu-urheilussa promoottorin roolissa.<\/p>\n<p>        <a itemprop=\"url\" href=\"https:\/\/www.seiska.fi\/kotimaa\/makwan-amirkhani-yllattava-ulostulo\/1908522\" rel=\"nofollow noopener\" target=\"_blank\"><\/p>\n<p>\nMakwan Amirkhani\n<\/p>\n<p class=\"section-date\">\n        <strong class=\"article-section\" data-section=\"kotimaa\"><br \/>\n            kotimaa<br \/>\n        <\/strong><br \/>\n        24.8. 10:06\n    <\/p>\n<p>    Makwan Amirkhani: yll\u00e4tt\u00e4v\u00e4 ulostulo!<\/p>\n<p itemprop=\"description\" class=\"subtitle \">\n    Vapaaottelija kommentoi julkisuudessa olleita v\u00e4itteit\u00e4.\n<\/p>\n<p>        <\/a><\/p>\n<p class=\"article-content article-content-width !bg-background\">Useat kamppailulajivaikuttajat kertovat<br \/>\nAmirkanin rehvastelleen jo pidemp\u00e4\u00e4n osakkuudellaan Ice Cage -organisaatiossa.<\/p>\n<p class=\"article-content article-content-width !bg-background\">\u2013 Maku on kehuskellut, ett\u00e4 h\u00e4n on<br \/>\ntapahtuman osakas. H\u00e4n on antanut ymm\u00e4rt\u00e4\u00e4 saavansa merkitt\u00e4v\u00e4n osuuden otteluiltojen tuotoista,<br \/>\nSeiskalle kerrotaan. <\/p>\n<p>                <img decoding=\"async\" src=\"https:\/\/www.europesays.com\/fi\/wp-content\/uploads\/2025\/08\/1911794.webp\" width=\"576\" height=\"432\" alt=\"Makun kerrotaan saaneen ison siivun Ice Cagesta.\" loading=\"lazy\" \/>            <\/p>\n<p>\n            Makun kerrotaan saaneen ison siivun Ice Cagesta.<br \/>\n            PANU H\u00d6RKK\u00d6\n        <\/p>\n<p class=\"article-content article-content-width !bg-background\">Useat tahot vahvistavat Amirkhanin tavasta neuvotella<br \/>\nyhteisty\u00f6kumppaneiden kanssa sellaisia diilej\u00e4, ett\u00e4 saisi rahan lis\u00e4ksi<br \/>\nosuuden firmasta. <\/p>\n<p class=\"article-content article-content-width !bg-background\">Amirkhanin ja Ice Cage -organisaation<br \/>\nv\u00e4lien kerrotaan l\u00e4hentyneen jo ennen viime joulukuun Ice Cage 3 -tapahtumaa. Amirhanin iso rooli on pantu merkille my\u00f6s aivan viime aikoina.<\/p>\n<p class=\"article-content article-content-width !bg-background\"> \u2013 Makun kaverit py\u00f6riv\u00e4t tapahtumissa henkil\u00f6kunnan l\u00e4tk\u00e4t kaulassa. Maku py\u00f6ritt\u00e4\u00e4 kuvauksia ja kertoo mit\u00e4 tehd\u00e4\u00e4n, Seiskalle kerrotaan. <\/p>\n<p>                <img decoding=\"async\" src=\"https:\/\/www.europesays.com\/fi\/wp-content\/uploads\/2025\/08\/1911815.webp\" width=\"576\" height=\"648\" alt=\"Seiska ei tavoittanut Ice Cage promoottori Max Hynnist\u00e4.\" loading=\"lazy\" \/>            <\/p>\n<p>\n            Seiska ei tavoittanut Ice Cage promoottori Max Hynnist\u00e4.<br \/>\n            PANU H\u00d6RKK\u00d6\n        <\/p>\n<p class=\"article-content article-content-width !bg-background\">L\u00e4hteiden mukaan Amirkhani oli perustamassa omaa organisaatiota, mutta teki lopulta osakkuusdiilin Ice Cagen kanssa.\u00a0<\/p>\n<p class=\"article-content article-content-width !bg-background\">Viime tiistaina julkaistu <a href=\"https:\/\/www.youtube.com\/channel\/UCpryP_lwxYJB0ckBfx6bbKg\" target=\"_blank\" rel=\"nofollow noopener\">Leveli<\/a>-podcast Youtubessa antaa my\u00f6s vahvoja viitteit\u00e4 siit\u00e4, ett\u00e4 Amirkhani on Ice Cagen osakas.\u00a0<\/p>\n<p>                <img decoding=\"async\" src=\"https:\/\/www.europesays.com\/fi\/wp-content\/uploads\/2025\/08\/1911869.webp\" width=\"576\" height=\"269\" alt=\"Opa, Nilu ja Slim Mill puivat Amirkhanin tilannetta Leveliss\u00e4.\" loading=\"lazy\" \/>            <\/p>\n<p>            , Nilu ja  puivat Amirkhanin tilannetta Leveliss\u00e4.<br \/>\n            YOUTUBE<\/p>\n<p class=\"article-content article-content-width !bg-background\">Jaksossa oli vieraana Ice Cage -yrityksen entinen tapahtumakoordinaattoti , joka kertoi Amirkhanin kertoneen hiljattain osakkuudestaan.\u00a0<\/p>\n<p class=\"article-content article-content-width !bg-background\">\u2013 Ainakin pari<br \/>\nkuukautta sitten, kun puhuin Makun kanssa puhelimessa, niin Maku sanoi minulle<br \/>\nett\u00e4 on osakas. En tied\u00e4, valehteliko h\u00e4n minulle, mutta miksi h\u00e4n tuollaista keksisi, Soleimani tuumasi.\u00a0<\/p>\n<p class=\"article-content article-content-width !bg-background\">Seiska tavoitti Soleimanin. H\u00e4n vahvisti saman asian mit\u00e4 oli Leveliss\u00e4 sanonut Amirkhanin osakkuudesta, mutta ei halunnut kommentoida asiaa enemp\u00e4\u00e4.<\/p>\n<p class=\"article-content article-content-width !bg-background\">Soleimanin tiedet\u00e4\u00e4n olevan hyvin perill\u00e4 kamppailualan sis\u00e4piiriasioista. H\u00e4n siirtyi hiljattain syyskuun lopulla j\u00e4rjestett\u00e4v\u00e4n F2F-kamppailutapahtuman tuotantovastaavaksi.\u00a0\u00a0<\/p>\n<p class=\"article-content article-content-width !bg-background\">Seiska yritti tuloksetta tavoitella Amirkhania ja Ice Cage -promottoria Max Hynnist\u00e4.<\/p>\n","protected":false},"excerpt":{"rendered":"PANU H\u00d6RKK\u00d6 My\u00f6s Ice Cagen ex-koordinaattori vahvistaa Seiskalle Makwanin kertoneen osakkuudestaan. Pitk\u00e4n uran vapaaottelussa tehneen\u00a0\u00a0ylle lankesi ik\u00e4v\u00e4 varjo,&hellip;\n","protected":false},"author":2,"featured_media":17726,"comment_status":"","ping_status":"","sticky":false,"template":"","format":"standard","meta":{"footnotes":""},"categories":[136],"tags":[407,137,33,31,30,5228,408,5394,5875,4800,4797,32,1700,109],"class_list":{"0":"post-17725","1":"post","2":"type-post","3":"status-publish","4":"format-standard","5":"has-post-thumbnail","7":"category-julkkikset","8":"tag-celebrities","9":"tag-entertainment","10":"tag-fi","11":"tag-finland","12":"tag-finnish","13":"tag-ice-cage","14":"tag-julkkikset","15":"tag-julkkisselviytyjat","16":"tag-makwan-amirkhani","17":"tag-mira-luoti","18":"tag-seksuaalinen-vakivalta","19":"tag-suomi","20":"tag-urheilulaji","21":"tag-viihde"},"share_on_mastodon":{"url":"","error":""},"_links":{"self":[{"href":"https:\/\/www.europesays.com\/fi\/wp-json\/wp\/v2\/posts\/17725","targetHints":{"allow":["GET"]}}],"collection":[{"href":"https:\/\/www.europesays.com\/fi\/wp-json\/wp\/v2\/posts"}],"about":[{"href":"https:\/\/www.europesays.com\/fi\/wp-json\/wp\/v2\/types\/post"}],"author":[{"embeddable":true,"href":"https:\/\/www.europesays.com\/fi\/wp-json\/wp\/v2\/users\/2"}],"replies":[{"embeddable":true,"href":"https:\/\/www.europesays.com\/fi\/wp-json\/wp\/v2\/comments?post=17725"}],"version-history":[{"count":0,"href":"https:\/\/www.europesays.com\/fi\/wp-json\/wp\/v2\/posts\/17725\/revisions"}],"wp:featuredmedia":[{"embeddable":true,"href":"https:\/\/www.europesays.com\/fi\/wp-json\/wp\/v2\/media\/17726"}],"wp:attachment":[{"href":"https:\/\/www.europesays.com\/fi\/wp-json\/wp\/v2\/media?parent=17725"}],"wp:term":[{"taxonomy":"category","embeddable":true,"href":"https:\/\/www.europesays.com\/fi\/wp-json\/wp\/v2\/categories?post=17725"},{"taxonomy":"post_tag","embeddable":true,"href":"https:\/\/www.europesays.com\/fi\/wp-json\/wp\/v2\/tags?post=17725"}],"curies":[{"name":"wp","href":"https:\/\/api.w.org\/{rel}","templated":true}]}}