{"id":17729,"date":"2025-08-27T11:43:07","date_gmt":"2025-08-27T11:43:07","guid":{"rendered":"https:\/\/www.europesays.com\/fi\/17729\/"},"modified":"2025-08-27T11:43:07","modified_gmt":"2025-08-27T11:43:07","slug":"netflixin-historian-suosituin-elokuva-on-saamassa-jatko-osan-neuvottelut-ovat-nyt-alkaneet","status":"publish","type":"post","link":"https:\/\/www.europesays.com\/fi\/17729\/","title":{"rendered":"Netflixin historian suosituin elokuva on saamassa jatko-osan &#8211; neuvottelut ovat nyt alkaneet"},"content":{"rendered":"\n<p><strong>Aamulla kerroimme, miten tuore K-popparit demonien j\u00e4ljill\u00e4 on noussut Netflixin historian katsotuimmaksi elokuvaksi. Pari kuukautta sitten julkaistulla animaatiolla on nyt jo 236 miljoonaa katselukertaa.<\/strong><\/p>\n<p>Jo hyv\u00e4n aikaa on ollut selv\u00e4\u00e4, ett\u00e4 Netflix v\u00e4hint\u00e4\u00e4nkin harkitsee K-popparit demonien j\u00e4ljill\u00e4 2:n tekemist\u00e4, ja nyt ensimm\u00e4iset askeleet jatko-osaa kohti on otettu.<\/p>\n<p><a href=\"https:\/\/www.hollywoodreporter.com\/movies\/movie-news\/kpop-demon-hunters-sony-netflix-sequel-talks-1236353972\/\" target=\"_blank\" rel=\"noopener nofollow\">The Hollywood Reporterin<\/a> mukaan Sony Pictures ja Netflix ovat aloittaneet neuvottelut K-popparit demonien j\u00e4ljill\u00e4 2:n tekemisest\u00e4. T\u00e4m\u00e4 ei tietenk\u00e4\u00e4n tarkoita viel\u00e4 automaattisesti elokuvan tekemist\u00e4, mutta mik\u00e4li osapuolet p\u00e4\u00e4sev\u00e4t sopimukseen, voidaan jatko-osan toteutumisesta odottaa uutisia ehk\u00e4 viel\u00e4 alkavan syksyn aikana.<\/p>\n<p>Toistaiseksi on viel\u00e4 silkan arvailun varassa, milloin uusi K-popparit-elokuva voisi ilmesty\u00e4. Ihan tyhj\u00e4st\u00e4 ei j\u00e4ttibudjetin animaatioita tunnetusti tehd\u00e4, joten valistunut veikkauksemme osuu vuoteen 2027.<\/p>\n<p>Aikaisintaan.<\/p>\n<p>K-popparit demonit j\u00e4ljill\u00e4 -fanit saivat maanantaina uuden sing-along-version Netflixiin. Kyseess\u00e4 on sama yhteislauluversio, joka ker\u00e4si roppakaupalla katsojia USA:n teattereihin viime viikonloppuna.<\/p>\n<p>Suomessa Netflixin hittielokuvaa ei ole valkokankaalla n\u00e4hty.<\/p>\n<blockquote class=\"wp-embedded-content\" data-secret=\"pij3w6swor\">\n<p><a href=\"https:\/\/muropaketti.com\/elokuvat\/elokuvauutiset\/vuoden-katsotuimmasta-netflix-elokuvasta-julkaistiin-tanaan-uusi-versio-tama-on-sinun-hetkesi\/\" rel=\"nofollow noopener\" target=\"_blank\">Vuoden katsotuimmasta Netflix-elokuvasta julkaistiin t\u00e4n\u00e4\u00e4n uusi versio: \u201dT\u00e4m\u00e4 on sinun hetkesi!\u201d<\/a><\/p>\n<\/blockquote>\n","protected":false},"excerpt":{"rendered":"Aamulla kerroimme, miten tuore K-popparit demonien j\u00e4ljill\u00e4 on noussut Netflixin historian katsotuimmaksi elokuvaksi. Pari kuukautta sitten julkaistulla animaatiolla&hellip;\n","protected":false},"author":2,"featured_media":6250,"comment_status":"","ping_status":"","sticky":false,"template":"","format":"standard","meta":{"footnotes":""},"categories":[131],"tags":[155,137,33,173,31,30,984,172,217,32,109],"class_list":{"0":"post-17729","1":"post","2":"type-post","3":"status-publish","4":"format-standard","5":"has-post-thumbnail","7":"category-elokuvat","8":"tag-elokuvat","9":"tag-entertainment","10":"tag-fi","11":"tag-film","12":"tag-finland","13":"tag-finnish","14":"tag-k-popparit-demonien-jaljilla","15":"tag-movies","16":"tag-netflix","17":"tag-suomi","18":"tag-viihde"},"share_on_mastodon":{"url":"","error":""},"_links":{"self":[{"href":"https:\/\/www.europesays.com\/fi\/wp-json\/wp\/v2\/posts\/17729","targetHints":{"allow":["GET"]}}],"collection":[{"href":"https:\/\/www.europesays.com\/fi\/wp-json\/wp\/v2\/posts"}],"about":[{"href":"https:\/\/www.europesays.com\/fi\/wp-json\/wp\/v2\/types\/post"}],"author":[{"embeddable":true,"href":"https:\/\/www.europesays.com\/fi\/wp-json\/wp\/v2\/users\/2"}],"replies":[{"embeddable":true,"href":"https:\/\/www.europesays.com\/fi\/wp-json\/wp\/v2\/comments?post=17729"}],"version-history":[{"count":0,"href":"https:\/\/www.europesays.com\/fi\/wp-json\/wp\/v2\/posts\/17729\/revisions"}],"wp:featuredmedia":[{"embeddable":true,"href":"https:\/\/www.europesays.com\/fi\/wp-json\/wp\/v2\/media\/6250"}],"wp:attachment":[{"href":"https:\/\/www.europesays.com\/fi\/wp-json\/wp\/v2\/media?parent=17729"}],"wp:term":[{"taxonomy":"category","embeddable":true,"href":"https:\/\/www.europesays.com\/fi\/wp-json\/wp\/v2\/categories?post=17729"},{"taxonomy":"post_tag","embeddable":true,"href":"https:\/\/www.europesays.com\/fi\/wp-json\/wp\/v2\/tags?post=17729"}],"curies":[{"name":"wp","href":"https:\/\/api.w.org\/{rel}","templated":true}]}}