{"id":177402,"date":"2026-02-23T08:27:06","date_gmt":"2026-02-23T08:27:06","guid":{"rendered":"https:\/\/www.europesays.com\/fi\/177402\/"},"modified":"2026-02-23T08:27:06","modified_gmt":"2026-02-23T08:27:06","slug":"woltin-toimitusjohtaja-lahetti-ansaitsee-noin-20-euroa-tunnissa","status":"publish","type":"post","link":"https:\/\/www.europesays.com\/fi\/177402\/","title":{"rendered":"Woltin toimitusjohtaja: L\u00e4hetti ansaitsee noin 20 euroa tunnissa"},"content":{"rendered":"<p>Palvelualojen ammattiliitto Pam neuvottelee parhaillaan alustayhti\u00f6 Woltin kanssa ty\u00f6suhteisten l\u00e4hettien ty\u00f6ehtosopimuksesta. Woltin toimitusjohtaja <strong>Marianne Vikkula<\/strong> kertoo Helsingin Sanomissa julkaistussa <a href=\"https:\/\/www.hs.fi\/mielipide\/art-2000011833175.html\" rel=\"nofollow noopener\" target=\"_blank\">mielipidekirjoituksessaan<\/a>, ett\u00e4 yhti\u00f6n tavoitteena on p\u00e4\u00e4st\u00e4 sopimukseen t\u00e4m\u00e4n kev\u00e4\u00e4n aikana.<\/p>\n<p>\u2013 Olemme kannattaneet alustaty\u00f6n s\u00e4\u00e4ntely\u00e4 koko toimintamme ajan, Vikkula toteaa.<\/p>\n<p>Suurin osa Woltin l\u00e4heteist\u00e4 on l\u00e4hettikumppaneita, eli heid\u00e4t on aiemmin katsottu yritt\u00e4jiksi. Korkein hallinto-oikeus kuitenkin linjasi viime vuonna, ett\u00e4 l\u00e4hetit ovat ty\u00f6ntekij\u00f6it\u00e4.<\/p>\n<p>\u2013 Olemme palkanneet jo kymmeni\u00e4 l\u00e4hettej\u00e4 ty\u00f6suhteeseen t\u00e4m\u00e4n vuoden aikana, Vikkula kertoo.<\/p>\n<p>Mainos &#8211; sis\u00e4lt\u00f6 jatkuu alla<\/p>\n<p>Suomen talouden vaikeudet n\u00e4kyv\u00e4t Vikkulan mukaan Woltin alustalla.<\/p>\n<p>\u2013 Kysynt\u00e4\u00e4 l\u00e4hettity\u00f6lle on valtavasti. Halukkaita l\u00e4hettej\u00e4 on enemm\u00e4n kuin mihin pystymme yrityksen\u00e4 vastaamaan, h\u00e4n kirjoittaa.<\/p>\n<p>Vikkulan mukaan Wolt sopiikin parhaiten nimenomaan osa-aikaiseksi lis\u00e4tulon l\u00e4hteeksi.<\/p>\n<p>\u2013 L\u00e4hettikumppaneiden keskim\u00e4\u00e4r\u00e4inen toteutunut palkkio Suomessa on noin 20\u201321 euroa tunnilta toimitusajalta; palkkioiden p\u00e4\u00e4lle maksetaan arvonlis\u00e4vero. L\u00e4hetit tekev\u00e4t Suomessa keskim\u00e4\u00e4rin 14 tuntia toimituksia viikkotasolla. Globaalisti vastaava luku on 8 tuntia viikossa, Vikkula kertoo.<\/p>\n<p>\u2013 Woltilla on antaa l\u00e4heteille yht\u00e4 monta kuljetustoimeksiantoa kuin on tilauksia. Siksi olemme pit\u00e4neet p\u00e4\u00e4syn alustalle rajattuna ja tasapainottaneet l\u00e4hettikumppanien m\u00e4\u00e4r\u00e4\u00e4 suojataksemme ansiotasoja. T\u00e4m\u00e4 on johtanut tilanteeseen, jossa noin 20\u202f000 ihmist\u00e4 on jonossa Wolt-l\u00e4hetiksi.<\/p>\n<p>Pamin mukaan yritt\u00e4jin\u00e4 toimivien l\u00e4hettien todellinen tuntipalkka j\u00e4\u00e4 4\u20136 euroon, koska palkkio maksetaan vain kuljetusajalta.<\/p>\n<p>Mainos &#8211; sis\u00e4lt\u00f6 jatkuu alla<\/p>\n<p>Woltin toimitusjohtaja kommentoi mielipidekirjoituksessaan my\u00f6s l\u00e4hettien tilien vuokraamista ja niihin liittyvi\u00e4 v\u00e4\u00e4rink\u00e4yt\u00f6ksi\u00e4. Ylen mukaan entiset <a href=\"https:\/\/yle.fi\/a\/74-20202349\" rel=\"nofollow noopener\" target=\"_blank\">Wolt-l\u00e4hetit vuokraavat tilej\u00e4\u00e4n toisten k\u00e4ytt\u00f6\u00f6n<\/a>. Maksuista osa hoidetaan Ylen mukaan pime\u00e4sti.<\/p>\n<p>\u2013 Ihmisten kipe\u00e4 tarve saada lis\u00e4elantoa on purkautunut ennenn\u00e4kem\u00e4tt\u00f6m\u00e4ll\u00e4 tavalla Wolt-tilien jakamiseksi ja vuokraamiseksi. Mahdollinen riisto, veronkierto tai kohtuuton veloitus l\u00e4hettitilin k\u00e4yt\u00f6st\u00e4 ei ole hyv\u00e4ksytt\u00e4v\u00e4\u00e4. Tilej\u00e4 ei ole tietenk\u00e4\u00e4n suunniteltu k\u00e4ytett\u00e4v\u00e4ksi n\u00e4in, Vikkula kirjoittaa.<\/p>\n<p>\u2013 Olemme k\u00e4ynnist\u00e4neet sis\u00e4iset selvitykset aiheesta. Vahvistamme my\u00f6s ilmiantokanaviemme toimintaa ja p\u00e4\u00e4t\u00e4mme sopimuksemme l\u00e4hettien kanssa, jos sopimuksen vastaista toimintaa ilmenee.<\/p>\n<p><strong>LUE MY\u00d6S:<\/strong><br \/><a href=\"https:\/\/www.verkkouutiset.fi\/a\/kokoomuksen-kansanedustaja-arvostelee-woltin-palkkoja-saattaa-kuulostaa-vasemmistolaiselta\/\" rel=\"nofollow noopener\" target=\"_blank\">Kokoomuksen kansanedustaja arvostelee Woltin palkkoja \u2013 \u201dSaattaa kuulostaa vasemmistolaiselta\u201d<\/a><\/p>\n","protected":false},"excerpt":{"rendered":"Palvelualojen ammattiliitto Pam neuvottelee parhaillaan alustayhti\u00f6 Woltin kanssa ty\u00f6suhteisten l\u00e4hettien ty\u00f6ehtosopimuksesta. Woltin toimitusjohtaja Marianne Vikkula kertoo Helsingin Sanomissa&hellip;\n","protected":false},"author":2,"featured_media":177403,"comment_status":"","ping_status":"","sticky":false,"template":"","format":"standard","meta":{"footnotes":"","_share_on_mastodon":"0"},"categories":[5],"tags":[2412,22,23,26,27,33,31,30,17,24,25,28,29,15,18,21,32,19,20,860,16],"class_list":["post-177402","post","type-post","status-publish","format-standard","has-post-thumbnail","category-otsikot","tag-alustatalous","tag-breaking-news","tag-breakingnews","tag-featured-news","tag-featurednews","tag-fi","tag-finland","tag-finnish","tag-headlines","tag-latest-news","tag-latestnews","tag-main-news","tag-mainnews","tag-news","tag-otsikot","tag-paauutiset","tag-suomi","tag-top-stories","tag-topstories","tag-tyoelama","tag-uutiset"],"share_on_mastodon":{"url":"https:\/\/pubeurope.com\/@fi\/116119001114524299","error":""},"_links":{"self":[{"href":"https:\/\/www.europesays.com\/fi\/wp-json\/wp\/v2\/posts\/177402","targetHints":{"allow":["GET"]}}],"collection":[{"href":"https:\/\/www.europesays.com\/fi\/wp-json\/wp\/v2\/posts"}],"about":[{"href":"https:\/\/www.europesays.com\/fi\/wp-json\/wp\/v2\/types\/post"}],"author":[{"embeddable":true,"href":"https:\/\/www.europesays.com\/fi\/wp-json\/wp\/v2\/users\/2"}],"replies":[{"embeddable":true,"href":"https:\/\/www.europesays.com\/fi\/wp-json\/wp\/v2\/comments?post=177402"}],"version-history":[{"count":0,"href":"https:\/\/www.europesays.com\/fi\/wp-json\/wp\/v2\/posts\/177402\/revisions"}],"wp:featuredmedia":[{"embeddable":true,"href":"https:\/\/www.europesays.com\/fi\/wp-json\/wp\/v2\/media\/177403"}],"wp:attachment":[{"href":"https:\/\/www.europesays.com\/fi\/wp-json\/wp\/v2\/media?parent=177402"}],"wp:term":[{"taxonomy":"category","embeddable":true,"href":"https:\/\/www.europesays.com\/fi\/wp-json\/wp\/v2\/categories?post=177402"},{"taxonomy":"post_tag","embeddable":true,"href":"https:\/\/www.europesays.com\/fi\/wp-json\/wp\/v2\/tags?post=177402"}],"curies":[{"name":"wp","href":"https:\/\/api.w.org\/{rel}","templated":true}]}}