{"id":17742,"date":"2025-08-27T11:57:35","date_gmt":"2025-08-27T11:57:35","guid":{"rendered":"https:\/\/www.europesays.com\/fi\/17742\/"},"modified":"2025-08-27T11:57:35","modified_gmt":"2025-08-27T11:57:35","slug":"ymparisto-itameri-alkaa-espoolaisesta-kotipihasta-nain-kaivoon-pudotettu-roska-paatyy-suomenlahteen-paikalliset","status":"publish","type":"post","link":"https:\/\/www.europesays.com\/fi\/17742\/","title":{"rendered":"Ymp\u00e4rist\u00f6 | It\u00e4meri alkaa espoolaisesta kotipihasta \u2013 n\u00e4in kaivoon pudotettu roska p\u00e4\u00e4tyy Suomenlahteen | Paikalliset"},"content":{"rendered":"<p>Katujen ritil\u00e4kantiset kaivot ovat tuttu n\u00e4ky kaupunkilaisille. Kun j\u00e4\u00e4tel\u00f6paperi, tupakantumppi tai karkkipussi tipahtaa sadevesiviem\u00e4riin, se ei katoa \u2013 se jatkaa matkaa ja voi p\u00e4\u00e4ty\u00e4 It\u00e4mereen.<\/p>\n<p>Espoossa pihakaivoon heitetty roska p\u00e4\u00e4tyy todenn\u00e4k\u00f6isesti It\u00e4mereen, kertoo HSY:n asiantuntija <strong>Olga Lumij\u00e4rvi.<\/strong><\/p>\n","protected":false},"excerpt":{"rendered":"Katujen ritil\u00e4kantiset kaivot ovat tuttu n\u00e4ky kaupunkilaisille. Kun j\u00e4\u00e4tel\u00f6paperi, tupakantumppi tai karkkipussi tipahtaa sadevesiviem\u00e4riin, se ei katoa \u2013&hellip;\n","protected":false},"author":2,"featured_media":17743,"comment_status":"","ping_status":"","sticky":false,"template":"","format":"standard","meta":{"footnotes":""},"categories":[113],"tags":[446,400,33,31,30,104,1965,961,72,614,118,32,119,447,534],"class_list":{"0":"post-17742","1":"post","2":"type-post","3":"status-publish","4":"format-standard","5":"has-post-thumbnail","7":"category-ymparisto","8":"tag-environment","9":"tag-espoo","10":"tag-fi","11":"tag-finland","12":"tag-finnish","13":"tag-helsinki","14":"tag-itameri","15":"tag-luonnonsuojelu","16":"tag-luonto","17":"tag-maakunta-uusimaa","18":"tag-science","19":"tag-suomi","20":"tag-tiede","21":"tag-ymparisto","22":"tag-ymparisto-ja-luonto"},"share_on_mastodon":{"url":"","error":""},"_links":{"self":[{"href":"https:\/\/www.europesays.com\/fi\/wp-json\/wp\/v2\/posts\/17742","targetHints":{"allow":["GET"]}}],"collection":[{"href":"https:\/\/www.europesays.com\/fi\/wp-json\/wp\/v2\/posts"}],"about":[{"href":"https:\/\/www.europesays.com\/fi\/wp-json\/wp\/v2\/types\/post"}],"author":[{"embeddable":true,"href":"https:\/\/www.europesays.com\/fi\/wp-json\/wp\/v2\/users\/2"}],"replies":[{"embeddable":true,"href":"https:\/\/www.europesays.com\/fi\/wp-json\/wp\/v2\/comments?post=17742"}],"version-history":[{"count":0,"href":"https:\/\/www.europesays.com\/fi\/wp-json\/wp\/v2\/posts\/17742\/revisions"}],"wp:featuredmedia":[{"embeddable":true,"href":"https:\/\/www.europesays.com\/fi\/wp-json\/wp\/v2\/media\/17743"}],"wp:attachment":[{"href":"https:\/\/www.europesays.com\/fi\/wp-json\/wp\/v2\/media?parent=17742"}],"wp:term":[{"taxonomy":"category","embeddable":true,"href":"https:\/\/www.europesays.com\/fi\/wp-json\/wp\/v2\/categories?post=17742"},{"taxonomy":"post_tag","embeddable":true,"href":"https:\/\/www.europesays.com\/fi\/wp-json\/wp\/v2\/tags?post=17742"}],"curies":[{"name":"wp","href":"https:\/\/api.w.org\/{rel}","templated":true}]}}