{"id":17748,"date":"2025-08-27T12:07:07","date_gmt":"2025-08-27T12:07:07","guid":{"rendered":"https:\/\/www.europesays.com\/fi\/17748\/"},"modified":"2025-08-27T12:07:07","modified_gmt":"2025-08-27T12:07:07","slug":"tassa-ovat-uudet-elamani-biisi-ohjelman-laulajat","status":"publish","type":"post","link":"https:\/\/www.europesays.com\/fi\/17748\/","title":{"rendered":"T\u00e4ss\u00e4 ovat uudet El\u00e4m\u00e4ni biisi -ohjelman laulajat"},"content":{"rendered":"<p>El\u00e4m\u00e4ni biisi -musiikkiohjelmassa lavalle nousee kolme uutta laulajaa.<\/p>\n<p class=\"article-body margin-bottom-24 padding-x-16\">Suosikkiohjelma El\u00e4m\u00e4ni biisi saa kolme uutta t\u00e4htisolistia. Mukana tulevalla seitsem\u00e4nnell\u00e4 kaudella ovat <a class=\"article-personlink\" href=\"https:\/\/www.is.fi\/haku\/?query=Henri%20Piispanen\" rel=\"nofollow noopener\" target=\"_blank\">Henri Piispanen<\/a>, <a class=\"article-personlink\" href=\"https:\/\/www.is.fi\/haku\/?query=Johanna%20Rauma\" rel=\"nofollow noopener\" target=\"_blank\">Johanna Rauma<\/a> ja <a class=\"article-personlink\" href=\"https:\/\/www.is.fi\/haku\/?query=Markku%20Aro\" rel=\"nofollow noopener\" target=\"_blank\">Markku Aro<\/a>.<\/p>\n<p class=\"article-body margin-bottom-24 padding-x-16\">Uusien t\u00e4htisolistien lis\u00e4ksi ohjelmassa mukana ovat jo aiemmilta kausilta tutut <a class=\"article-personlink\" href=\"https:\/\/www.is.fi\/haku\/?query=Diandra\" rel=\"nofollow noopener\" target=\"_blank\">Diandra<\/a>, <a class=\"article-personlink\" href=\"https:\/\/www.is.fi\/haku\/?query=JP%20Lepp%C3%A4luoto\" rel=\"nofollow noopener\" target=\"_blank\">JP Lepp\u00e4luoto<\/a>, <a class=\"article-personlink\" href=\"https:\/\/www.is.fi\/haku\/?query=Suvi%20Ter%C3%A4sniska\" rel=\"nofollow noopener\" target=\"_blank\">Suvi Ter\u00e4sniska<\/a> ja <a class=\"article-personlink\" href=\"https:\/\/www.is.fi\/haku\/?query=Lauri%20Mikkola\" rel=\"nofollow noopener\" target=\"_blank\">Lauri Mikkola<\/a>.<\/p>\n<p class=\"article-body margin-bottom-24 padding-x-16\">Markku Aro on jo pitk\u00e4n musiikkiuran tehnyt iskelm\u00e4laulaja, joka edusti Suomea Euroviisuissa 1971. My\u00f6s toinen uusi t\u00e4htisolisti Henri Piispanen on tuttu viisulavalta. H\u00e4n edusti Suomea viisuissa 2024 yhdess\u00e4 <a class=\"article-personlink\" href=\"https:\/\/www.is.fi\/haku\/?query=Windows95Manin\" rel=\"nofollow noopener\" target=\"_blank\">Windows95Manin<\/a> kanssa.<\/p>\n<p class=\"article-body margin-bottom-24 padding-x-16\">\u2013 Oli yll\u00e4tys ja kunnia saada kutsu El\u00e4m\u00e4ni biisiin. On hienoa tavata loistavia soittajia ja nuoria eturivin laulajia. Ajattelin viel\u00e4 kerran haastaa itseni ja antautua musiikin sy\u00f6vereihin, Markku Aro kuvailee Ylen tiedotteessa.<\/p>\n<p class=\"article-body margin-bottom-24 padding-x-16\">Piispanen kuvailee odottavana innolla El\u00e4m\u00e4ni biisi -l\u00e4hetyksi\u00e4.<\/p>\n<p class=\"article-body margin-bottom-24 padding-x-16\">\u2013 Olen kovin otettu, ett\u00e4 minut pyydettiin ohjelmaan. Haluan haastaa itse\u00e4ni ja poistua mukavuusalueeltani laulamalla genrej\u00e4, joita en ole ennen juurikaan laulanut, Henri Piispanen kertoo.<\/p>\n<p class=\"article-body margin-bottom-24 padding-x-16\">Punomo-yhtyeest\u00e4 tuttu soul-laulaja ja lauluntekij\u00e4 Johanna Rauma kuvailee olevansa kiitollinen ja innoissaan siit\u00e4, ett\u00e4 on mukana ohjelman uudella kaudella.<\/p>\n<p class=\"article-body margin-bottom-24 padding-x-16\">\u2013 B\u00e4ndi on upea ja koko ty\u00f6ryhm\u00e4 t\u00e4ynn\u00e4 huikeita ammattilaisia. Odotan my\u00f6s erityisesti niit\u00e4 hetki\u00e4, kun p\u00e4\u00e4sen kuulemaan vieraiden tarinat laulamieni biisien takana, Johanna Rauma toteaa.<\/p>\n<p><img decoding=\"async\" src=\"https:\/\/www.europesays.com\/fi\/wp-content\/uploads\/2025\/08\/1756296427_352_468.jpg\" alt=\"Henri Piispanen, Johanna Rauma, JP Lepp\u00e4luoto, Lauri Mikkola, Markku Aro, Diandra ja Suvi Ter\u00e4sniska\" class=\"_Img_tdqg8_1\" style=\"aspect-ratio:1.5\" loading=\"eager\"\/><\/p>\n<p class=\"article-picture-caption\">Henri Piispanen, Johanna Rauma, JP Lepp\u00e4luoto, Lauri Mikkola, Markku Aro, Diandra ja Suvi Ter\u00e4sniska Kuva:\u00a0Pete Aarre-Ahtio \/ IS<\/p>\n<p class=\"article-body margin-bottom-24 padding-x-16\">Yle tiedotti aiemmin, ett\u00e4 <a class=\"article-personlink\" href=\"https:\/\/www.is.fi\/haku\/?query=Arja%20Saijonmaa\" rel=\"nofollow noopener\" target=\"_blank\">Arja Saijonmaa<\/a>, <a class=\"article-personlink\" href=\"https:\/\/www.is.fi\/haku\/?query=Tero%20Vesterinen\" rel=\"nofollow noopener\" target=\"_blank\">Tero Vesterinen<\/a> ja <a class=\"article-personlink\" href=\"https:\/\/www.is.fi\/haku\/?query=Jore%20Marjaranta\" rel=\"nofollow noopener\" target=\"_blank\">Jore Marjaranta<\/a> j\u00e4tt\u00e4v\u00e4t ohjelman.<\/p>\n<p class=\"article-body margin-bottom-24 padding-x-16\">Marjaranta ehti olla ohjelmassa mukana kolmen kauden ajan vuodesta 2022 alkaen, samoin kuin Tero Vesterinen. Saijonmaa puolestaan liittyi solistikaartiin kolmannella kaudella vuonna 2021.<\/p>\n<p class=\"article-body margin-bottom-24 padding-x-16\">\u2013 Meill\u00e4 on oman b\u00e4ndin kanssa niin kiireinen syksy kiertueen ja seuraavan levyn viimeisten studiohommien kanssa, ettei aikataulut mill\u00e4\u00e4n osu yksiin El\u00e4m\u00e4ni biisin kanssa, Vesterinen kertoi IS:lle l\u00e4ht\u00f6ns\u00e4 syist\u00e4.<\/p>\n<p class=\"article-body margin-bottom-24 padding-x-16\">El\u00e4m\u00e4ni biisi n\u00e4hd\u00e4\u00e4n Ylen mukaan tuttuun tapaan lauantai-iltaisin suorina l\u00e4hetyksin\u00e4 Tampereen Mediapoliksesta. Kymmenen suoran l\u00e4hetyksen lis\u00e4ksi tulevalla seitsem\u00e4nnell\u00e4 kaudella kuvataan my\u00f6s kolme erikoisjaksoa.<\/p>\n<p class=\"article-body nof-ui-body-medium margin-bottom-24 padding-x-16\">El\u00e4m\u00e4ni biisi uusi kausi Ylell\u00e4 13. syyskuuta alkaen.<\/p>\n","protected":false},"excerpt":{"rendered":"El\u00e4m\u00e4ni biisi -musiikkiohjelmassa lavalle nousee kolme uutta laulajaa. Suosikkiohjelma El\u00e4m\u00e4ni biisi saa kolme uutta t\u00e4htisolistia. Mukana tulevalla seitsem\u00e4nnell\u00e4&hellip;\n","protected":false},"author":2,"featured_media":17749,"comment_status":"","ping_status":"","sticky":false,"template":"","format":"standard","meta":{"footnotes":""},"categories":[133],"tags":[137,33,31,30,34,32,206,156,109],"class_list":{"0":"post-17748","1":"post","2":"type-post","3":"status-publish","4":"format-standard","5":"has-post-thumbnail","7":"category-televisiot","8":"tag-entertainment","9":"tag-fi","10":"tag-finland","11":"tag-finnish","12":"tag-ilta-sanomat","13":"tag-suomi","14":"tag-televisiot","15":"tag-tv","16":"tag-viihde"},"share_on_mastodon":{"url":"","error":""},"_links":{"self":[{"href":"https:\/\/www.europesays.com\/fi\/wp-json\/wp\/v2\/posts\/17748","targetHints":{"allow":["GET"]}}],"collection":[{"href":"https:\/\/www.europesays.com\/fi\/wp-json\/wp\/v2\/posts"}],"about":[{"href":"https:\/\/www.europesays.com\/fi\/wp-json\/wp\/v2\/types\/post"}],"author":[{"embeddable":true,"href":"https:\/\/www.europesays.com\/fi\/wp-json\/wp\/v2\/users\/2"}],"replies":[{"embeddable":true,"href":"https:\/\/www.europesays.com\/fi\/wp-json\/wp\/v2\/comments?post=17748"}],"version-history":[{"count":0,"href":"https:\/\/www.europesays.com\/fi\/wp-json\/wp\/v2\/posts\/17748\/revisions"}],"wp:featuredmedia":[{"embeddable":true,"href":"https:\/\/www.europesays.com\/fi\/wp-json\/wp\/v2\/media\/17749"}],"wp:attachment":[{"href":"https:\/\/www.europesays.com\/fi\/wp-json\/wp\/v2\/media?parent=17748"}],"wp:term":[{"taxonomy":"category","embeddable":true,"href":"https:\/\/www.europesays.com\/fi\/wp-json\/wp\/v2\/categories?post=17748"},{"taxonomy":"post_tag","embeddable":true,"href":"https:\/\/www.europesays.com\/fi\/wp-json\/wp\/v2\/tags?post=17748"}],"curies":[{"name":"wp","href":"https:\/\/api.w.org\/{rel}","templated":true}]}}