{"id":17750,"date":"2025-08-27T12:09:07","date_gmt":"2025-08-27T12:09:07","guid":{"rendered":"https:\/\/www.europesays.com\/fi\/17750\/"},"modified":"2025-08-27T12:09:07","modified_gmt":"2025-08-27T12:09:07","slug":"yksi-maailman-kuuluisimmista-hollywood-tahdista-ei-itse-katso-elokuvia-olen-kyllastynyt-niihin","status":"publish","type":"post","link":"https:\/\/www.europesays.com\/fi\/17750\/","title":{"rendered":"Yksi maailman kuuluisimmista Hollywood-t\u00e4hdist\u00e4 ei itse katso elokuvia: \u201cOlen kyll\u00e4stynyt niihin\u201d"},"content":{"rendered":"\n<p><strong>Denzel Washington vain n\u00e4yttelee elokuvissa mutta ei itse katso niit\u00e4.<\/strong><\/p>\n<p>Kaksikertainen Oscar-voittaja <a href=\"https:\/\/muropaketti.com\/avainsana\/denzel-washington\/\" rel=\"nofollow noopener\" target=\"_blank\">Denzel Washington<\/a> kertoo <a href=\"https:\/\/youtu.be\/WV2EpELLUuo?si=3d5wi4ujKqAbuaq8\" target=\"_blank\" rel=\"noopener nofollow\">GQ:n<\/a> haastattelussa tehneens\u00e4 uransa aikana jo \u201cliian monta\u201d elokuvaa. H\u00e4n ei my\u00f6sk\u00e4\u00e4n harrasta niiden katsomista.<\/p>\n<p>\u201cEn oikeasti katso elokuvia. Olen ihan rehellinen! En katso elokuvia, en k\u00e4y elokuvissa. Olen kyll\u00e4stynyt niihin\u201d, Washington kommentoi.<\/p>\n<p>Washington n\u00e4ytteli viime vuonna julkaistussa Gladiator 2:ssa ja nyt h\u00e4nelt\u00e4 on tulossa elokuva nimelt\u00e4 Highest 2 Lowest, joka on h\u00e4nen viides kertansa yhteisty\u00f6ss\u00e4 ohjaaja Spike Leen kanssa. Elokuva julkaistaan Apple TV+:ssa 5. syyskuuta.<\/p>\n<p>Katso koko haastattelu t\u00e4st\u00e4 videosta:<\/p>\n<p><strong>Katso Gladiator 2<\/strong><\/p>\n","protected":false},"excerpt":{"rendered":"Denzel Washington vain n\u00e4yttelee elokuvissa mutta ei itse katso niit\u00e4. Kaksikertainen Oscar-voittaja Denzel Washington kertoo GQ:n haastattelussa tehneens\u00e4&hellip;\n","protected":false},"author":2,"featured_media":17751,"comment_status":"","ping_status":"","sticky":false,"template":"","format":"standard","meta":{"footnotes":""},"categories":[131],"tags":[3707,155,137,33,173,31,30,172,32,109],"class_list":{"0":"post-17750","1":"post","2":"type-post","3":"status-publish","4":"format-standard","5":"has-post-thumbnail","7":"category-elokuvat","8":"tag-denzel-washington","9":"tag-elokuvat","10":"tag-entertainment","11":"tag-fi","12":"tag-film","13":"tag-finland","14":"tag-finnish","15":"tag-movies","16":"tag-suomi","17":"tag-viihde"},"share_on_mastodon":{"url":"","error":""},"_links":{"self":[{"href":"https:\/\/www.europesays.com\/fi\/wp-json\/wp\/v2\/posts\/17750","targetHints":{"allow":["GET"]}}],"collection":[{"href":"https:\/\/www.europesays.com\/fi\/wp-json\/wp\/v2\/posts"}],"about":[{"href":"https:\/\/www.europesays.com\/fi\/wp-json\/wp\/v2\/types\/post"}],"author":[{"embeddable":true,"href":"https:\/\/www.europesays.com\/fi\/wp-json\/wp\/v2\/users\/2"}],"replies":[{"embeddable":true,"href":"https:\/\/www.europesays.com\/fi\/wp-json\/wp\/v2\/comments?post=17750"}],"version-history":[{"count":0,"href":"https:\/\/www.europesays.com\/fi\/wp-json\/wp\/v2\/posts\/17750\/revisions"}],"wp:featuredmedia":[{"embeddable":true,"href":"https:\/\/www.europesays.com\/fi\/wp-json\/wp\/v2\/media\/17751"}],"wp:attachment":[{"href":"https:\/\/www.europesays.com\/fi\/wp-json\/wp\/v2\/media?parent=17750"}],"wp:term":[{"taxonomy":"category","embeddable":true,"href":"https:\/\/www.europesays.com\/fi\/wp-json\/wp\/v2\/categories?post=17750"},{"taxonomy":"post_tag","embeddable":true,"href":"https:\/\/www.europesays.com\/fi\/wp-json\/wp\/v2\/tags?post=17750"}],"curies":[{"name":"wp","href":"https:\/\/api.w.org\/{rel}","templated":true}]}}