{"id":17788,"date":"2025-08-27T12:44:07","date_gmt":"2025-08-27T12:44:07","guid":{"rendered":"https:\/\/www.europesays.com\/fi\/17788\/"},"modified":"2025-08-27T12:44:07","modified_gmt":"2025-08-27T12:44:07","slug":"norjanmerella-iso-operaatio-the-sunin-mukaan-nato-maiden-lentokoneet-etsivat-venalaista-sukellusvenetta-yle","status":"publish","type":"post","link":"https:\/\/www.europesays.com\/fi\/17788\/","title":{"rendered":"Norjanmerell\u00e4 iso operaatio \u2013 The Sunin mukaan Nato-maiden lentokoneet etsiv\u00e4t ven\u00e4l\u00e4ist\u00e4 sukellusvenett\u00e4 &#8211; Yle"},"content":{"rendered":"<ol>\n<li><a href=\"https:\/\/news.google.com\/rss\/articles\/CBMiQkFVX3lxTE1UTjNkMWdLbWpfR3F6T1VZSWgwbWRNdGwzV2t3NkhaWTNhYk1IN2E5cVJQN1hxVU1iTG1OaG5HVm16UQ?oc=5\" target=\"_blank\" rel=\"nofollow noopener\">Norjanmerell\u00e4 iso operaatio \u2013 The Sunin mukaan Nato-maiden lentokoneet etsiv\u00e4t ven\u00e4l\u00e4ist\u00e4 sukellusvenett\u00e4<\/a>&nbsp;&nbsp;Yle<\/li>\n<li><a href=\"https:\/\/news.google.com\/rss\/articles\/CBMifEFVX3lxTE1XaW9udVRQY1BZRG4xd0FNdkxfeHNzNFB6S1N1UlM4b1FhUUswcmxBdkE2LXNIOWF6RkVMZlJaTXNTMUxXdFVrS1lJZHNnU2lCSk1fajZYemFwelJPZ1pWdElKQzVReGFYS3QwLXdZNndvUF9EY1JkdjlJeXg?oc=5\" target=\"_blank\" rel=\"nofollow noopener\">Ven\u00e4l\u00e4ist\u00e4 sukellusvenett\u00e4 jahdataan Norjassa<\/a>&nbsp;&nbsp;Iltalehti<\/li>\n<li><a href=\"https:\/\/news.google.com\/rss\/articles\/CBMiV0FVX3lxTE52TzV6cW84R3lwVFl0OGRrNWRTMUxZZXBXYmdtQWNnQm83MDdrbDRhdV9VdzNMSzRYaDlhdFVRLU9CNFhGc2dRN1lzd2pjbHVXNjZpMDNBQQ?oc=5\" target=\"_blank\" rel=\"nofollow noopener\">Naton koneet jahtaavat Ven\u00e4j\u00e4n sukellusvenett\u00e4 Norjan edustalla \u2013 &#8221;N\u00e4emme teid\u00e4t&#8221; | Uutissuomalainen<\/a>&nbsp;&nbsp;Keskisuomalainen<\/li>\n<li><a href=\"https:\/\/news.google.com\/rss\/articles\/CBMiXkFVX3lxTE14cXIxNVpvWDZGZTFVMXV5OHhIN1FYOVdjcHJDREc5UGtLZENZV2hFdmtqMVlUb3BnU2RMeVRtcFQ2UHhsSXlmRnk2SWZoLXl1TzVYbFNIaHRLRVVXS0E?oc=5\" target=\"_blank\" rel=\"nofollow noopener\">Suuroperaatio: Ven\u00e4l\u00e4ist\u00e4 sukellusvenett\u00e4 etsit\u00e4\u00e4n Norjassa<\/a>&nbsp;&nbsp;Ilta-Sanomat<\/li>\n<li><a href=\"https:\/\/news.google.com\/rss\/articles\/CBMikwFBVV95cUxNajEzLXkzMjJaV1BfVzhkMm54RDA3a3hqVWVOQ3RrM0pzSkZZREtES1ByQ3p1a1pkSVRVWmhCUjRVaXhjSDRwQlotdnVHMXZjLVFVNm1sdW1jbHBPM3BXd0ItV1htclI3R0RDSjJ2WEgyTlRoYVdFcDFYNHA5TmtCc0hiUmpSdWNxb1V0Vl9DNEQ0WlE?oc=5\" target=\"_blank\" rel=\"nofollow noopener\">Norjassa jahdataan ven\u00e4l\u00e4ist\u00e4 sukellusvenett\u00e4<\/a>&nbsp;&nbsp;mtvuutiset.fi<\/li>\n<\/ol>\n","protected":false},"excerpt":{"rendered":"Norjanmerell\u00e4 iso operaatio \u2013 The Sunin mukaan Nato-maiden lentokoneet etsiv\u00e4t ven\u00e4l\u00e4ist\u00e4 sukellusvenett\u00e4&nbsp;&nbsp;Yle Ven\u00e4l\u00e4ist\u00e4 sukellusvenett\u00e4 jahdataan Norjassa&nbsp;&nbsp;Iltalehti Naton koneet&hellip;\n","protected":false},"author":2,"featured_media":74,"comment_status":"","ping_status":"","sticky":false,"template":"","format":"standard","meta":{"footnotes":""},"categories":[5],"tags":[22,23,26,27,33,31,30,17,24,25,28,29,15,385,18,21,32,19,20,56,16,547],"class_list":{"0":"post-17788","1":"post","2":"type-post","3":"status-publish","4":"format-standard","5":"has-post-thumbnail","7":"category-otsikot","8":"tag-breaking-news","9":"tag-breakingnews","10":"tag-featured-news","11":"tag-featurednews","12":"tag-fi","13":"tag-finland","14":"tag-finnish","15":"tag-headlines","16":"tag-latest-news","17":"tag-latestnews","18":"tag-main-news","19":"tag-mainnews","20":"tag-news","21":"tag-norja","22":"tag-otsikot","23":"tag-paauutiset","24":"tag-suomi","25":"tag-top-stories","26":"tag-topstories","27":"tag-ulkomaat","28":"tag-uutiset","29":"tag-venaja"},"share_on_mastodon":{"url":"","error":""},"_links":{"self":[{"href":"https:\/\/www.europesays.com\/fi\/wp-json\/wp\/v2\/posts\/17788","targetHints":{"allow":["GET"]}}],"collection":[{"href":"https:\/\/www.europesays.com\/fi\/wp-json\/wp\/v2\/posts"}],"about":[{"href":"https:\/\/www.europesays.com\/fi\/wp-json\/wp\/v2\/types\/post"}],"author":[{"embeddable":true,"href":"https:\/\/www.europesays.com\/fi\/wp-json\/wp\/v2\/users\/2"}],"replies":[{"embeddable":true,"href":"https:\/\/www.europesays.com\/fi\/wp-json\/wp\/v2\/comments?post=17788"}],"version-history":[{"count":0,"href":"https:\/\/www.europesays.com\/fi\/wp-json\/wp\/v2\/posts\/17788\/revisions"}],"wp:featuredmedia":[{"embeddable":true,"href":"https:\/\/www.europesays.com\/fi\/wp-json\/wp\/v2\/media\/74"}],"wp:attachment":[{"href":"https:\/\/www.europesays.com\/fi\/wp-json\/wp\/v2\/media?parent=17788"}],"wp:term":[{"taxonomy":"category","embeddable":true,"href":"https:\/\/www.europesays.com\/fi\/wp-json\/wp\/v2\/categories?post=17788"},{"taxonomy":"post_tag","embeddable":true,"href":"https:\/\/www.europesays.com\/fi\/wp-json\/wp\/v2\/tags?post=17788"}],"curies":[{"name":"wp","href":"https:\/\/api.w.org\/{rel}","templated":true}]}}