{"id":17789,"date":"2025-08-27T12:45:07","date_gmt":"2025-08-27T12:45:07","guid":{"rendered":"https:\/\/www.europesays.com\/fi\/17789\/"},"modified":"2025-08-27T12:45:07","modified_gmt":"2025-08-27T12:45:07","slug":"luonto-nakyy-uudessa-valossa-turun-tuomiokirkossa-kulttuuri","status":"publish","type":"post","link":"https:\/\/www.europesays.com\/fi\/17789\/","title":{"rendered":"Luonto n\u00e4kyy uudessa valossa Turun tuomiokirkossa &#8211; Kulttuuri"},"content":{"rendered":"<p class=\"teksti\">Turun tuomiokirkossa syyskuussa esill\u00e4 oleva valokuvataide kutsuu pys\u00e4htym\u00e4\u00e4n luonnon valon ja v\u00e4rien \u00e4\u00e4relle. Risto Savolaisen luontovalokuvista koostuva n\u00e4yttely Luovasti luodusta on avoinna Pyh\u00e4n Johanneksen kappelissa 3.\u201330. syyskuuta. Avajaisia vietet\u00e4\u00e4n keskiviikkona 3. syyskuuta kello 16\u201317.30.<\/p>\n<p class=\"teksti\">Kappelin rauha ja pyh\u00e4 tunnelma luovat syvyytt\u00e4 teoksille, jotka kutsuvat katsojan pys\u00e4htym\u00e4\u00e4n ja n\u00e4kem\u00e4\u00e4n luonnon uudella tavalla. N\u00e4yttelyn valokuvilla Savolainen on pyrkinyt tuomaan esiin n\u00e4kymi\u00e4, jotka paljastuvat luovia kuvaustekniikoita k\u00e4ytt\u00e4en. Savolainen hy\u00f6dynt\u00e4\u00e4 kuvatessaan muun muassa kaksoisvalotusta ja kameran tarkoituksenmukaista liikuttamista kuvaamisen aikana.<\/p>\n<p class=\"teksti\">Savolaisen kiinnostus valokuvaukseen on saanut alkunsa kauan aikaa sitten, kun h\u00e4n oli lukion j\u00e4lkeen t\u00f6iss\u00e4 Kamera-Aitassa. Filmikuvaamisesta digitaaliseen aikaan siirrytt\u00e4ess\u00e4 valokuvaamisesta tuli vapaampaa ja kokeilevampaa \u2013 ja juuri se on t\u00e4m\u00e4n n\u00e4yttelyn ydin.<\/p>\n<p class=\"teksti\">\u2013 Minua kiehtoo kauneuden kokeminen ja erityisesti luonnon valokuvaaminen. Saaristomaisemat puhuttelevat sieluani syv\u00e4sti, samoin pohjoisen luonnon karu kauneus saa aistini valppaiksi. En kuitenkaan rajoitu tiettyyn aiheeseen, vaan olen avoin kaikelle kauneudelle, pohtii Savolainen tiedotteessa.<\/p>\n<p class=\"teksti\">N\u00e4kyv\u00e4n lis\u00e4ksi Savolaista kiinnostaa my\u00f6s mahdollinen n\u00e4kym\u00e4 \u2013 se, mit\u00e4 voi tuoda esiin luovilla kuvaustekniikoilla. H\u00e4nen mukaansa luovalla kuvaustekniikalla kuvattaessa jokainen kuva ei ole onnistunut \u2013 se opettaa kuvaajalle n\u00f6yryytt\u00e4.<\/p>\n<p class=\"teksti\">\u2013 Tekniikka ei ole itseisarvo, mutta sen avulla voi synty\u00e4 jotakin, mit\u00e4 ei muuten voisi kuvitella, Savolainen sanoo. Tuomiokirkossa esill\u00e4 olevat kuvat tuovatkin t\u00e4m\u00e4n hyvin esille.<\/p>\n<p class=\"teksti\">N\u00e4yttely on avoinna joka p\u00e4iv\u00e4 kello 9\u201318, ei kuitenkaan kirkkosalin tapahtumien aikaan. Vapaa p\u00e4\u00e4sy.<\/p>\n<p class=\"kirjoittaja\">Aamuset-kaupunkimedia (AKM)<\/p>\n","protected":false},"excerpt":{"rendered":"Turun tuomiokirkossa syyskuussa esill\u00e4 oleva valokuvataide kutsuu pys\u00e4htym\u00e4\u00e4n luonnon valon ja v\u00e4rien \u00e4\u00e4relle. Risto Savolaisen luontovalokuvista koostuva n\u00e4yttely&hellip;\n","protected":false},"author":2,"featured_media":17790,"comment_status":"","ping_status":"","sticky":false,"template":"","format":"standard","meta":{"footnotes":""},"categories":[117],"tags":[33,31,30,72,476,118,32,119,477],"class_list":{"0":"post-17789","1":"post","2":"type-post","3":"status-publish","4":"format-standard","5":"has-post-thumbnail","7":"category-luonto","8":"tag-fi","9":"tag-finland","10":"tag-finnish","11":"tag-luonto","12":"tag-nature","13":"tag-science","14":"tag-suomi","15":"tag-tiede","16":"tag-wildlife"},"share_on_mastodon":{"url":"","error":""},"_links":{"self":[{"href":"https:\/\/www.europesays.com\/fi\/wp-json\/wp\/v2\/posts\/17789","targetHints":{"allow":["GET"]}}],"collection":[{"href":"https:\/\/www.europesays.com\/fi\/wp-json\/wp\/v2\/posts"}],"about":[{"href":"https:\/\/www.europesays.com\/fi\/wp-json\/wp\/v2\/types\/post"}],"author":[{"embeddable":true,"href":"https:\/\/www.europesays.com\/fi\/wp-json\/wp\/v2\/users\/2"}],"replies":[{"embeddable":true,"href":"https:\/\/www.europesays.com\/fi\/wp-json\/wp\/v2\/comments?post=17789"}],"version-history":[{"count":0,"href":"https:\/\/www.europesays.com\/fi\/wp-json\/wp\/v2\/posts\/17789\/revisions"}],"wp:featuredmedia":[{"embeddable":true,"href":"https:\/\/www.europesays.com\/fi\/wp-json\/wp\/v2\/media\/17790"}],"wp:attachment":[{"href":"https:\/\/www.europesays.com\/fi\/wp-json\/wp\/v2\/media?parent=17789"}],"wp:term":[{"taxonomy":"category","embeddable":true,"href":"https:\/\/www.europesays.com\/fi\/wp-json\/wp\/v2\/categories?post=17789"},{"taxonomy":"post_tag","embeddable":true,"href":"https:\/\/www.europesays.com\/fi\/wp-json\/wp\/v2\/tags?post=17789"}],"curies":[{"name":"wp","href":"https:\/\/api.w.org\/{rel}","templated":true}]}}