{"id":178764,"date":"2026-02-24T20:54:07","date_gmt":"2026-02-24T20:54:07","guid":{"rendered":"https:\/\/www.europesays.com\/fi\/178764\/"},"modified":"2026-02-24T20:54:07","modified_gmt":"2026-02-24T20:54:07","slug":"alykellon-arvio-energiankulutuksesta-voi-olla-pahasti-pielessa-tarkempi-menetelma-kehitetty","status":"publish","type":"post","link":"https:\/\/www.europesays.com\/fi\/178764\/","title":{"rendered":"\u00c4lykellon arvio energiankulutuksesta voi olla pahasti pieless\u00e4 \u2013 tarkempi menetelm\u00e4 kehitetty"},"content":{"rendered":"<p>\u00c4lykellojen ja muiden puettavien \u00e4lylaitteiden energiankulutusmittaus on yll\u00e4tt\u00e4v\u00e4n ep\u00e4tarkkaa, Harvardin yliopisto tiedottaa. Virheen suuruus voi olla mit\u00e4 tahansa 30\u201380 prosentin v\u00e4lilt\u00e4.<\/p>\n<p>Puettavat laitteet arvioivat kulutusta ep\u00e4suorasti esimerkiksi sykkeen, ranteen liikkeen, pituuden ja painon perusteella, eiv\u00e4tk\u00e4 mittaa energiankulutusta suoraan.<\/p>\n<p>Harvardin yliopiston biomekaniikan tutkijat ovat nyt <a href=\"https:\/\/medicalxpress.com\/news\/2026-02-accurate-calories-leg-motion-expended.html\" target=\"_blank\" rel=\"noreferrer noopener nofollow\">kehitt\u00e4neet<\/a> huomattavasti tarkemman vaihtoehdon.<\/p>\n<p>Yliopiston biotekniikan apulaisprofessori <strong>Patrick Slade<\/strong> tutkimusryhmineen on kehitt\u00e4nyt avoimeen l\u00e4hdekoodiin perustuvan \u00e4lypuhelinpohjaisen OpenMetabolics-j\u00e4rjestelm\u00e4n, joka arvioi energiankulutusta jalan lihasaktiivisuuden perusteella ja koneoppimista hy\u00f6dynt\u00e4en. Arvioinnissa hy\u00f6dynnet\u00e4\u00e4n \u00e4lypuhelimen gyroskooppia ja kiihtyvyysanturia.<\/p>\n<p><img fetchpriority=\"high\" decoding=\"async\" width=\"1280\" height=\"746\" alt=\"\" class=\"wp-image-926631 awpo-lazy\"  data- src=\"https:\/\/www.europesays.com\/fi\/wp-content\/uploads\/2026\/02\/a-more-accurate-measur-1.jpg\"\/>\u00c4lypuhelimen liike taskussa ei vaikuta mittaukseen, tutkijat sanovat.<\/p>\n<p>Laboratoriotutkimuksessa 30 eri-ik\u00e4ist\u00e4 ja -kuntoista osallistujaa k\u00e4ytti menetelm\u00e4\u00e4 muun muassa k\u00e4velless\u00e4\u00e4n, py\u00f6r\u00e4illess\u00e4\u00e4n ja noustessaan portaita. Menetelm\u00e4 oli kaksi kertaa markkinoilla olevia puettavia \u00e4lylaitteita tarkempi energiankulutuksen arvioinnissa, tutkijat kertovat.<\/p>\n<p>Tutkimuksen p\u00e4\u00e4kirjoittaja, tohtoriopiskelija <strong>Haedo Cho<\/strong> sanoo OpenMetabolics-j\u00e4rjestelm\u00e4n arvioivan kalorikulutusta tarkemmin, koska se ottaa huomioon arjen eri tilanteet. \u201dIhmiset vaihtelevat nopeuttaan p\u00e4iv\u00e4n aikana. Kun yrit\u00e4n ehti\u00e4 bussiin, saatan k\u00e4vell\u00e4 nopeasti. Jos olen ruokaostoksilla Trader Joe\u2019sissa, saatan k\u00e4vell\u00e4 hitaasti.\u201d<\/p>\n<p>Cho, joka on itse maratonjuoksija, arvioi, ett\u00e4 ihmisten kokemuksien ja \u00e4lylaitteiden arvioiden v\u00e4lill\u00e4 on usein eroa. H\u00e4nen mukaansa energiankulutusta pit\u00e4isi mitata tarkemmin.<\/p>\n<p>Tutkimusryhm\u00e4 toivoo uuden menetelm\u00e4n mahdollistavan tarkempaa v\u00e4est\u00f6tason tutkimusta etenkin alueilla, joilla puettavat \u00e4lylaitteet eiv\u00e4t ole yleistyneet.<\/p>\n","protected":false},"excerpt":{"rendered":"\u00c4lykellojen ja muiden puettavien \u00e4lylaitteiden energiankulutusmittaus on yll\u00e4tt\u00e4v\u00e4n ep\u00e4tarkkaa, Harvardin yliopisto tiedottaa. Virheen suuruus voi olla mit\u00e4 tahansa&hellip;\n","protected":false},"author":2,"featured_media":178765,"comment_status":"","ping_status":"","sticky":false,"template":"","format":"standard","meta":{"footnotes":"","_share_on_mastodon":"0"},"categories":[84],"tags":[11441,33,31,30,32,91,92],"class_list":["post-178764","post","type-post","status-publish","format-standard","has-post-thumbnail","category-teknologia","tag-alylaitteet","tag-fi","tag-finland","tag-finnish","tag-suomi","tag-technology","tag-teknologia"],"share_on_mastodon":{"url":"","error":""},"_links":{"self":[{"href":"https:\/\/www.europesays.com\/fi\/wp-json\/wp\/v2\/posts\/178764","targetHints":{"allow":["GET"]}}],"collection":[{"href":"https:\/\/www.europesays.com\/fi\/wp-json\/wp\/v2\/posts"}],"about":[{"href":"https:\/\/www.europesays.com\/fi\/wp-json\/wp\/v2\/types\/post"}],"author":[{"embeddable":true,"href":"https:\/\/www.europesays.com\/fi\/wp-json\/wp\/v2\/users\/2"}],"replies":[{"embeddable":true,"href":"https:\/\/www.europesays.com\/fi\/wp-json\/wp\/v2\/comments?post=178764"}],"version-history":[{"count":0,"href":"https:\/\/www.europesays.com\/fi\/wp-json\/wp\/v2\/posts\/178764\/revisions"}],"wp:featuredmedia":[{"embeddable":true,"href":"https:\/\/www.europesays.com\/fi\/wp-json\/wp\/v2\/media\/178765"}],"wp:attachment":[{"href":"https:\/\/www.europesays.com\/fi\/wp-json\/wp\/v2\/media?parent=178764"}],"wp:term":[{"taxonomy":"category","embeddable":true,"href":"https:\/\/www.europesays.com\/fi\/wp-json\/wp\/v2\/categories?post=178764"},{"taxonomy":"post_tag","embeddable":true,"href":"https:\/\/www.europesays.com\/fi\/wp-json\/wp\/v2\/tags?post=178764"}],"curies":[{"name":"wp","href":"https:\/\/api.w.org\/{rel}","templated":true}]}}