{"id":178806,"date":"2026-02-24T22:02:08","date_gmt":"2026-02-24T22:02:08","guid":{"rendered":"https:\/\/www.europesays.com\/fi\/178806\/"},"modified":"2026-02-24T22:02:08","modified_gmt":"2026-02-24T22:02:08","slug":"sofia-belorf-pakeni-meksikon-vakivaltaa-instagram-julkaisu-paljastaa","status":"publish","type":"post","link":"https:\/\/www.europesays.com\/fi\/178806\/","title":{"rendered":"Sofia Bel\u00f3rf pakeni Meksikon v\u00e4kivaltaa &#8211; Instagram-julkaisu paljastaa"},"content":{"rendered":"<p>            KRISTIAN WALLIN\n        <\/p>\n<p class=\"subtitle \">Kaunotar ei puhua pukahtanut uhasta, ennen kuin oli varma turvallisuudestaan. Kotona Instagram-tekstiin ilmestyi jo maininta Jumalasta.<\/p>\n<p class=\"article-content article-content-width !bg-background\">Yhdysvaltalaisen miljon\u00e4\u00e4rikultansa kanssa Meksikon upeimmissa kohteissa lomaillut  otti jalat alleen.<\/p>\n<p class=\"font-weight-bold m-font-weight-bold article-content article-content-width !bg-background\">Video: n\u00e4in Sofiasta tuli SE Sofia<\/p>\n<p class=\"article-content article-content-width !bg-background\">Muun muassa superkalliissa Tulumissa ja sittemmin j\u00e4ttil\u00e4ism\u00e4isess\u00e4 ja arvaamattomassa Mexico Cityss\u00e4 olleen Sofian \u00f6kyloma sai ik\u00e4v\u00e4n k\u00e4\u00e4nteen.<\/p>\n<p class=\"article-content article-content-width !bg-background\">Sunnuntaina Meksikolaissotilaat tappoivat maan etsityimm\u00e4n huumepomon, . Kartelli reagoi v\u00e4litt\u00f6m\u00e4sti v\u00e4kivallalla, ja sek\u00e4 Yhdysvallat ett\u00e4 Kanada kehottivat maassa olevia kansalaisiaan hakeutumaan turvaan.<\/p>\n<p class=\"article-content article-content-width !bg-background\">Yhdysvaltalaisena Sofian rakas kuului varoitettujen piiriin.<\/p>\n<p class=\"article-content article-content-width !bg-background\">Sofian Instagram-tililt\u00e4 oli kuitenkin turha etsi\u00e4 vinkkej\u00e4 tilanteen vaikutuksista parin lomailuun. Kunnes t\u00e4n\u00e4\u00e4n (ti 24.2.)<\/p>\n<p>        <a itemprop=\"url\" href=\"https:\/\/www.seiska.fi\/kotimaa\/no-huh-huh-mita-kuvia-sofia-belorf\/2078207\" rel=\"nofollow noopener\" target=\"_blank\"><\/p>\n<p>\nPablo Escobarkin mainittu\n<\/p>\n<p class=\"section-date\">\n        <strong class=\"article-section\" data-section=\"kotimaa\"><br \/>\n            kotimaa<br \/>\n        <\/strong><br \/>\n        17.2. 06:59\n    <\/p>\n<p>No huh huh, mit\u00e4 kuvia, Sofia Bel\u00f3rf!\n    <\/p>\n<p itemprop=\"description\" class=\"subtitle \">\n    Kerskakulutus on sana, jolla voisi kuvailla Sofia Bel\u00f3rfin ja rillimiljon\u00e4\u00e4rimaestron el\u00e4m\u00e4ntyyli\u00e4.\n<\/p>\n<p>        <\/a><\/p>\n<p>Helpotuksen huokaus<\/p>\n<p class=\"article-content article-content-width !bg-background\">Sofia julkaisi Instagramin 24 tunnin ajan n\u00e4kyviss\u00e4 tarinoissaan matkakuvia ja viittauksia kotiin paluun miellytt\u00e4vyydest\u00e4. T\u00e4t\u00e4 ennen ei asia tullut esiin. P\u00e4in vastoin, Sofia halusi esitell\u00e4 tyk\u00f6istuvia Louis Vuitton -farkkujaan.<\/p>\n<p class=\"article-content article-content-width !bg-background\">Nyt Sofian tilill\u00e4 n\u00e4kyy kielt\u00e4m\u00e4tt\u00e4 kotoisuutta ja kauneutta uhkuva otos. \u00d6kyel\u00e4m\u00e4\u00e4ns\u00e4 kuvaavan kansainv\u00e4lisen somevaikuttajan tilill\u00e4 ymp\u00e4rist\u00f6 tietty on kaukana tavisten arjesta<\/p>\n<p class=\"article-content article-content-width !bg-background\">Otoksessa n\u00e4kyy Dubai peittyneen\u00e4 usvaan juuri auringon ensi s\u00e4teiden puhkoessa s\u00e4vyj\u00e4 y\u00f6n piment\u00e4m\u00e4\u00e4n taivaaseen.<\/p>\n<p>Jumala apuun<\/p>\n<p class=\"article-content article-content-width !bg-background\"><a href=\"https:\/\/www.instagram.com\/stories\/sofiabelorf\/3839598084485993604\/\" target=\"_blank\" rel=\"nofollow noopener\">Kuvatekstiksi otokseensa Sofia on valinnut paljon h\u00e4nen tunnelmistaan kertovat sanat<\/a>.<\/p>\n<p class=\"article-content article-content-width !bg-background\">\u2013 Jumala siunatkoon kotia ja Dubaita, h\u00e4n kirjoittaa englanniksi.<\/p>\n<p class=\"article-content article-content-width !bg-background\">Kuvan voi k\u00e4yd\u00e4 katsomassa keskiviikkoiltap\u00e4iv\u00e4\u00e4n asti.<\/p>\n<p>        <a itemprop=\"url\" href=\"https:\/\/www.seiska.fi\/kotimaa\/rillimiljonaarin-vaimolta-uusi-ukaasi-kerro-totuus-suhteesta-sofia-belorf\/2032474\" rel=\"nofollow noopener\" target=\"_blank\"><\/p>\n<p>\nRillimiljon\u00e4\u00e4rin erosoppa\n<\/p>\n<p class=\"section-date\">\n        <strong class=\"article-section\" data-section=\"kotimaa\"><br \/>\n            kotimaa<br \/>\n        <\/strong><br \/>\n        28.1. 05:00\n    <\/p>\n<p>Rillimiljon\u00e4\u00e4rin vaimolta uusi ukaasi: Kerro totuus suhteesta, Sofia Bel\u00f3rf!\n    <\/p>\n<p itemprop=\"description\" class=\"subtitle \">\n    Kohukaunotar joutuu yll\u00e4tt\u00e4v\u00e4\u00e4n rooliin amerikkalaisessa eroriidassa.\n<\/p>\n<p>        <\/a><\/p>\n<p class=\"article-content article-content-width !bg-background\">T\u00e4m\u00e4n j\u00e4lkeiset Insta-tarinat ovat rauhallisempia. Kuvissa toistuu Dubailaisen miljon\u00e4\u00e4riel\u00e4m\u00e4n hiottu estetiikka.<\/p>\n<p class=\"article-content article-content-width !bg-background\"><a href=\"https:\/\/www.instagram.com\/stories\/sofiabelorf\/3839651963223295957\/\" target=\"_blank\" rel=\"nofollow noopener\">Ensimm\u00e4isen\u00e4 menn\u00e4\u00e4n Dubai Mallin Herm\u00e8s-myym\u00e4l\u00e4\u00e4n<\/a>. Eik\u00e4 suinkaan tavisten puolelle, vaan vip roomiin.<\/p>\n<p class=\"article-content article-content-width !bg-background\">Kuvan voit vilkaista keskiviikon alkuiltaan asti.<\/p>\n<p>        <a itemprop=\"url\" href=\"https:\/\/www.seiska.fi\/kotimaa\/sofia-belorfin-rohkea-bikinitempaus-taustalla-likainen-salaisuus\/2080411\" rel=\"nofollow noopener\" target=\"_blank\"><\/p>\n<p>\nTaustalla likainen salaisuus\n<\/p>\n<p class=\"section-date\">\n        <strong class=\"article-section\" data-section=\"kotimaa\"><br \/>\n            kotimaa<br \/>\n        <\/strong><br \/>\n        18.2. 19:30\n    <\/p>\n<p>Sofia Bel\u00f3rfin rohkea bikinitempaus \u2013 taustalla likainen salaisuus\n    <\/p>\n<p itemprop=\"description\" class=\"subtitle \">\n    Sofia pudotti romantiikkapommin ylellisiss\u00e4 maisemissa, mutta luksusel\u00e4m\u00e4ll\u00e4 on vaiettu k\u00e4\u00e4nt\u00f6puoli.\n<\/p>\n<p>        <\/a><\/p>\n<p><script async src=\"\/\/www.instagram.com\/embed.js\"><\/script><\/p>\n","protected":false},"excerpt":{"rendered":"KRISTIAN WALLIN Kaunotar ei puhua pukahtanut uhasta, ennen kuin oli varma turvallisuudestaan. Kotona Instagram-tekstiin ilmestyi jo maininta Jumalasta.&hellip;\n","protected":false},"author":2,"featured_media":178807,"comment_status":"","ping_status":"","sticky":false,"template":"","format":"standard","meta":{"footnotes":"","_share_on_mastodon":"0"},"categories":[136],"tags":[12274,407,6828,137,33,31,30,664,408,212,15832,1478,2764,28734,28736,5869,28624,2760,2758,32,28135,546,14017,28735,40,109],"class_list":["post-178806","post","type-post","status-publish","format-standard","has-post-thumbnail","category-julkkikset","tag-arabiemiraatit","tag-celebrities","tag-dubai","tag-entertainment","tag-fi","tag-finland","tag-finnish","tag-huumeet","tag-julkkikset","tag-lifestyle","tag-luksuselama","tag-matkailu","tag-meksiko","tag-meksikon-huumekartelli","tag-mexico-city","tag-miljonaari","tag-okyelama","tag-rillimiljonaari","tag-sofia-belorf","tag-suomi","tag-tulum","tag-turvallisuus","tag-turvallisuusriski","tag-uhka","tag-vakivalta","tag-viihde"],"share_on_mastodon":{"url":"https:\/\/pubeurope.com\/@fi\/116127868019486986","error":""},"_links":{"self":[{"href":"https:\/\/www.europesays.com\/fi\/wp-json\/wp\/v2\/posts\/178806","targetHints":{"allow":["GET"]}}],"collection":[{"href":"https:\/\/www.europesays.com\/fi\/wp-json\/wp\/v2\/posts"}],"about":[{"href":"https:\/\/www.europesays.com\/fi\/wp-json\/wp\/v2\/types\/post"}],"author":[{"embeddable":true,"href":"https:\/\/www.europesays.com\/fi\/wp-json\/wp\/v2\/users\/2"}],"replies":[{"embeddable":true,"href":"https:\/\/www.europesays.com\/fi\/wp-json\/wp\/v2\/comments?post=178806"}],"version-history":[{"count":0,"href":"https:\/\/www.europesays.com\/fi\/wp-json\/wp\/v2\/posts\/178806\/revisions"}],"wp:featuredmedia":[{"embeddable":true,"href":"https:\/\/www.europesays.com\/fi\/wp-json\/wp\/v2\/media\/178807"}],"wp:attachment":[{"href":"https:\/\/www.europesays.com\/fi\/wp-json\/wp\/v2\/media?parent=178806"}],"wp:term":[{"taxonomy":"category","embeddable":true,"href":"https:\/\/www.europesays.com\/fi\/wp-json\/wp\/v2\/categories?post=178806"},{"taxonomy":"post_tag","embeddable":true,"href":"https:\/\/www.europesays.com\/fi\/wp-json\/wp\/v2\/tags?post=178806"}],"curies":[{"name":"wp","href":"https:\/\/api.w.org\/{rel}","templated":true}]}}