{"id":17903,"date":"2025-08-27T15:19:10","date_gmt":"2025-08-27T15:19:10","guid":{"rendered":"https:\/\/www.europesays.com\/fi\/17903\/"},"modified":"2025-08-27T15:19:10","modified_gmt":"2025-08-27T15:19:10","slug":"nyt-tuli-intian-vuoro-painia-trumpin-tullien-kanssa-riidanaiheena-oljyntuonti-venajalta-ulkomaat","status":"publish","type":"post","link":"https:\/\/www.europesays.com\/fi\/17903\/","title":{"rendered":"Nyt tuli Intian vuoro painia Trumpin tullien kanssa \u2013 riidanaiheena \u00f6ljyntuonti Ven\u00e4j\u00e4lt\u00e4 | Ulkomaat"},"content":{"rendered":"<p class=\"sc-jYczwO sc-dNFkOE bUKqJd eiHPxO yle__article__paragraph\">Yhdysvallat asetti Intialle t\u00e4n\u00e4\u00e4n keskiviikkona tullimaksut, jotka nousevat kovimmillaan 50 prosenttiin. Washington haluaa, ett\u00e4 Intia lopettaa \u00f6ljyn ostamisen Ven\u00e4j\u00e4lt\u00e4.<\/p>\n<p><img decoding=\"async\" alt=\"\u00d6ljytankkeri Mumbain edustalla Intiassa.\" src=\"https:\/\/www.europesays.com\/fi\/wp-content\/uploads\/2025\/08\/39-151321268aef7e32ee1f.jpeg\" class=\"sc-dntSTA iywpZY\"\/><\/p>\n<p>Avaa kuvien katselu<\/p>\n<p>\u00d6ljytankkeri Mumbain edustalla Intiassa. Kuva: AOP<\/p>\n<ul aria-label=\"Tekij\u00e4t\" class=\"sc-cCVJLD hgYMQq\">\n<li class=\"sc-pYNGo dfIAWA\">Sampo Vaarakallio, <\/li>\n<li class=\"sc-pYNGo dfIAWA\">Juha Rissanen, <\/li>\n<li class=\"sc-pYNGo dfIAWA\">Pauli Lahti<\/li>\n<\/ul>\n<p class=\"sc-jYczwO sc-ciCoXh bUKqJd cIOueB yle__article__paragraph\">Yhdysvaltain presidentti <strong class=\"sc-eEHciv gtNhAX yle__article__strong\">Donald Trump<\/strong> jatkaa maailmanlaajuista tullisotaansa.<\/p>\n<p class=\"sc-jYczwO sc-ciCoXh bUKqJd cIOueB yle__article__paragraph\">T\u00e4n\u00e4\u00e4n keskiviikkona kohteena oli Intia. Trump asetti suurimmalle osalle intialaistuotteita 50 prosentin suuruiset tullit, koska Intia ei ole suostunut lopettamaan \u00f6ljykauppojaan Ven\u00e4j\u00e4n kanssa.<\/p>\n<p class=\"sc-jYczwO sc-ciCoXh bUKqJd cIOueB yle__article__paragraph\">Alla olevasta grafiikasta k\u00e4y ilmi, ett\u00e4 Intiasta on tullut Kiinan j\u00e4lkeen suurin ven\u00e4l\u00e4isen \u00f6ljyn ostaja.<\/p>\n<p class=\"sc-jYczwO sc-ciCoXh bUKqJd cIOueB yle__article__paragraph\">Nopeasti kehittyv\u00e4 Intia sanoo, ett\u00e4 ven\u00e4l\u00e4is\u00f6ljy menee sen omaan kotimaiseen k\u00e4ytt\u00f6\u00f6n. Suomalaisasiantuntija ei usko v\u00e4itett\u00e4.<\/p>\n<p class=\"sc-jYczwO sc-ciCoXh bUKqJd cIOueB yle__article__paragraph\">\u2013 Intia treidaa [myy eteenp\u00e4in] sit\u00e4. Valitettavasti tuntuu silt\u00e4, ett\u00e4 Euroopassa juoksutetaan \u00f6ljy\u00e4 Intian kautta, Turun kauppakorkeakoulun professori <strong class=\"sc-eEHciv gtNhAX yle__article__strong\">Kari Liuhto<\/strong> sanoo.<\/p>\n<p class=\"sc-jYczwO sc-ciCoXh bUKqJd cIOueB yle__article__paragraph\">Ennen Ven\u00e4j\u00e4n suurhy\u00f6kk\u00e4yst\u00e4 Ukrainaan, helmikuussa 2022, Intia ei k\u00e4yt\u00e4nn\u00f6ss\u00e4 ostanut yht\u00e4\u00e4n \u00f6ljy\u00e4 Ven\u00e4j\u00e4lt\u00e4.<\/p>\n<p class=\"sc-jYczwO sc-ciCoXh bUKqJd cIOueB yle__article__paragraph\">Sodan sytytty\u00e4 Ven\u00e4j\u00e4 joutui kansainv\u00e4listen sanktioiden kohteeksi ja oli samalla pakotettu laskemaan \u00f6ljyns\u00e4 myyntihintaa. Intialle se tarkoitti houkuttelevaa sopimusta.<\/p>\n<p class=\"sc-jYczwO sc-ciCoXh bUKqJd cIOueB yle__article__paragraph\">Alla oleva grafiikka n\u00e4ytt\u00e4\u00e4, ett\u00e4 \u00f6ljyntuottajamaat Saudi-Arabia ja Irak ovat j\u00e4\u00e4neet Ven\u00e4j\u00e4n jalkoihin.<\/p>\n<p class=\"sc-jYczwO sc-ciCoXh bUKqJd cIOueB yle__article__paragraph\">T\u00e4ll\u00e4 hetkell\u00e4 noin 40 prosenttia Intiaan tuotavasta \u00f6ljyst\u00e4 tulee Ven\u00e4j\u00e4lt\u00e4.<\/p>\n<p>\u00d6ljyn vientikielto purisi Ven\u00e4j\u00e4\u00e4n<\/p>\n<p class=\"sc-jYczwO sc-ciCoXh bUKqJd cIOueB yle__article__paragraph\">Professori Liuhto uskoo, ett\u00e4 Ven\u00e4j\u00e4lle koittaisi taloudellisesti tiukat paikat, jos Intia todella lopettaisi \u00f6ljyn ostamisen hy\u00f6kk\u00e4yssotaa k\u00e4yv\u00e4st\u00e4 maasta.<\/p>\n<p class=\"sc-jYczwO sc-ciCoXh bUKqJd cIOueB yle__article__paragraph\">Ven\u00e4j\u00e4n vientituloista 40\u201350 prosenttia tulee \u00f6ljyst\u00e4 ja \u00f6ljytuotteista.<\/p>\n<p class=\"sc-jYczwO sc-ciCoXh bUKqJd cIOueB yle__article__paragraph\">\u2013 Jos me haluamme [Ven\u00e4j\u00e4n presidentin <strong class=\"sc-eEHciv gtNhAX yle__article__strong\">Vladimir<\/strong>] <strong class=\"sc-eEHciv gtNhAX yle__article__strong\">Putinin<\/strong> neuvottelemaan aidosti rauhasta, se tarkoittaa pakottamista. Pienell\u00e4 viiveell\u00e4 talous aiheuttaisi sen, ett\u00e4 Putin tulisi ihan oikeasti neuvotteluihin, Liuhto arvioi.<\/p>\n<p class=\"sc-jYczwO sc-ciCoXh bUKqJd cIOueB yle__article__paragraph\">Matkassa on kuitenkin viel\u00e4 monta mutkaa.<\/p>\n<p class=\"sc-jYczwO sc-ciCoXh bUKqJd cIOueB yle__article__paragraph\">Aasialainen suurvalta Intia on maailman v\u00e4kirikkain valtio, <a class=\"sc-jDJeIs gotUgl yle__article__link\" href=\"https:\/\/www.nytimes.com\/2025\/08\/02\/world\/asia\/india-russia-oil-trump-threats.html\" role=\"link\" rel=\"nofollow noopener\" target=\"_blank\">eik\u00e4 se ole alistumassa<\/a> Yhdysvaltain harjoittamaan sanelupolitiikkaan. Tilanne ei ole v\u00e4ltt\u00e4m\u00e4tt\u00e4 Intian kannalta niin paha kuin \u00e4kkiselt\u00e4\u00e4n voisi luulla.<\/p>\n<p class=\"sc-jYczwO sc-ciCoXh bUKqJd cIOueB yle__article__paragraph\">\u2013 Kyll\u00e4 Intiassa Trumpia kuunnellaan, mutta Trumpin puheet ovat olleet isompia kuin teot. Jos nyt toimitaan, kuten puhe on ollut, muutamassa kuukaudessa Ven\u00e4j\u00e4n halukkuus neuvotteluihin tulisi konkreettiseksi, professori Liuhto arvioi.<\/p>\n<p><img decoding=\"async\" alt=\"\" src=\"https:\/\/www.europesays.com\/fi\/wp-content\/uploads\/2025\/08\/39-1300668666712fbc2a2c.jpeg\" class=\"sc-dntSTA iywpZY\"\/><\/p>\n","protected":false},"excerpt":{"rendered":"Yhdysvallat asetti Intialle t\u00e4n\u00e4\u00e4n keskiviikkona tullimaksut, jotka nousevat kovimmillaan 50 prosenttiin. Washington haluaa, ett\u00e4 Intia lopettaa \u00f6ljyn ostamisen&hellip;\n","protected":false},"author":2,"featured_media":17904,"comment_status":"","ping_status":"","sticky":false,"template":"","format":"standard","meta":{"footnotes":""},"categories":[14],"tags":[22,23,26,27,33,31,30,17,2167,70,24,25,28,29,15,18,21,32,19,20,4242,56,16,59,60,61,619],"class_list":{"0":"post-17903","1":"post","2":"type-post","3":"status-publish","4":"format-standard","5":"has-post-thumbnail","7":"category-ulkomaat","8":"tag-breaking-news","9":"tag-breakingnews","10":"tag-featured-news","11":"tag-featurednews","12":"tag-fi","13":"tag-finland","14":"tag-finnish","15":"tag-headlines","16":"tag-intia","17":"tag-kansainvalinen-politiikka","18":"tag-latest-news","19":"tag-latestnews","20":"tag-main-news","21":"tag-mainnews","22":"tag-news","23":"tag-otsikot","24":"tag-paauutiset","25":"tag-suomi","26":"tag-top-stories","27":"tag-topstories","28":"tag-tullit","29":"tag-ulkomaat","30":"tag-uutiset","31":"tag-world","32":"tag-world-news","33":"tag-worldnews","34":"tag-yhdysvallat"},"share_on_mastodon":{"url":"","error":""},"_links":{"self":[{"href":"https:\/\/www.europesays.com\/fi\/wp-json\/wp\/v2\/posts\/17903","targetHints":{"allow":["GET"]}}],"collection":[{"href":"https:\/\/www.europesays.com\/fi\/wp-json\/wp\/v2\/posts"}],"about":[{"href":"https:\/\/www.europesays.com\/fi\/wp-json\/wp\/v2\/types\/post"}],"author":[{"embeddable":true,"href":"https:\/\/www.europesays.com\/fi\/wp-json\/wp\/v2\/users\/2"}],"replies":[{"embeddable":true,"href":"https:\/\/www.europesays.com\/fi\/wp-json\/wp\/v2\/comments?post=17903"}],"version-history":[{"count":0,"href":"https:\/\/www.europesays.com\/fi\/wp-json\/wp\/v2\/posts\/17903\/revisions"}],"wp:featuredmedia":[{"embeddable":true,"href":"https:\/\/www.europesays.com\/fi\/wp-json\/wp\/v2\/media\/17904"}],"wp:attachment":[{"href":"https:\/\/www.europesays.com\/fi\/wp-json\/wp\/v2\/media?parent=17903"}],"wp:term":[{"taxonomy":"category","embeddable":true,"href":"https:\/\/www.europesays.com\/fi\/wp-json\/wp\/v2\/categories?post=17903"},{"taxonomy":"post_tag","embeddable":true,"href":"https:\/\/www.europesays.com\/fi\/wp-json\/wp\/v2\/tags?post=17903"}],"curies":[{"name":"wp","href":"https:\/\/api.w.org\/{rel}","templated":true}]}}