{"id":17905,"date":"2025-08-27T15:20:08","date_gmt":"2025-08-27T15:20:08","guid":{"rendered":"https:\/\/www.europesays.com\/fi\/17905\/"},"modified":"2025-08-27T15:20:08","modified_gmt":"2025-08-27T15:20:08","slug":"yle-nainen-ohjattiin-miesten-suihkutiloihin-uutissuomalainen","status":"publish","type":"post","link":"https:\/\/www.europesays.com\/fi\/17905\/","title":{"rendered":"Yle: Nainen ohjattiin miesten suihkutiloihin | Uutissuomalainen"},"content":{"rendered":"<p>Uimahalli ohjasi transnaisen k\u00e4ytt\u00e4m\u00e4\u00e4n miesten ryhm\u00e4pukuhuonetta Kajaanissa, <a href=\"https:\/\/yle.fi\/a\/74-20179474?utm_source=social-media-share&amp;utm_medium=social&amp;utm_campaign=ylefiapp\" rel=\"nofollow noopener\" target=\"_blank\">Yle<\/a> kertoo.<\/p>\n<p>Henkil\u00f6 on juridisesti nainen. H\u00e4n ilmoitti viestill\u00e4 Kaukaveden uimahallille etuk\u00e4teen, ettei h\u00e4nen tule en\u00e4\u00e4 k\u00e4ytt\u00e4\u00e4 miesten pukuhuonetta ja suihkutiloja.<\/p>\n<p>Nainen sai uimahallilta ohjeen, jossa kerrottiin vaatteiden vaihtoon k\u00e4ytett\u00e4viss\u00e4 olevasta, sermill\u00e4 eristetyst\u00e4 tilasta, ja ett\u00e4 sielt\u00e4 p\u00e4\u00e4see sermilliseen suihkuun. H\u00e4nelle kerrottiin Ylen mukaan my\u00f6s, ett\u00e4 saunominen uima-asussa on sallittua.<\/p>\n<p>Naisen mielest\u00e4 uimahallinta oli t\u00f6rke\u00e4\u00e4 ja lainvastaista.<\/p>\n<p>\u2013 Ei minun tarvitse toimia mitenk\u00e4\u00e4n muuten kuin miten muut naiset toimivat, sukupuolensa mukaan, ilman mit\u00e4\u00e4n erillisohjeita, nainen.<\/p>\n<p>Henkil\u00f6 voi vahvistaa sukupuolensa nykyisen lain mukaan juridisesti, jos h\u00e4n selvitt\u00e4\u00e4 kuuluvansa vahvistettavaan sukupuoleen, on t\u00e4ysi-ik\u00e4inen Suomen kansalainen tai asuu Suomessa. Uusi laki tuli voimaan vuonna 2023.<\/p>\n<p>Nainen kertoo tehneens\u00e4 tapahtuneesta rikosilmoituksen Oulun poliisille.<\/p>\n<p>Kajaanin kaupungin va. liikuntapalvelup\u00e4\u00e4llikk\u00f6 <strong>Jari Rajala<\/strong> kertoi Ylelle tiistaina, ett\u00e4 kaikki k\u00e4ytt\u00e4j\u00e4t huomioivia j\u00e4rjestelyit\u00e4 on pohdittu muun muassa tasa-arvovaltuutetun kanssa. H\u00e4nen mukaansa kaupunki on hakenut uimahallille parasta mahdollista ratkaisua.<\/p>\n<p>\u2013 Olemme nyt linjanneet, ett\u00e4 liikkuminen on helpointa j\u00e4rjest\u00e4\u00e4 miesten ryhm\u00e4pukuhuoneen kautta.<\/p>\n<p>Kajaanin kaupunki pohtii Rajalan mukaan nyt, mit\u00e4 pysyvi\u00e4 rakenteellisia muutoksia uimahalliin voitaisiin tehd\u00e4.<\/p>\n","protected":false},"excerpt":{"rendered":"Uimahalli ohjasi transnaisen k\u00e4ytt\u00e4m\u00e4\u00e4n miesten ryhm\u00e4pukuhuonetta Kajaanissa, Yle kertoo. Henkil\u00f6 on juridisesti nainen. H\u00e4n ilmoitti viestill\u00e4 Kaukaveden uimahallille&hellip;\n","protected":false},"author":2,"featured_media":17906,"comment_status":"","ping_status":"","sticky":false,"template":"","format":"standard","meta":{"footnotes":""},"categories":[12],"tags":[22,23,26,27,33,31,30,17,949,6621,727,53,24,25,41,28,29,15,18,21,54,52,32,19,20,16],"class_list":{"0":"post-17905","1":"post","2":"type-post","3":"status-publish","4":"format-standard","5":"has-post-thumbnail","7":"category-suomi","8":"tag-breaking-news","9":"tag-breakingnews","10":"tag-featured-news","11":"tag-featurednews","12":"tag-fi","13":"tag-finland","14":"tag-finnish","15":"tag-headlines","16":"tag-kajaani","17":"tag-kajaanin-kaupunki","18":"tag-kajaanin-seutukunta","19":"tag-laki-oikeus-ja-rikos","20":"tag-latest-news","21":"tag-latestnews","22":"tag-liikunta-ja-urheilu","23":"tag-main-news","24":"tag-mainnews","25":"tag-news","26":"tag-otsikot","27":"tag-paauutiset","28":"tag-pelastuspalvelut","29":"tag-poliisi","30":"tag-suomi","31":"tag-top-stories","32":"tag-topstories","33":"tag-uutiset"},"share_on_mastodon":{"url":"","error":""},"_links":{"self":[{"href":"https:\/\/www.europesays.com\/fi\/wp-json\/wp\/v2\/posts\/17905","targetHints":{"allow":["GET"]}}],"collection":[{"href":"https:\/\/www.europesays.com\/fi\/wp-json\/wp\/v2\/posts"}],"about":[{"href":"https:\/\/www.europesays.com\/fi\/wp-json\/wp\/v2\/types\/post"}],"author":[{"embeddable":true,"href":"https:\/\/www.europesays.com\/fi\/wp-json\/wp\/v2\/users\/2"}],"replies":[{"embeddable":true,"href":"https:\/\/www.europesays.com\/fi\/wp-json\/wp\/v2\/comments?post=17905"}],"version-history":[{"count":0,"href":"https:\/\/www.europesays.com\/fi\/wp-json\/wp\/v2\/posts\/17905\/revisions"}],"wp:featuredmedia":[{"embeddable":true,"href":"https:\/\/www.europesays.com\/fi\/wp-json\/wp\/v2\/media\/17906"}],"wp:attachment":[{"href":"https:\/\/www.europesays.com\/fi\/wp-json\/wp\/v2\/media?parent=17905"}],"wp:term":[{"taxonomy":"category","embeddable":true,"href":"https:\/\/www.europesays.com\/fi\/wp-json\/wp\/v2\/categories?post=17905"},{"taxonomy":"post_tag","embeddable":true,"href":"https:\/\/www.europesays.com\/fi\/wp-json\/wp\/v2\/tags?post=17905"}],"curies":[{"name":"wp","href":"https:\/\/api.w.org\/{rel}","templated":true}]}}