{"id":17909,"date":"2025-08-27T15:33:09","date_gmt":"2025-08-27T15:33:09","guid":{"rendered":"https:\/\/www.europesays.com\/fi\/17909\/"},"modified":"2025-08-27T15:33:09","modified_gmt":"2025-08-27T15:33:09","slug":"vielako-muistat-ullanlinnan-arskan-kaikkien-rakastama-kadunmies-herasi-henkiin-hienostoalueella-kuvat","status":"publish","type":"post","link":"https:\/\/www.europesays.com\/fi\/17909\/","title":{"rendered":"Viel\u00e4k\u00f6 muistat Ullanlinnan-Arskan? Kaikkien rakastama kadunmies \u201dher\u00e4si\u201d henkiin hienostoalueella \u2013 kuvat!"},"content":{"rendered":"<p>            PANU H\u00d6RKK\u00d6\n        <\/p>\n<p class=\"subtitle \">Nuoret taiteilijat p\u00e4\u00e4ttiv\u00e4t kunnioittaa sympaattisen Arskan muistoa.<\/p>\n<p class=\"article-content article-content-width !bg-background\">Monet<br \/>\nSeiskan lukijat varmasti muistavat Ullanlinnan-, joka seikkaili lukuisissa<br \/>\nlehtijutuissamme kymmenisen vuotta sitten.<\/p>\n<p class=\"article-content article-content-width !bg-background\">Suomen<br \/>\nmukavimmaksi laitapuolen kulkijaksi tituleerattu Arska tuli erinomaisesti<br \/>\njuttuun niin nuoren kuin varttuneemman v\u00e4en kanssa.<\/p>\n<p>                <img decoding=\"async\" src=\"https:\/\/www.europesays.com\/fi\/wp-content\/uploads\/2025\/08\/1911316.webp\" width=\"576\" height=\"322\" alt=\"Seiska j\u00e4rjesti Arskalle hemmottelup\u00e4iv\u00e4n, joka piti sis\u00e4ll\u00e4\u00e4n Kelly Kalonjin pesun.\" loading=\"lazy\" \/>            <\/p>\n<p>            Seiska j\u00e4rjesti Arskalle hemmottelup\u00e4iv\u00e4n, joka piti sis\u00e4ll\u00e4\u00e4n  pesun.<br \/>\n            Ari Lahti<\/p>\n<p class=\"article-content article-content-width !bg-background\">Arskan<br \/>\np\u00e4\u00e4kallopaikka oli Helsingin Ullanlinnassa sijaitseva Sikalan puisto, jossa h\u00e4n<br \/>\nistui vuosikausia aamusta iltaan.<\/p>\n<p>        <a itemprop=\"url\" href=\"https:\/\/www.seiska.fi\/kotimaa\/seiska-toteutti-helsinkilaispuliukolle-hurjan-muodonmuutoksen-katso\/211236\" rel=\"nofollow noopener\" target=\"_blank\"><\/p>\n<p class=\"section-date\">\n        <strong class=\"article-section\" data-section=\"kotimaa\"><br \/>\n            kotimaa<br \/>\n        <\/strong><br \/>\n        2.4.2015 14:47\n    <\/p>\n<p>    Seiska toteutti helsinkil\u00e4ispuliukolle hurjan muodonmuutoksen &#8211; katso!<\/p>\n<p>        <\/a><\/p>\n<p class=\"article-content article-content-width !bg-background\">Arskan hymy ei<br \/>\nhyytynyt, vaikka taivaalta satoi r\u00e4nt\u00e4\u00e4 tai kun pakkasukko pisti parastaan.<\/p>\n<p>                <img decoding=\"async\" src=\"https:\/\/www.europesays.com\/fi\/wp-content\/uploads\/2025\/08\/1911320.webp\" width=\"576\" height=\"384\" alt=\"Jopa Hollywood-t\u00e4hti Bam Margera viihtyi Arskan kanssa.\" loading=\"lazy\" \/>            <\/p>\n<p>\n            Jopa Hollywood-t\u00e4hti Bam Margera viihtyi Arskan kanssa.<br \/>\n            PANU H\u00d6RKK\u00d6\n        <\/p>\n<p>Julkkisten biletyskaveri<\/p>\n<p class=\"article-content article-content-width !bg-background\">Ullanlinnan<br \/>\nhyvin toimeentuleva v\u00e4ki piti huolen siit\u00e4, ett\u00e4 Arskalla<br \/>\noli aina rahaa ostaa murkinaa sek\u00e4 lempijuomaansa Valdemar-viini\u00e4.<\/p>\n<p class=\"article-content article-content-width !bg-background\">My\u00f6s useat<br \/>\neri julkkikset viihtyiv\u00e4t kosteissa illanvietoissa Arskan kanssa. Esimerkiksi<br \/>\nHollywood-t\u00e4hti  ja Arska tapasivat kostuttaa kurkkua kimpassa.<\/p>\n<p>        <a itemprop=\"url\" href=\"https:\/\/www.seiska.fi\/kotimaa\/nain-puliukko-arska-kommentoi-bam-margeran-kanssa-viettamaansa-paivaa\/721890\" rel=\"nofollow noopener\" target=\"_blank\"><\/p>\n<p class=\"section-date\">\n        <strong class=\"article-section\" data-section=\"kotimaa\"><br \/>\n            kotimaa<br \/>\n        <\/strong><br \/>\n        22.8.2016 19:14\n    <\/p>\n<p>    N\u00e4in puliukko-Arska kommentoi Bam Margeran kanssa viett\u00e4m\u00e4\u00e4ns\u00e4 p\u00e4iv\u00e4\u00e4! <\/p>\n<p>        <\/a><\/p>\n<p>                <img decoding=\"async\" src=\"https:\/\/www.europesays.com\/fi\/wp-content\/uploads\/2025\/08\/1911322.webp\" width=\"576\" height=\"528\" alt=\"Andy ja Arska uppoutuivat kimpassa laatujournalismiin.\" loading=\"lazy\" \/>            <\/p>\n<p>\n            Andy ja Arska uppoutuivat kimpassa laatujournalismiin.<br \/>\n            PANU H\u00d6RKK\u00d6\n        <\/p>\n<p class=\"article-content article-content-width !bg-background\">My\u00f6s Hanoi<br \/>\nRocks -t\u00e4hti  tapasi istuskella Arskan kanssa Sikalan puistossa<br \/>\nhenkevi\u00e4 keskusteluita k\u00e4yden.<\/p>\n<p class=\"article-content article-content-width !bg-background\">Arskan<br \/>\nmuisto el\u00e4\u00e4 yh\u00e4 t\u00e4n\u00e4kin p\u00e4iv\u00e4n\u00e4 monen Ullanlinnassa varttuneen nuoren aikuisen<br \/>\nmieless\u00e4.<\/p>\n<p>                <img decoding=\"async\" src=\"https:\/\/www.europesays.com\/fi\/wp-content\/uploads\/2025\/08\/1911324.webp\" width=\"576\" height=\"768\" alt=\"Lucas maalasi s\u00e4hk\u00f6p\u00f6mpeli\u00e4 viel\u00e4 my\u00f6h\u00e4\u00e4n y\u00f6ll\u00e4.\" loading=\"lazy\" \/>            <\/p>\n<p>\n            Lucas maalasi s\u00e4hk\u00f6p\u00f6mpeli\u00e4 viel\u00e4 my\u00f6h\u00e4\u00e4n y\u00f6ll\u00e4.<br \/>\n            LUCASIN JA FELIXIN ALBUMI\n        <\/p>\n<p>Ajatus her\u00e4si<\/p>\n<p class=\"article-content article-content-width !bg-background\">Er\u00e4s heist\u00e4<br \/>\non nuori taitelija , joka \u201cher\u00e4tti\u201d Arskan henkiin yhdess\u00e4<br \/>\nyst\u00e4v\u00e4ns\u00e4  kanssa. He maalasivat elokuun lopussa muistokuvan Arskasta Sikalan puiston muuntajaan.<\/p>\n<p class=\"article-content article-content-width !bg-background\">\u2013 Vuonna<br \/>\n2017 Arskan menehtymisen j\u00e4lkeen t\u00e4m\u00e4n p\u00f6mpelin edess\u00e4 j\u00e4rjestettiin<br \/>\nmuistotilaisuus. Huomasin sittemmin s\u00e4hk\u00f6muuntajakaappiin ilmestyneen tekstin:<br \/>\n\u201dHarrin muistolle.\u201d<\/p>\n<p class=\"article-content article-content-width !bg-background\">\u2013 Teksti haalistui ajan my\u00f6t\u00e4 l\u00e4hes n\u00e4kym\u00e4tt\u00f6m\u00e4ksi. Silloin<br \/>\nminulle her\u00e4si ajatus, ett\u00e4 paikalle pit\u00e4isi tehd\u00e4 kunnollinen muistomerkki,<br \/>\njoka toisi Arskan takaisin puiston kulmalle, idean is\u00e4 Lukas kertoo.<\/p>\n<p>        <a itemprop=\"url\" href=\"https:\/\/www.seiska.fi\/kotimaa\/puliukko-arska-on-kuollut-muistopaikalle-on-tuotu-kuva-ja-kynttiloita\/659592\" rel=\"nofollow noopener\" target=\"_blank\"><\/p>\n<p class=\"section-date\">\n        <strong class=\"article-section\" data-section=\"kotimaa\"><br \/>\n            kotimaa<br \/>\n        <\/strong><br \/>\n        2.7.2017 11:53\n    <\/p>\n<p>    Puliukko-Arska on kuollut \u2013 muistopaikalle on tuotu kuva ja kynttil\u00f6it\u00e4<\/p>\n<p>        <\/a><\/p>\n<p>                <img decoding=\"async\" src=\"https:\/\/www.europesays.com\/fi\/wp-content\/uploads\/2025\/08\/1911330.webp\" width=\"576\" height=\"533\" alt=\"Felix pisti pensselill\u00e4 parastaan.\" loading=\"lazy\" \/>            <\/p>\n<p>\n            Felix pisti pensselill\u00e4 parastaan.<br \/>\n            LUCASIN JA FELIXIN ALBUMI\n        <\/p>\n<p class=\"article-content article-content-width !bg-background\">Toljamo<br \/>\notti yhteytt\u00e4 taiteilijayst\u00e4v\u00e4\u00e4ns\u00e4 Bardyyn, jonka kanssa h\u00e4n on opiskellut<br \/>\ntaidekoulu Maassa. Ideaa haudutettiin, kunnes viime viikonloppuna<br \/>\nkaksikko her\u00e4tti Ullanlinnassa ihastusta maalaamalla upean teoksen Arskasta<br \/>\ns\u00e4hk\u00f6kaappiin.<\/p>\n<p>                <img decoding=\"async\" src=\"https:\/\/www.europesays.com\/fi\/wp-content\/uploads\/2025\/08\/1911334.webp\" width=\"576\" height=\"639\" alt=\"Upeaa teosta voi k\u00e4yd\u00e4 ihailemassa Kapteeninkatu 11 edustalla.\" loading=\"lazy\" \/>            <\/p>\n<p>\n            Upeaa teosta voi k\u00e4yd\u00e4 ihailemassa Kapteeninkatu 11 edustalla.<br \/>\n            PANU H\u00d6RKK\u00d6\n        <\/p>\n<p class=\"article-content article-content-width !bg-background\">\u2013 Tyylillisesti<br \/>\nteos mukailee Bardyn \u201dslow print\u201d -maalaustekniikkaa, jossa rasteriksi muutettu<br \/>\nkuva maalataan k\u00e4sin, piste kerrallaan, Ullanlinnassa varttuneet kaverukset kertovat Seiskalle.<\/p>\n<p>        <a itemprop=\"url\" href=\"https:\/\/www.seiska.fi\/kotimaa\/kuolleen-puliukko-arskan-muistopaikka-tayttyy-lahjoista-tupakkaa-kaljaa-viinipullo-lego-ukko\/659574\" rel=\"nofollow noopener\" target=\"_blank\"><\/p>\n<p class=\"section-date\">\n        <strong class=\"article-section\" data-section=\"kotimaa\"><br \/>\n            kotimaa<br \/>\n        <\/strong><br \/>\n        2.7.2017 21:12\n    <\/p>\n<p>    Kuolleen puliukko-Arskan muistopaikka t\u00e4yttyy lahjoista: tupakkaa, kaljaa, viinipullo, Lego-ukko&#8230;<\/p>\n<p>        <\/a><\/p>\n<p>                <img decoding=\"async\" src=\"https:\/\/www.europesays.com\/fi\/wp-content\/uploads\/2025\/08\/1911336.webp\" width=\"576\" height=\"716\" alt=\"My\u00f6s Andy piipahti ihailemassa Arskan muistomerkki\u00e4.\" loading=\"lazy\" \/>            <\/p>\n<p>\n            My\u00f6s Andy piipahti ihailemassa Arskan muistomerkki\u00e4.<br \/>\n            PANU H\u00d6RKK\u00d6\n        <\/p>\n<p class=\"article-content article-content-width !bg-background\">Teoksen<br \/>\nymp\u00e4rille on ker\u00e4\u00e4ntynyt sen valmistumisen j\u00e4lkeen lukuisia silm\u00e4pareja<br \/>\nihailemaan maalausta. Iltaisin p\u00f6mpelin eteen on sytytetty<br \/>\nkynttil\u00f6it\u00e4 Arskan muistolle.\u00a0<\/p>\n","protected":false},"excerpt":{"rendered":"PANU H\u00d6RKK\u00d6 Nuoret taiteilijat p\u00e4\u00e4ttiv\u00e4t kunnioittaa sympaattisen Arskan muistoa. Monet Seiskan lukijat varmasti muistavat Ullanlinnan-, joka seikkaili lukuisissa&hellip;\n","protected":false},"author":2,"featured_media":17910,"comment_status":"","ping_status":"","sticky":false,"template":"","format":"standard","meta":{"footnotes":""},"categories":[136],"tags":[5264,5499,407,137,33,31,30,104,408,212,6622,32,6623,109],"class_list":{"0":"post-17909","1":"post","2":"type-post","3":"status-publish","4":"format-standard","5":"has-post-thumbnail","7":"category-julkkikset","8":"tag-andy-mccoy","9":"tag-bam-margera","10":"tag-celebrities","11":"tag-entertainment","12":"tag-fi","13":"tag-finland","14":"tag-finnish","15":"tag-helsinki","16":"tag-julkkikset","17":"tag-lifestyle","18":"tag-lucas-toljamo","19":"tag-suomi","20":"tag-ullanlinnan-arska","21":"tag-viihde"},"share_on_mastodon":{"url":"","error":""},"_links":{"self":[{"href":"https:\/\/www.europesays.com\/fi\/wp-json\/wp\/v2\/posts\/17909","targetHints":{"allow":["GET"]}}],"collection":[{"href":"https:\/\/www.europesays.com\/fi\/wp-json\/wp\/v2\/posts"}],"about":[{"href":"https:\/\/www.europesays.com\/fi\/wp-json\/wp\/v2\/types\/post"}],"author":[{"embeddable":true,"href":"https:\/\/www.europesays.com\/fi\/wp-json\/wp\/v2\/users\/2"}],"replies":[{"embeddable":true,"href":"https:\/\/www.europesays.com\/fi\/wp-json\/wp\/v2\/comments?post=17909"}],"version-history":[{"count":0,"href":"https:\/\/www.europesays.com\/fi\/wp-json\/wp\/v2\/posts\/17909\/revisions"}],"wp:featuredmedia":[{"embeddable":true,"href":"https:\/\/www.europesays.com\/fi\/wp-json\/wp\/v2\/media\/17910"}],"wp:attachment":[{"href":"https:\/\/www.europesays.com\/fi\/wp-json\/wp\/v2\/media?parent=17909"}],"wp:term":[{"taxonomy":"category","embeddable":true,"href":"https:\/\/www.europesays.com\/fi\/wp-json\/wp\/v2\/categories?post=17909"},{"taxonomy":"post_tag","embeddable":true,"href":"https:\/\/www.europesays.com\/fi\/wp-json\/wp\/v2\/tags?post=17909"}],"curies":[{"name":"wp","href":"https:\/\/api.w.org\/{rel}","templated":true}]}}