{"id":17911,"date":"2025-08-27T15:38:07","date_gmt":"2025-08-27T15:38:07","guid":{"rendered":"https:\/\/www.europesays.com\/fi\/17911\/"},"modified":"2025-08-27T15:38:07","modified_gmt":"2025-08-27T15:38:07","slug":"brad-pitt-ja-joaquin-phoenix-vastaaviksi-tuottajiksi-gazasta-kertovan-elokuvan","status":"publish","type":"post","link":"https:\/\/www.europesays.com\/fi\/17911\/","title":{"rendered":"Brad Pitt ja Joaquin Phoenix vastaaviksi tuottajiksi Gazasta kertovan elokuvan"},"content":{"rendered":"<p><strong>Brad Pitt j<\/strong>a<strong> Joaquin Phoenix <\/strong>ovat liittyneet<strong> Kaouther Ben Hanian <\/strong>(The Man Who Sold His Skin, Nelj\u00e4 tyt\u00e4rt\u00e4) ohjaaman ja k\u00e4sikirjoittaman elokuvan vastaaviksi tuottajiksi.<\/p>\n<p>The Voice of Hind Rajab -niminen draama sijoittuu Gazaan ja se saa ensi-iltansa Venetsian elokuvajuhlilla.<\/p>\n<p>Mukana elokuvan tuotannossa ovat my\u00f6s Gravity-ohjaaja <strong>Alfonso Cuar\u00f3n<\/strong>, The Girl with the Dragon Tattoo -n\u00e4yttelij\u00e4 <strong>Rooney Mara<\/strong>, sek\u00e4 The Zone of Interest -ohjaaja <strong>Jonathan Glazer<\/strong>.<\/p>\n<p>Lue my\u00f6s: <a href=\"https:\/\/www.episodi.fi\/uutiset\/hups-tuottaja-paljasti-mestariohjaajan-uuden-elokuvan-kilpailevan-venetsian-elokuvajuhlilla-ennen-kuin-ehdokkaita-on-virallisesti-julkistettu\/\" title=\"Hups \u2013\u00a0Tuottaja paljasti mestariohjaajan uuden elokuvan kilpailevan Venetsian elokuvajuhlilla, ennen kuin ehdokkaita on virallisesti julkistettu\" class=\"underline-custom !font-montserrat !font-bold !underline-offset-4 !decoration-4 !decoration-episodi-blue !text-md\" rel=\"nofollow noopener\" target=\"_blank\">Hups \u2013\u00a0Tuottaja paljasti mestariohjaajan uuden elokuvan kilpailevan Venetsian elokuvajuhlilla, ennen kuin ehdokkaita on virallisesti julkistettu<\/a><\/p>\n<p>Lue my\u00f6s: <a href=\"https:\/\/www.episodi.fi\/uutiset\/ainakin-nama-hollywood-tahdet-ovat-allekirjoittaneet-vetoomuksen-gazan-puolesta\/\" title=\"Ainakin n\u00e4m\u00e4 Hollywood-t\u00e4hdet ovat allekirjoittaneet vetoomuksen Gazan puolesta\" class=\"underline-custom !font-montserrat !font-bold !underline-offset-4 !decoration-4 !decoration-episodi-blue !text-md\" rel=\"nofollow noopener\" target=\"_blank\">Ainakin n\u00e4m\u00e4 Hollywood-t\u00e4hdet ovat allekirjoittaneet vetoomuksen Gazan puolesta<\/a><\/p>\n<p>Moni saattaa ihmetell\u00e4, kuinka Pitt ja Phoenix voivat liitty\u00e4 elokuvan tuottajiksi, joka on jo valmistunut. Vastaavan tuottajan rooli kuitenkaan ei aina liity varsinaiseen elokuvan syntyprosessiin, vaan esimerkiksi markkinointiin, jakeluun ja rahoituksen hankkimiseen. <\/p>\n<p>The Voice of Hind Rajab kertoo 6-vuotiaasta tyt\u00f6st\u00e4, joka j\u00e4i yksin autoon Israelin joukkojen hy\u00f6kk\u00e4yksen j\u00e4lkeen Gazassa. H\u00e4net l\u00f6ydettiin my\u00f6hemmin kuolleena. Elokuva hy\u00f6dynt\u00e4\u00e4 \u00e4\u00e4nitallenteita, joissa tytt\u00f6 puhuu avustusj\u00e4rjest\u00f6n ty\u00f6ntekij\u00f6ille, jotka vastaanottivat h\u00e4nen h\u00e4t\u00e4puhelunsa.<\/p>\n<p>\u201dElokuvan ytimess\u00e4 on jotain hyvin yksinkertaista, jota on vaikeaa kohdata. En voi hyv\u00e4ksy\u00e4 maailmaa, jossa lapsi soittaa apua eik\u00e4 kukaan auta. Se kipu. Se ep\u00e4onnistuminen koskettaa meit\u00e4 kaikkia\u201d.<\/p>\n<p>\u201dT\u00e4m\u00e4 tarina ei koske vain Gazaa. Se koskettaa universaalia surua. Uskon, ett\u00e4 fiktio \u2013 etenkin silloin, kun se ammentaa todellisista, tuskallisista tapahtumista \u2013 on elokuvan voimakkain ty\u00f6kalu. Voimakkaampi kuin uutisvirta tai se, ett\u00e4 sulkee silm\u00e4ns\u00e4 silt\u00e4\u201d.<\/p>\n<p>\u201dElokuva voi auttaa muistamaan. Elokuva voi vastustaa asioiden unohtamista\u201d, ohjaaja kommentoi.<\/p>\n<p>L\u00e4hde: <a href=\"https:\/\/variety.com\/2025\/film\/news\/brad-pitt-joaquin-phoenix-voice-of-hind-rajab-gaza-venice-film-festival-1236499340\/\" rel=\"nofollow noopener\" target=\"_blank\">Variety<\/a><\/p>\n<p>Lue my\u00f6s: <a href=\"https:\/\/www.episodi.fi\/uutiskirje\/?uutiskirjemainos=tekstilinkkimainos\" title=\"Tilaa Episodin uutiskirje ja voit voittaa leffalippuja! Nappaa tv-vinkit suoraan s\u00e4hk\u00f6postiin t\u00e4st\u00e4.\" class=\"underline-custom !font-montserrat !font-bold !underline-offset-4 !decoration-4 !decoration-episodi-blue !text-md\" rel=\"nofollow noopener\" target=\"_blank\">Tilaa Episodin uutiskirje ja voit voittaa leffalippuja! Nappaa katseluvinkit suoraan s\u00e4hk\u00f6postiin t\u00e4st\u00e4.<\/a><\/p>\n","protected":false},"excerpt":{"rendered":"Brad Pitt ja Joaquin Phoenix ovat liittyneet Kaouther Ben Hanian (The Man Who Sold His Skin, Nelj\u00e4 tyt\u00e4rt\u00e4)&hellip;\n","protected":false},"author":2,"featured_media":17912,"comment_status":"","ping_status":"","sticky":false,"template":"","format":"standard","meta":{"footnotes":""},"categories":[131],"tags":[1294,155,137,33,173,31,30,5067,172,32,6624,109],"class_list":{"0":"post-17911","1":"post","2":"type-post","3":"status-publish","4":"format-standard","5":"has-post-thumbnail","7":"category-elokuvat","8":"tag-brad-pitt","9":"tag-elokuvat","10":"tag-entertainment","11":"tag-fi","12":"tag-film","13":"tag-finland","14":"tag-finnish","15":"tag-joaquin-phoenix","16":"tag-movies","17":"tag-suomi","18":"tag-the-voice-of-hind-rajab","19":"tag-viihde"},"share_on_mastodon":{"url":"","error":""},"_links":{"self":[{"href":"https:\/\/www.europesays.com\/fi\/wp-json\/wp\/v2\/posts\/17911","targetHints":{"allow":["GET"]}}],"collection":[{"href":"https:\/\/www.europesays.com\/fi\/wp-json\/wp\/v2\/posts"}],"about":[{"href":"https:\/\/www.europesays.com\/fi\/wp-json\/wp\/v2\/types\/post"}],"author":[{"embeddable":true,"href":"https:\/\/www.europesays.com\/fi\/wp-json\/wp\/v2\/users\/2"}],"replies":[{"embeddable":true,"href":"https:\/\/www.europesays.com\/fi\/wp-json\/wp\/v2\/comments?post=17911"}],"version-history":[{"count":0,"href":"https:\/\/www.europesays.com\/fi\/wp-json\/wp\/v2\/posts\/17911\/revisions"}],"wp:featuredmedia":[{"embeddable":true,"href":"https:\/\/www.europesays.com\/fi\/wp-json\/wp\/v2\/media\/17912"}],"wp:attachment":[{"href":"https:\/\/www.europesays.com\/fi\/wp-json\/wp\/v2\/media?parent=17911"}],"wp:term":[{"taxonomy":"category","embeddable":true,"href":"https:\/\/www.europesays.com\/fi\/wp-json\/wp\/v2\/categories?post=17911"},{"taxonomy":"post_tag","embeddable":true,"href":"https:\/\/www.europesays.com\/fi\/wp-json\/wp\/v2\/tags?post=17911"}],"curies":[{"name":"wp","href":"https:\/\/api.w.org\/{rel}","templated":true}]}}