{"id":179125,"date":"2026-02-25T06:48:08","date_gmt":"2026-02-25T06:48:08","guid":{"rendered":"https:\/\/www.europesays.com\/fi\/179125\/"},"modified":"2026-02-25T06:48:08","modified_gmt":"2026-02-25T06:48:08","slug":"aidin-hyvinvointi-on-yhteydessa-lapsen-adhd-diagnoosiin","status":"publish","type":"post","link":"https:\/\/www.europesays.com\/fi\/179125\/","title":{"rendered":"\u00c4idin hyvinvointi on yhteydess\u00e4 lapsen ADHD-diagnoosiin"},"content":{"rendered":"<p>\u00c4idin psyykkiset sairaudet raskauden ja lapsen varhaisten elinvuosien aikana, raskausajan tupakointi ja se, ettei \u00e4iti ollut parisuhteessa, olivat yhteydess\u00e4 lapsen suurempaan todenn\u00e4k\u00f6isyyteen saada ADHD-diagnoosi lapsuusi\u00e4ss\u00e4.<\/p>\n<blockquote>\n<p><strong>Lue lis\u00e4\u00e4:<\/strong> <a href=\"https:\/\/kaksplus.fi\/lapsi\/lapsen-terveys\/adhd-tytoilla\/\" rel=\"nofollow noopener\" target=\"_blank\">Tyt\u00f6ill\u00e4 ADHD voi oireilla jopa p\u00e4invastoin kuin pojilla \u2013 N\u00e4ist\u00e4 merkeist\u00e4 paljastuu tytt\u00f6jen tarkkaavaisuush\u00e4iri\u00f6<\/a><\/p>\n<\/blockquote>\n<p>Asia selvi\u00e4\u00e4 Turun yliopiston tutkimuksesta, jossa selvitettiin Suomessa vuosina 2001\u22122006 syntyneiden lasten ADHD-diagnooseja. Tutkimusaineisto koostui vuosina 2001\u20132006 syntyneiden yli 300 000 lapsen perusterveydenhuollon ja erikoissairaanhoidon k\u00e4yntien diagnoositiedoista.<\/p>\n<p>Riskitekij\u00f6iden yleisyys ei sin\u00e4ns\u00e4 kasvanut tutkimusvuosien aikana, mutta \u00e4itien psyykkisiss\u00e4 h\u00e4iri\u00f6iss\u00e4 n\u00e4kyi hienoista lis\u00e4\u00e4ntymist\u00e4.<\/p>\n<p>\u2013 ADHD-diagnoosien m\u00e4\u00e4r\u00e4n lis\u00e4\u00e4ntymisen syyt ovat todenn\u00e4k\u00f6isesti moninaisia, ja voivat liitty\u00e4 esimerkiksi parempaan tietoisuuteen ADHD:sta ja psyykkisist\u00e4 h\u00e4iri\u00f6ist\u00e4, ymp\u00e4rist\u00f6n ja yksil\u00f6n ominaisuuksien v\u00e4lisen ep\u00e4suhdan kasvuun sek\u00e4 lis\u00e4\u00e4ntyneeseen terveydenhuollon palveluihin hakeutumisen ja k\u00e4yt\u00e4nt\u00f6jen muuttumiseen, Turun yliopiston tutkijatohtori, lastenpsykiatrian erikoisl\u00e4\u00e4k\u00e4ri\u00a0<strong>Marika Lepp\u00e4nen<\/strong> kertoo tiedotteessa.<\/p>\n<p>Pojista 6,4 prosenttia ja tyt\u00f6ist\u00e4 1,5 prosenttia oli saanut ADHD-diagnoosin siihen vuoteen menness\u00e4, kun he t\u00e4yttiv\u00e4t 12 vuotta. Diagnoosi asetetaan keskim\u00e4\u00e4rin kahdeksan vuoden i\u00e4ss\u00e4.<\/p>\n<p>ADHD diagnosoidaan lapsilla selv\u00e4sti eri tahtiin sukupuolen mukaan: pojilla diagnoosit lis\u00e4\u00e4ntyv\u00e4t vuosi vuodelta jo varhaislapsuudessa, kun taas tyt\u00f6ill\u00e4 oireet tunnistetaan usein vasta nuoruusi\u00e4ss\u00e4.<\/p>\n<p>\u2013 T\u00e4m\u00e4 voi liitty\u00e4 siihen, ett\u00e4 tytt\u00f6jen oirekuva ei aina ole tyypillinen, eik\u00e4 sis\u00e4ll\u00e4 esimerkiksi merkitt\u00e4v\u00e4sti hyperaktiivisuutta, mink\u00e4 vuoksi h\u00e4iri\u00f6t\u00e4 voi olla vaikeampi tunnistaa lapsuusi\u00e4ss\u00e4 ulosp\u00e4in n\u00e4kyv\u00e4n k\u00e4yt\u00f6ksen avulla, Lepp\u00e4nen pohtii.<\/p>\n<p>Tutkimus korostaa, ett\u00e4 lasten, nuorten ja perheiden palveluissa pit\u00e4isi varmistaa riitt\u00e4v\u00e4t resurssit ja osaaminen, jotta lapsen oireita voidaan arvioida kokonaisuutena. N\u00e4in voidaan tunnistaa perheen kuormitus, mahdolliset muut h\u00e4iri\u00f6t ja ep\u00e4selv\u00e4t oirekuvat ilman, ett\u00e4 p\u00e4\u00e4dyt\u00e4\u00e4n yli- tai alidiagnostiikkaan. Samalla l\u00f6ydet\u00e4\u00e4n lapselle oikeanlainen tuki.<\/p>\n<p>    Artikkeliin liittyv\u00e4t aiheet<\/p>\n","protected":false},"excerpt":{"rendered":"\u00c4idin psyykkiset sairaudet raskauden ja lapsen varhaisten elinvuosien aikana, raskausajan tupakointi ja se, ettei \u00e4iti ollut parisuhteessa, olivat&hellip;\n","protected":false},"author":2,"featured_media":179126,"comment_status":"","ping_status":"","sticky":false,"template":"","format":"standard","meta":{"footnotes":"","_share_on_mastodon":"0"},"categories":[165],"tags":[598,33,31,30,166,11605,32,167],"class_list":["post-179125","post","type-post","status-publish","format-standard","has-post-thumbnail","category-terveys","tag-adhd","tag-fi","tag-finland","tag-finnish","tag-health","tag-neuropsykiatriset-hairiot","tag-suomi","tag-terveys"],"share_on_mastodon":{"url":"https:\/\/pubeurope.com\/@fi\/116129936602832290","error":""},"_links":{"self":[{"href":"https:\/\/www.europesays.com\/fi\/wp-json\/wp\/v2\/posts\/179125","targetHints":{"allow":["GET"]}}],"collection":[{"href":"https:\/\/www.europesays.com\/fi\/wp-json\/wp\/v2\/posts"}],"about":[{"href":"https:\/\/www.europesays.com\/fi\/wp-json\/wp\/v2\/types\/post"}],"author":[{"embeddable":true,"href":"https:\/\/www.europesays.com\/fi\/wp-json\/wp\/v2\/users\/2"}],"replies":[{"embeddable":true,"href":"https:\/\/www.europesays.com\/fi\/wp-json\/wp\/v2\/comments?post=179125"}],"version-history":[{"count":0,"href":"https:\/\/www.europesays.com\/fi\/wp-json\/wp\/v2\/posts\/179125\/revisions"}],"wp:featuredmedia":[{"embeddable":true,"href":"https:\/\/www.europesays.com\/fi\/wp-json\/wp\/v2\/media\/179126"}],"wp:attachment":[{"href":"https:\/\/www.europesays.com\/fi\/wp-json\/wp\/v2\/media?parent=179125"}],"wp:term":[{"taxonomy":"category","embeddable":true,"href":"https:\/\/www.europesays.com\/fi\/wp-json\/wp\/v2\/categories?post=179125"},{"taxonomy":"post_tag","embeddable":true,"href":"https:\/\/www.europesays.com\/fi\/wp-json\/wp\/v2\/tags?post=179125"}],"curies":[{"name":"wp","href":"https:\/\/api.w.org\/{rel}","templated":true}]}}