{"id":17913,"date":"2025-08-27T15:40:07","date_gmt":"2025-08-27T15:40:07","guid":{"rendered":"https:\/\/www.europesays.com\/fi\/17913\/"},"modified":"2025-08-27T15:40:07","modified_gmt":"2025-08-27T15:40:07","slug":"il-ministeri-multala-mainosti-some-videolla-mm-rallin-vip-palveluita-oli-saanut-liput-ilmaiseksi-uutissuomalainen","status":"publish","type":"post","link":"https:\/\/www.europesays.com\/fi\/17913\/","title":{"rendered":"IL: Ministeri Multala mainosti some-videolla MM-rallin VIP-palveluita \u2013 oli saanut liput ilmaiseksi | Uutissuomalainen"},"content":{"rendered":"<p>Ymp\u00e4rist\u00f6- ja ilmastoministeri Sari Multala (kok.) mainosti julkisella videolla Jyv\u00e4skyl\u00e4n MM-rallin VIP-palveluita saatuaan lippupaketin ilmaiseksi, kertoi <a href=\"https:\/\/www.iltalehti.fi\/politiikka\/a\/abb31967-b960-4981-a6ce-88a0d7c9ebeb?_gl=1*1ae1o1x*_ga*MTM4MTUwODA3MC4xNzE5NTUwMTAw*_ga_3L539PMN3X*czE3NTYyOTQ3MjUkbzY1MCRnMSR0MTc1NjI5NTM3NiRqNjAkbDAkaDA.\" rel=\"nofollow noopener\" target=\"_blank\">Iltalehti<\/a> keskiviikkona.<\/p>\n<p>Multala sai l\u00e4hes 700 euron arvoiset ralliliput lahjana Jyv\u00e4skyl\u00e4n kaupungilta ja rallin j\u00e4rjest\u00e4j\u00e4taholta AKK Sports Oy:lt\u00e4. Lipuilla p\u00e4\u00e4si muun muassa rallin VIP-alueille. Video taas julkaistiin rallin VIP-palveluita tarjoavan Teiskonen VIP -yrityksen Instagram-tilill\u00e4.<\/p>\n<p>Multala ei kommentoinut Iltalehdelle, oliko h\u00e4nen saamiensa lippujen ja mainosvideon v\u00e4lill\u00e4 yhteytt\u00e4.<\/p>\n<p>Video julkaistiin elokuun alussa, ja se oli julkisesti esill\u00e4 l\u00e4hes kuukauden, kunnes Multala pyysi poistamaan sen keskiviikkona Iltalehden yhteydenoton j\u00e4lkeen.<\/p>\n<p>Multala sanoi lehdelle, ett\u00e4 video oli v\u00e4\u00e4rink\u00e4sitys. H\u00e4nen mukaansa h\u00e4n oli antanut videolla kommentit &#8221;yleisesti&#8221; rallin ja sen yleis\u00f6palveluiden j\u00e4rjest\u00e4misest\u00e4. H\u00e4n kertoi pyyt\u00e4neens\u00e4 videon poistamisesta n\u00e4hty\u00e4\u00e4n sen &#8221;lopullisessa muodossaan&#8221;.<\/p>\n<p>Video on edelleen n\u00e4ht\u00e4vill\u00e4 Iltalehden jutun yhteydess\u00e4. Videolla Multala kehuu rallin VIP-palveluja, ja Teiskonen VIP -yrityksen logo n\u00e4kyy sek\u00e4 videon taustalla olevassa teltassa ett\u00e4 videon alareunassa.<\/p>\n","protected":false},"excerpt":{"rendered":"Ymp\u00e4rist\u00f6- ja ilmastoministeri Sari Multala (kok.) mainosti julkisella videolla Jyv\u00e4skyl\u00e4n MM-rallin VIP-palveluita saatuaan lippupaketin ilmaiseksi, kertoi Iltalehti keskiviikkona.&hellip;\n","protected":false},"author":2,"featured_media":17914,"comment_status":"","ping_status":"","sticky":false,"template":"","format":"standard","meta":{"footnotes":""},"categories":[158],"tags":[33,31,30,3862,4132,2675,425,6625,41,6626,159,32,160],"class_list":{"0":"post-17913","1":"post","2":"type-post","3":"status-publish","4":"format-standard","5":"has-post-thumbnail","7":"category-urheilu","8":"tag-fi","9":"tag-finland","10":"tag-finnish","11":"tag-iltalehti","12":"tag-iltapaivalehdet","13":"tag-instagram","14":"tag-jyvaskyla","15":"tag-jyvaskylan-mm-ralli","16":"tag-liikunta-ja-urheilu","17":"tag-sanomalehtien-kustantaminen","18":"tag-sports","19":"tag-suomi","20":"tag-urheilu"},"share_on_mastodon":{"url":"","error":""},"_links":{"self":[{"href":"https:\/\/www.europesays.com\/fi\/wp-json\/wp\/v2\/posts\/17913","targetHints":{"allow":["GET"]}}],"collection":[{"href":"https:\/\/www.europesays.com\/fi\/wp-json\/wp\/v2\/posts"}],"about":[{"href":"https:\/\/www.europesays.com\/fi\/wp-json\/wp\/v2\/types\/post"}],"author":[{"embeddable":true,"href":"https:\/\/www.europesays.com\/fi\/wp-json\/wp\/v2\/users\/2"}],"replies":[{"embeddable":true,"href":"https:\/\/www.europesays.com\/fi\/wp-json\/wp\/v2\/comments?post=17913"}],"version-history":[{"count":0,"href":"https:\/\/www.europesays.com\/fi\/wp-json\/wp\/v2\/posts\/17913\/revisions"}],"wp:featuredmedia":[{"embeddable":true,"href":"https:\/\/www.europesays.com\/fi\/wp-json\/wp\/v2\/media\/17914"}],"wp:attachment":[{"href":"https:\/\/www.europesays.com\/fi\/wp-json\/wp\/v2\/media?parent=17913"}],"wp:term":[{"taxonomy":"category","embeddable":true,"href":"https:\/\/www.europesays.com\/fi\/wp-json\/wp\/v2\/categories?post=17913"},{"taxonomy":"post_tag","embeddable":true,"href":"https:\/\/www.europesays.com\/fi\/wp-json\/wp\/v2\/tags?post=17913"}],"curies":[{"name":"wp","href":"https:\/\/api.w.org\/{rel}","templated":true}]}}