{"id":17919,"date":"2025-08-27T15:43:10","date_gmt":"2025-08-27T15:43:10","guid":{"rendered":"https:\/\/www.europesays.com\/fi\/17919\/"},"modified":"2025-08-27T15:43:10","modified_gmt":"2025-08-27T15:43:10","slug":"raportti-applen-johto-keskustellut-suuresta-tekoaly-yritysostosta-erityisesti-yksi-johtaja-idean-tukena","status":"publish","type":"post","link":"https:\/\/www.europesays.com\/fi\/17919\/","title":{"rendered":"Raportti: Applen johto keskustellut suuresta teko\u00e4ly-yritysostosta \u2013 erityisesti yksi johtaja idean tukena"},"content":{"rendered":"<p><a href=\"https:\/\/www.europesays.com\/fi\/wp-content\/uploads\/2025\/08\/apple_logo_2025-1.jpg\" data-lightbox=\"image\"><img fetchpriority=\"high\" decoding=\"async\" class=\"aligncenter size-full wp-image-254051\" src=\"data:image\/svg+xml,%3Csvg%20xmlns=\" http:=\"\" alt=\"Apple logo.\" width=\"1122\" height=\"1018\" data-lazy- data-lazy- data-lazy-src=\"https:\/\/www.europesays.com\/fi\/wp-content\/uploads\/2025\/08\/apple_logo_2025-1.jpg\"\/><\/a><\/p>\n<p>Apple on j\u00e4\u00e4nyt per\u00e4ss\u00e4hiiht\u00e4j\u00e4ksi teko\u00e4lyn saralla. Yhten\u00e4 ratkaisuna tilanteeseen Applen sis\u00e4ll\u00e4 on harkittu my\u00f6s merkitt\u00e4v\u00e4\u00e4 yritysostoa.<\/p>\n<p><a href=\"https:\/\/mobiili.fi\/2025\/06\/21\/raportti-applen-johtajat-keskustelleet-tekoaly-yhtio-perplexityn-ostamisesta-toteutuessaan-olisi-applen-ylivoimaisesti-arvokkain-yritysosto-ikina\/\" rel=\"nofollow noopener\" target=\"_blank\">Jo kes\u00e4kuussa Bloombergin Apple-reportteri Mark Gurman raportoi Applen johtajien k\u00e4yneen sis\u00e4isi\u00e4 keskusteluja mahdollisesta tarjouksesta Perplexity AI:sta, joka tunnetaan teko\u00e4lypohjaisesta verkkohakualustastaan<\/a>.<\/p>\n<p style=\"width: 98%; text-align: center; font-size:13px; border-bottom: 1px solid #C8C8C8; line-height: 0.1em; margin: 8px 1% 16px 1%;\">MAINOS (ARTIKKELI JATKUU ALLA)<\/p>\n<p>Nyt <a href=\"https:\/\/www.theinformation.com\/articles\/apples-aversion-big-deals-thwart-ai-push\" rel=\"nofollow noopener\" target=\"_blank\">The Information on puolestaan raportoinut<\/a> keskustelujen Applen sis\u00e4ll\u00e4 jatkuvan. Perplexityn lis\u00e4ksi mahdollisena yritysostokohteena keskusteluissa esille on noussut ranskalainen Mistral AI.<\/p>\n<p>Applen johtoryhm\u00e4st\u00e4 erityisesti palveluista vastaavan johtajan Eddy Cuen kerrotaan olevan yritysoston tekemisen puolella.<\/p>\n<p>Perinteisesti Applen toimintamalliin eiv\u00e4t kuitenkaan ole suuret yritysostot kuuluneet. Apple on tunnettu varovaisesta yritysostolinjastaan, ja se on l\u00e4pi vuosien tehnyt ensisijaisesti pieni\u00e4 yritysostoja, joilla se on hankkinut osaamista tai teknologioita.<\/p>\n<p style=\"width: 98%; text-align: center; font-size:13px; border-bottom: 1px solid #C8C8C8; line-height: 0.1em; margin: 8px 1% 16px 1%;\">MAINOS (ARTIKKELI JATKUU ALLA)<\/p>\n<p>Perplexityn tai Mistralin hankinnasta olisi tulossa Applelle selv\u00e4sti sen historian mittavin yritysosto, sill\u00e4 Perplexity nosti rahoitusta viimeksi 18 miljardin dollarin arvostuksella ja my\u00f6s Mistralin on raportoitu hakevan uutta rahoitusta 10 miljardin dollarin arvostuksella.<\/p>\n<p>Applen toistaiseksi suurin yritysosto on Beatsin hankinta 3 miljardilla dollarilla vuonna 2014.<\/p>\n<p>Hein\u00e4kuussa Applen tulosjulkistuksen j\u00e4lkeisess\u00e4 analyytikkopuhelussa toimitusjohtaja Tim Cook ei sulkenut pois yritysostojen mahdollisuutta.<\/p>\n<p>\u201dOlemme eritt\u00e4in avoimia yrityskaupoille, jotka nopeuttavat suunnitelmiamme. Emme ole jumissa tietyn kokoisen yrityksen kanssa\u201d, <a href=\"https:\/\/mobiili.fi\/2025\/08\/01\/apple-kasvattaa-merkittavasti-investointejaan-tekoalyyn-toimitusjohtaja-cook-olemme-erittain-avoimia-yrityskaupoille-jotka-nopeuttavat-suunnitelmiamme\/\" rel=\"nofollow noopener\" target=\"_blank\">Cook kommentoi<\/a> ja kertoi samalla Applen kasvattavan merkitt\u00e4v\u00e4sti panostuksiaan teko\u00e4lyyn l\u00e4pi yhti\u00f6n.<\/p>\n<p style=\"width: 98%; text-align: center; font-size:13px; border-bottom: 1px solid #C8C8C8; line-height: 0.1em; margin: 8px 1% 16px 1%;\">MAINOS (ARTIKKELI JATKUU ALLA)<\/p>\n<p>Yritysosto voisi olla Applelle tapa kasvattaa kertaheitolla merkitt\u00e4v\u00e4sti teko\u00e4lyosaamistaan. Lis\u00e4ksi se voisi toimia pohjana teko\u00e4lypohjaisen palvelun kehitt\u00e4miselle verkkohakujen korvaajaksi.<\/p>\n<p>Oikeuden p\u00e4\u00e4t\u00f6s uhkaa Applen nykyist\u00e4 yli 20 miljardin dollarin tulot vuodessa tuovaa hakukonesopimusta Googlen kanssa, jos Googlelta kiellet\u00e4\u00e4n t\u00e4llaisten sopimusten tekeminen. Google-sopimuksen estyess\u00e4 Applen parhaimmaksi vaihtoehdoksi on n\u00e4hty oman verkkohakupalvelun tarjoaminen, mihin esimerkiksi Perplexity voisi tarjota tien.<\/p>\n<p>Lis\u00e4ksi teko\u00e4lypalvelut ovat jo alkaneet vaikuttaa perinteisten hakukoneiden suosioon.<\/p>\n<p>Osana todistustaan oikeudenk\u00e4ynniss\u00e4 Applen palveluista vastaava johtaja <a href=\"https:\/\/mobiili.fi\/2025\/05\/08\/huhtikuussa-tapahtui-jotakin-ennennakematonta-google-hakujen-maara-applen-safarin-kautta-laski-apple-pomo-arvelee-syyn-loytyvan-tekoalypalvelujen-noususta\/\" rel=\"nofollow noopener\" target=\"_blank\">Eddy Cue paljasti, ett\u00e4 ensi kerran ikin\u00e4 huhtikuussa Google-hakujen m\u00e4\u00e4r\u00e4 Safari-verkkoselaimen kautta Apple-laitteissa laski antaen ymm\u00e4rt\u00e4\u00e4 k\u00e4ytt\u00e4jien hy\u00f6dynt\u00e4v\u00e4n teko\u00e4lypalveluja vaihtoehtoisina tiedonl\u00e4htein\u00e4<\/a>.<\/p>\n<p style=\"width: 98%; text-align: center; font-size:13px; border-bottom: 1px solid #C8C8C8; line-height: 0.1em; margin: 8px 1% 16px 1%;\">MAINOS (ARTIKKELI JATKUU ALLA)<\/p>\n<p>Cuen ilmoituksen mukaan jatkossa Apple on mahdollistamassa my\u00f6s uusien teko\u00e4lypohjaisten hakupalvelujen, kuten vaikkapa Perplexityn, valinnan j\u00e4rjestelm\u00e4n oletushakukoneeksi.<\/p>\n<p>Mainos: <a href=\"https:\/\/hinta.fi\/?src=gPp6fX03\" target=\"_blank\" rel=\"nofollow noopener\">Noin 1 600 000 tuotteen hintavertailu ja hintaseuranta &#8211; katso Hinta.fist\u00e4 mist\u00e4 saat halvimmalla<\/a><\/p>\n","protected":false},"excerpt":{"rendered":"Apple on j\u00e4\u00e4nyt per\u00e4ss\u00e4hiiht\u00e4j\u00e4ksi teko\u00e4lyn saralla. Yhten\u00e4 ratkaisuna tilanteeseen Applen sis\u00e4ll\u00e4 on harkittu my\u00f6s merkitt\u00e4v\u00e4\u00e4 yritysostoa. Jo kes\u00e4kuussa&hellip;\n","protected":false},"author":2,"featured_media":5589,"comment_status":"","ping_status":"","sticky":false,"template":"","format":"standard","meta":{"footnotes":""},"categories":[84],"tags":[33,31,30,32,91,92],"class_list":{"0":"post-17919","1":"post","2":"type-post","3":"status-publish","4":"format-standard","5":"has-post-thumbnail","7":"category-teknologia","8":"tag-fi","9":"tag-finland","10":"tag-finnish","11":"tag-suomi","12":"tag-technology","13":"tag-teknologia"},"share_on_mastodon":{"url":"","error":""},"_links":{"self":[{"href":"https:\/\/www.europesays.com\/fi\/wp-json\/wp\/v2\/posts\/17919","targetHints":{"allow":["GET"]}}],"collection":[{"href":"https:\/\/www.europesays.com\/fi\/wp-json\/wp\/v2\/posts"}],"about":[{"href":"https:\/\/www.europesays.com\/fi\/wp-json\/wp\/v2\/types\/post"}],"author":[{"embeddable":true,"href":"https:\/\/www.europesays.com\/fi\/wp-json\/wp\/v2\/users\/2"}],"replies":[{"embeddable":true,"href":"https:\/\/www.europesays.com\/fi\/wp-json\/wp\/v2\/comments?post=17919"}],"version-history":[{"count":0,"href":"https:\/\/www.europesays.com\/fi\/wp-json\/wp\/v2\/posts\/17919\/revisions"}],"wp:featuredmedia":[{"embeddable":true,"href":"https:\/\/www.europesays.com\/fi\/wp-json\/wp\/v2\/media\/5589"}],"wp:attachment":[{"href":"https:\/\/www.europesays.com\/fi\/wp-json\/wp\/v2\/media?parent=17919"}],"wp:term":[{"taxonomy":"category","embeddable":true,"href":"https:\/\/www.europesays.com\/fi\/wp-json\/wp\/v2\/categories?post=17919"},{"taxonomy":"post_tag","embeddable":true,"href":"https:\/\/www.europesays.com\/fi\/wp-json\/wp\/v2\/tags?post=17919"}],"curies":[{"name":"wp","href":"https:\/\/api.w.org\/{rel}","templated":true}]}}