{"id":179192,"date":"2026-02-25T08:26:09","date_gmt":"2026-02-25T08:26:09","guid":{"rendered":"https:\/\/www.europesays.com\/fi\/179192\/"},"modified":"2026-02-25T08:26:09","modified_gmt":"2026-02-25T08:26:09","slug":"archie-cruz-yllattava-heitto-santa-cruzin-paluusta","status":"publish","type":"post","link":"https:\/\/www.europesays.com\/fi\/179192\/","title":{"rendered":"Archie Cruz: Yll\u00e4tt\u00e4v\u00e4 heitto Santa Cruzin paluusta!"},"content":{"rendered":"<p>            Monica Kaurola\n        <\/p>\n<p class=\"subtitle \">Archie Cruz kertoi Avussa viime elokuussa, kuinka \u201dkansainv\u00e4linen rockt\u00e4hteys ja sit\u00e4 seuranneet sekoilut ja mediakohut ovat opettaneet h\u00e4nelle k\u00e4rsiv\u00e4llisyytt\u00e4 ja raittiutta\u201d.<\/p>\n<p class=\"article-content article-content-width !bg-background\"> \u2013 Ja vaikka sais maineen petturin, yritin ainakin. Sit\u00e4 vastaan taistelin, mutta heikko oisit ollut sin\u00e4kin.<\/p>\n<p class=\"font-weight-bold m-font-weight-bold article-content article-content-width !bg-background\">Video: Archie ja Iida viett\u00e4v\u00e4t nyky\u00e4\u00e4n hiljaiseloa Sipoon rauhassa.<\/p>\n<p class=\"article-content article-content-width !bg-background\">N\u00e4in laulaa rokkari  tulevalla Miehen taakka -sinkullaan, joka julkaistaan 6. maaliskuuta.<\/p>\n<p>        <a itemprop=\"url\" href=\"https:\/\/www.seiska.fi\/vain-seiskassa\/tallainen-on-archie-cruzin-nayttava-menopeli-katso-kuva\/2078746\" rel=\"nofollow noopener\" target=\"_blank\"><\/p>\n<p>\nT\u00e4llainen on Archie Cruzin n\u00e4ytt\u00e4v\u00e4 menopeli\n<\/p>\n<p class=\"section-date\">\n        <strong class=\"article-section\" data-section=\"vain seiskassa\"><br \/>\n            vain seiskassa<br \/>\n        <\/strong><br \/>\n        22.2. 10:00\n    <\/p>\n<p>T\u00e4llainen on Archie Cruzin n\u00e4ytt\u00e4v\u00e4 menopeli \u2013 katso kuva!\n    <\/p>\n<p itemprop=\"description\" class=\"subtitle \">\n    Archien auto ei ole halvimmasta p\u00e4\u00e4st\u00e4.\n<\/p>\n<p>        <\/a><\/p>\n<p class=\"article-content article-content-width !bg-background\"> \u2013 Aiemmin oon saanu myyty\u00e4 n\u00e4it\u00e4 hyvin somen kautta, joten annetaan palaa taas! Huhtikuussa multa loppuu isyysvapaat ja sit ois kiva paukutella menem\u00e4\u00e4n kev\u00e4\u00e4n ja kes\u00e4n mittaan. Akustinen show on homman nimi ja ohjelmisto omaa suomenkielist\u00e4 + covereita, Archie vinkkasi taannoin Instagramissa.<\/p>\n<p>                <img decoding=\"async\" src=\"https:\/\/www.europesays.com\/fi\/wp-content\/uploads\/2026\/02\/1976204.webp.jpeg\" width=\"576\" height=\"322\" title=\"Viime lokakuussa Archie Cruz ja Iida Vainio edustivat yhdess\u00e4 Soundin 50-vuotisjuhlan\u00e4yt\u00f6ksess\u00e4.\" alt=\"Archie Cruz puhuu puhelimeen ja kantaa popcorn-t\u00f6rpp\u00f6\u00e4. Vieress\u00e4 Iida Vainio.\" loading=\"lazy\" \/>            <\/p>\n<p>\n            Viime lokakuussa Archie Cruz ja Iida Vainio edustivat yhdess\u00e4 Soundin 50-vuotisjuhlan\u00e4yt\u00f6ksess\u00e4.<br \/>\n            Jani Korpela\n        <\/p>\n<p>Ilmeisen merkityksellinen kappale<\/p>\n<p class=\"article-content article-content-width !bg-background\">Suomenkielist\u00e4 iskelm\u00e4poppia nyky\u00e4\u00e4n laulavan Archien viimeiset viisi julkaisua somessa promoavatkin tulevaa \u2013 ilmeisen merkityksellist\u00e4 \u2013 kappaletta.<\/p>\n<p class=\"article-content article-content-width !bg-background\">Pari p\u00e4iv\u00e4\u00e4 sitten videolla n\u00e4kyy, kuinka Archie laulaa oletettavasti kappaleen kertos\u00e4ett\u00e4.<\/p>\n<p>        <a itemprop=\"url\" href=\"https:\/\/www.seiska.fi\/vain-seiskassa\/uutta-tietoa-iida-vainion-raha-asioista\/2077390\" rel=\"nofollow noopener\" target=\"_blank\"><\/p>\n<p>\nIida Vainion raha-asiat\n<\/p>\n<p class=\"section-date\">\n        <strong class=\"article-section\" data-section=\"vain seiskassa\"><br \/>\n            vain seiskassa<br \/>\n        <\/strong><br \/>\n        20.2. 06:00\n    <\/p>\n<p>Uutta tietoa Iida Vainion raha-asioista\n    <\/p>\n<p itemprop=\"description\" class=\"subtitle \">\n    Kultamekollaan julkisuuteen noussut Iida on aiemmin kommentoinut taloudellista tilannettaan esimerkiksi podcast-haastatteluissa.\n<\/p>\n<p>        <\/a><\/p>\n<p class=\"article-content article-content-width !bg-background\">Takana olevista holvikaarista voisi p\u00e4\u00e4tell\u00e4, ett\u00e4 kyseess\u00e4 on kirkko.<\/p>\n<p class=\"article-content article-content-width !bg-background\">Kommentoijat ovat innoissaan osoittaen fiiliksens\u00e4 liekkiemojilla.<\/p>\n<p class=\"article-content article-content-width !bg-background\"> \u2013 Anna tulla enemm\u00e4n synk\u00e4n kautta rock\/heavy-fiiliksell\u00e4, niin tavoittaa useampia eli ei mit\u00e4\u00e4n t\u00e4h\u00e4n asti kuultua\ud83e\udd14, tuumailee muuan mies.<\/p>\n<p>&#8221;Aina iloista n\u00e4hd\u00e4 Archielta uutisia&#8221;<\/p>\n<p class=\"article-content article-content-width !bg-background\">Yksi k\u00e4ytt\u00e4j\u00e4 toteaa kappaleessa olevan jotain samaa kuin  Terveisin Doris -kappaleessa.<\/p>\n<p class=\"article-content article-content-width !bg-background\">My\u00f6s pari englanninkielist\u00e4 kommenttia l\u00f6ytyy.<\/p>\n<p>        <a itemprop=\"url\" href=\"https:\/\/www.seiska.fi\/vain-seiskassa\/iida-vainio-ja-archie-cruz-hylkasivat-helsingin-taalla-on-uusi-lemmenpesa\/2075364\" rel=\"nofollow noopener\" target=\"_blank\"><\/p>\n<p>\nIida ja Archie hylk\u00e4siv\u00e4t Helsingin\n<\/p>\n<p class=\"section-date\">\n        <strong class=\"article-section\" data-section=\"vain seiskassa\"><br \/>\n            vain seiskassa<br \/>\n        <\/strong><br \/>\n        19.2. 05:00\n    <\/p>\n<p>Iida Vainio ja Archie Cruz hylk\u00e4siv\u00e4t Helsingin \u2013 t\u00e4\u00e4ll\u00e4 on uusi lemmenpes\u00e4\n    <\/p>\n<p itemprop=\"description\" class=\"subtitle \">\n    Kohupari el\u00e4\u00e4 nyky\u00e4\u00e4n seesteist\u00e4 perhearkea Sipoossa.\n<\/p>\n<p>        <\/a><\/p>\n<p class=\"article-content article-content-width !bg-background\"> \u2013 Tykk\u00e4\u00e4n! Toivon p\u00e4\u00e4sen kuulevani t\u00e4m\u00e4n liven\u00e4 \ud83d\ude09, vinkkaa er\u00e4s vapaasti suomennettuna.<\/p>\n<p class=\"article-content article-content-width !bg-background\"> \u2013 Aina iloista n\u00e4hd\u00e4 Archielta uutisia, toteaa toinen.<\/p>\n<p>                <img decoding=\"async\" src=\"https:\/\/www.europesays.com\/fi\/wp-content\/uploads\/2026\/02\/1939044.webp.jpeg\" width=\"576\" height=\"274\" alt=\"Santa Cruz henkil\u00f6ityi aina vahvasti juuri Archie Cruziin. Kuva vuodelta 2016.\" loading=\"lazy\" \/>            <\/p>\n<p>\n            Santa Cruz henkil\u00f6ityi aina vahvasti juuri Archie Cruziin. Kuva vuodelta 2016.<br \/>\n            Juha Metso \/ AOP\n        <\/p>\n<p>&#8221;N\u00e4emmek\u00f6h\u00e4n koskaan en\u00e4\u00e4&#8230;&#8221;<\/p>\n<p class=\"article-content article-content-width !bg-background\">Er\u00e4s kysyj\u00e4kin l\u00f6ytyy.<\/p>\n<p class=\"article-content article-content-width !bg-background\"> \u2013 Veli! N\u00e4emmek\u00f6h\u00e4n koskaan en\u00e4\u00e4 uutta Santa Cruzin levy\u00e4, kysyy er\u00e4s ilmeisen kansainv\u00e4linen fani vapaasti suomennettuna.<\/p>\n<p class=\"article-content article-content-width !bg-background\">Archie ei ole reagoinut julkaisunsa kommentteihin paitsi t\u00e4h\u00e4n.<\/p>\n<p>        <a itemprop=\"url\" href=\"https:\/\/www.seiska.fi\/kotimaa\/nain-iida-vainio-ja-archie-cruz-viettivat-ystavanpaivaa\/2076595\" rel=\"nofollow noopener\" target=\"_blank\"><\/p>\n<p>\nIida Vainio ja Archie Cruz\n<\/p>\n<p class=\"section-date\">\n        <strong class=\"article-section\" data-section=\"kotimaa\"><br \/>\n            kotimaa<br \/>\n        <\/strong><br \/>\n        15.2. 12:00\n    <\/p>\n<p>N\u00e4in Iida Vainio ja Archie Cruz viettiv\u00e4t yst\u00e4v\u00e4np\u00e4iv\u00e4\u00e4\n    <\/p>\n<p itemprop=\"description\" class=\"subtitle \">\n    Iida ja Archie lukeutuvat maan seuratuimpiin julkkispareihin.\n<\/p>\n<p>        <\/a><\/p>\n<p class=\"article-content article-content-width !bg-background\"> \u2013 Olen sanonut virallisesti, ett\u00e4 jos SC aikoo koskaan tehd\u00e4 paluun, sen pit\u00e4\u00e4 olla alkuper\u00e4inen kokoonpano, olen my\u00f6s sanonut olevani valmis keskustelemaan paluusta milloin tahansa. Muiden j\u00e4senten tarvitsee vain ottaa minuun yhteytt\u00e4. Saa n\u00e4hd\u00e4! Riippuu heist\u00e4 t\u00e4ss\u00e4 vaiheessa \ud83e\udd18, Archie kirjoittaa vapaasti suomennettuna hyvinkin diplomaattisesti.<\/p>\n<p>                <img decoding=\"async\" src=\"https:\/\/www.europesays.com\/fi\/wp-content\/uploads\/2026\/02\/1772007969_850_1956235.webp.jpeg\" width=\"576\" height=\"720\" alt=\"Archie n\u00e4htiin viime syyskuussa pikaisesti my\u00f6s Erikoijoukoissa.\" loading=\"lazy\" \/>            <\/p>\n<p>\n            Archie n\u00e4htiin viime syyskuussa pikaisesti my\u00f6s Erikoijoukoissa.<br \/>\n            Jere Hietala \/ Sanoma\n        <\/p>\n<p> Santa Cruz<\/p>\n<p class=\"article-content article-content-width !bg-background\">Helsingiss\u00e4 perustettu hard rock -yhtye oli toiminnassa vuosina 2007\u20132024 vaihtelevilla kokoonpanoilla.<\/p>\n<p class=\"article-content article-content-width !bg-background\">Archie oli yhtyeens\u00e4 nokkamies ja kasvot, kunnes yhtyeen muut j\u00e4senet j\u00e4ttiv\u00e4t pumpun kesken kiertueen riitauduttuaan Archien kanssa.<\/p>\n<p>        <a itemprop=\"url\" href=\"https:\/\/www.seiska.fi\/kotimaa\/archie-cruz-tunnistamattomana-oon-vahan-miettiny-et\/2066140\" rel=\"nofollow noopener\" target=\"_blank\"><\/p>\n<p>\nArchie Cruz tunnistamattomana\n<\/p>\n<p class=\"section-date\">\n        <strong class=\"article-section\" data-section=\"kotimaa\"><br \/>\n            kotimaa<br \/>\n        <\/strong><br \/>\n        5.2. 06:54\n    <\/p>\n<p>Archie Cruz tunnistamattomana: &#8221;Oon v\u00e4h\u00e4n miettiny et&#8230;&#8221;\n    <\/p>\n<p itemprop=\"description\" class=\"subtitle \">\n    Kohurokkari Archie Cruz on vaihtanut jo ajat sitten englanninkielisen rokin suomenkieliseen pop-iskelm\u00e4\u00e4n.\n<\/p>\n<p>        <\/a><\/p>\n<p class=\"article-content article-content-width !bg-background\">T\u00e4m\u00e4n j\u00e4lkeen porukka Archien ymp\u00e4rill\u00e4 vaihtui, mutta viimeisimm\u00e4n kokoonpanon hajottua vuonna 2024 Archie ilmoitti Santa Cruzin lopettaneen ja siirtyneens\u00e4 suomenkieliselle soolouralle.<\/p>\n<p class=\"article-content article-content-width !bg-background\">Archien ja alkuper\u00e4isen b\u00e4ndin riitautumisesta kesken kiertueen lienee yht\u00e4 monta tarinaa kuin on tarinankertojaakin.<\/p>\n<p>&#8221;Opettivat\u00a0k\u00e4rsiv\u00e4llisyytt\u00e4 ja raittiutta&#8221;<\/p>\n<p class=\"article-content article-content-width !bg-background\"><a href=\"https:\/\/www.apu.fi\/artikkelit\/archie-cruz-nousi-pohjalta-nyt-isa-raitis-ja-tekee-uutta-musaa\" target=\"_blank\" rel=\"nofollow noopener\">Avussa Archie valitteli viime elokuussa<\/a>, kuinka Santa Cruzista olisi saattanut tulla seuraava suomalainen megab\u00e4ndi, mutta \u201dkaikki kaatui p\u00e4ihteisiin ja liikaan juhlintaan\u201d<\/p>\n<p class=\"article-content article-content-width !bg-background\">Haastattelu tuli ulos samaan aikaan, kun Archiella ja Iidalla oli k\u00e4ynniss\u00e4 j\u00e4lleen yksi ero.<\/p>\n<p>        <a itemprop=\"url\" href=\"https:\/\/www.seiska.fi\/kotimaa\/archie-cruz-kertoo-eronneensa-nyt-puhuu-iida-vainio\/1893630\" rel=\"nofollow noopener\" target=\"_blank\"><\/p>\n<p>\nNyt puhuu Iida Vainio:\n<\/p>\n<p class=\"section-date\">\n        <strong class=\"article-section\" data-section=\"kotimaa\"><br \/>\n            kotimaa<br \/>\n        <\/strong><br \/>\n        8.8.2025 10:48\n    <\/p>\n<p>Archie Cruz kertoo eronneensa \u2013 nyt puhuu Iida Vainio\n    <\/p>\n<p itemprop=\"description\" class=\"subtitle \">\n    Kohupari on ehtinyt erota ennenkin vain palatakseen pian takaisin yhteen.\n<\/p>\n<p>        <\/a><\/p>\n<p class=\"article-content article-content-width !bg-background\">Siit\u00e4 huolimatta haastattelussa Archie kertoi, kuinka \u201dkansainv\u00e4linen rockt\u00e4hteys ja sit\u00e4 seuranneet sekoilut ja mediakohut ovat opettaneet h\u00e4nelle k\u00e4rsiv\u00e4llisyytt\u00e4 ja raittiutta\u201d.<\/p>\n<p class=\"article-content article-content-width !bg-background\">J\u00e4\u00e4 n\u00e4ht\u00e4v\u00e4ksi, tarttuvatko Santa Cruzin alkuper\u00e4isj\u00e4senet Archien k\u00e4denojennukseen.<\/p>\n","protected":false},"excerpt":{"rendered":"Monica Kaurola Archie Cruz kertoi Avussa viime elokuussa, kuinka \u201dkansainv\u00e4linen rockt\u00e4hteys ja sit\u00e4 seuranneet sekoilut ja mediakohut ovat&hellip;\n","protected":false},"author":2,"featured_media":179193,"comment_status":"","ping_status":"","sticky":false,"template":"","format":"standard","meta":{"footnotes":"","_share_on_mastodon":"0"},"categories":[136],"tags":[2345,407,137,33,31,30,18685,408,28776,1122,9015,32,109],"class_list":["post-179192","post","type-post","status-publish","format-standard","has-post-thumbnail","category-julkkikset","tag-archie-cruz","tag-celebrities","tag-entertainment","tag-fi","tag-finland","tag-finnish","tag-isyysvapaa","tag-julkkikset","tag-miehen-taakka","tag-rock","tag-santa-cruz","tag-suomi","tag-viihde"],"share_on_mastodon":{"url":"https:\/\/pubeurope.com\/@fi\/116130321911994453","error":""},"_links":{"self":[{"href":"https:\/\/www.europesays.com\/fi\/wp-json\/wp\/v2\/posts\/179192","targetHints":{"allow":["GET"]}}],"collection":[{"href":"https:\/\/www.europesays.com\/fi\/wp-json\/wp\/v2\/posts"}],"about":[{"href":"https:\/\/www.europesays.com\/fi\/wp-json\/wp\/v2\/types\/post"}],"author":[{"embeddable":true,"href":"https:\/\/www.europesays.com\/fi\/wp-json\/wp\/v2\/users\/2"}],"replies":[{"embeddable":true,"href":"https:\/\/www.europesays.com\/fi\/wp-json\/wp\/v2\/comments?post=179192"}],"version-history":[{"count":0,"href":"https:\/\/www.europesays.com\/fi\/wp-json\/wp\/v2\/posts\/179192\/revisions"}],"wp:featuredmedia":[{"embeddable":true,"href":"https:\/\/www.europesays.com\/fi\/wp-json\/wp\/v2\/media\/179193"}],"wp:attachment":[{"href":"https:\/\/www.europesays.com\/fi\/wp-json\/wp\/v2\/media?parent=179192"}],"wp:term":[{"taxonomy":"category","embeddable":true,"href":"https:\/\/www.europesays.com\/fi\/wp-json\/wp\/v2\/categories?post=179192"},{"taxonomy":"post_tag","embeddable":true,"href":"https:\/\/www.europesays.com\/fi\/wp-json\/wp\/v2\/tags?post=179192"}],"curies":[{"name":"wp","href":"https:\/\/api.w.org\/{rel}","templated":true}]}}