{"id":17924,"date":"2025-08-27T15:46:08","date_gmt":"2025-08-27T15:46:08","guid":{"rendered":"https:\/\/www.europesays.com\/fi\/17924\/"},"modified":"2025-08-27T15:46:08","modified_gmt":"2025-08-27T15:46:08","slug":"salossa-mittava-poliisioperaatio","status":"publish","type":"post","link":"https:\/\/www.europesays.com\/fi\/17924\/","title":{"rendered":"Salossa mittava poliisioperaatio"},"content":{"rendered":"<p>Lounais-Suomen poliisin mukaan teht\u00e4v\u00e4 liittyy k\u00e4ynniss\u00e4 olevaan rikostutkintaan.<\/p>\n<p><img decoding=\"async\" class=\"image image-show image-preview\" src=\"https:\/\/www.europesays.com\/fi\/wp-content\/uploads\/2025\/08\/43ed3c609b370cdfd4bbc00ddf2f051fc1d230fa321db391e0a3c8237ffa4c4b.jpg\" alt=\"\"\/><img decoding=\"async\" class=\"image image-show\" src=\"https:\/\/www.europesays.com\/fi\/wp-content\/uploads\/2025\/08\/1756309568_328_43ed3c609b370cdfd4bbc00ddf2f051fc1d230fa321db391e0a3c8237ffa4c4b.jpg\" alt=\"\"\/><\/p>\n<p>Salossa n\u00e4htiin keskiviikkona poliisioperaatio.  Simo P\u00e4iv\u00e4rinta<\/p>\n<p class=\"paragraph\">Lounais-Suomen poliisilla on k\u00e4ynniss\u00e4 poliisiteht\u00e4v\u00e4 Salossa Meriniityn kaupunginosassa.<\/p>\n<p class=\"paragraph\">Paikalla on useita partioita. Liikkumista alueella rajoitetaan, mutta poliisin mukaan teht\u00e4v\u00e4st\u00e4 ei aiheudu vaaraa sivullisille.<\/p>\n<p class=\"paragraph\">Poliisin tiedotteen mukaan teht\u00e4v\u00e4 liittyy k\u00e4ynniss\u00e4 olevaan rikostutkintaan ja sen toimenpiteet kohdistuvat \u201dalueella olevaan ajoneuvoon\u201d.<\/p>\n<p class=\"paragraph\">Poliisin mukaan se ei anna asiasta tarkempia tietoja teht\u00e4v\u00e4n keskener\u00e4isyyden vuoksi.<\/p>\n<p>Lounais-Suomen poliisilla on mittava teht\u00e4v\u00e4 Salon Meriniityss\u00e4. Inka Soveri<\/p>\n","protected":false},"excerpt":{"rendered":"Lounais-Suomen poliisin mukaan teht\u00e4v\u00e4 liittyy k\u00e4ynniss\u00e4 olevaan rikostutkintaan. Salossa n\u00e4htiin keskiviikkona poliisioperaatio. Simo P\u00e4iv\u00e4rinta Lounais-Suomen poliisilla on k\u00e4ynniss\u00e4&hellip;\n","protected":false},"author":2,"featured_media":17925,"comment_status":"","ping_status":"","sticky":false,"template":"","format":"standard","meta":{"footnotes":""},"categories":[12],"tags":[35,22,23,26,27,33,31,30,17,55,24,25,28,29,15,18,21,122,54,52,32,19,20,546,16],"class_list":{"0":"post-17924","1":"post","2":"type-post","3":"status-publish","4":"format-standard","5":"has-post-thumbnail","7":"category-suomi","8":"tag-24h","9":"tag-breaking-news","10":"tag-breakingnews","11":"tag-featured-news","12":"tag-featurednews","13":"tag-fi","14":"tag-finland","15":"tag-finnish","16":"tag-headlines","17":"tag-lainvalvonta","18":"tag-latest-news","19":"tag-latestnews","20":"tag-main-news","21":"tag-mainnews","22":"tag-news","23":"tag-otsikot","24":"tag-paauutiset","25":"tag-pelastaminen","26":"tag-pelastuspalvelut","27":"tag-poliisi","28":"tag-suomi","29":"tag-top-stories","30":"tag-topstories","31":"tag-turvallisuus","32":"tag-uutiset"},"share_on_mastodon":{"url":"","error":""},"_links":{"self":[{"href":"https:\/\/www.europesays.com\/fi\/wp-json\/wp\/v2\/posts\/17924","targetHints":{"allow":["GET"]}}],"collection":[{"href":"https:\/\/www.europesays.com\/fi\/wp-json\/wp\/v2\/posts"}],"about":[{"href":"https:\/\/www.europesays.com\/fi\/wp-json\/wp\/v2\/types\/post"}],"author":[{"embeddable":true,"href":"https:\/\/www.europesays.com\/fi\/wp-json\/wp\/v2\/users\/2"}],"replies":[{"embeddable":true,"href":"https:\/\/www.europesays.com\/fi\/wp-json\/wp\/v2\/comments?post=17924"}],"version-history":[{"count":0,"href":"https:\/\/www.europesays.com\/fi\/wp-json\/wp\/v2\/posts\/17924\/revisions"}],"wp:featuredmedia":[{"embeddable":true,"href":"https:\/\/www.europesays.com\/fi\/wp-json\/wp\/v2\/media\/17925"}],"wp:attachment":[{"href":"https:\/\/www.europesays.com\/fi\/wp-json\/wp\/v2\/media?parent=17924"}],"wp:term":[{"taxonomy":"category","embeddable":true,"href":"https:\/\/www.europesays.com\/fi\/wp-json\/wp\/v2\/categories?post=17924"},{"taxonomy":"post_tag","embeddable":true,"href":"https:\/\/www.europesays.com\/fi\/wp-json\/wp\/v2\/tags?post=17924"}],"curies":[{"name":"wp","href":"https:\/\/api.w.org\/{rel}","templated":true}]}}