{"id":17926,"date":"2025-08-27T15:47:08","date_gmt":"2025-08-27T15:47:08","guid":{"rendered":"https:\/\/www.europesays.com\/fi\/17926\/"},"modified":"2025-08-27T15:47:08","modified_gmt":"2025-08-27T15:47:08","slug":"pelastuslaitoksella-yokottavan-pahanhajuinen-tehtava-riihimaella","status":"publish","type":"post","link":"https:\/\/www.europesays.com\/fi\/17926\/","title":{"rendered":"Pelastuslaitoksella y\u00f6k\u00f6tt\u00e4v\u00e4n pahanhajuinen teht\u00e4v\u00e4 Riihim\u00e4ell\u00e4"},"content":{"rendered":"<p>Kalan perkuuj\u00e4tett\u00e4 kuljettaneen rekan tavaratilan sein\u00e4 hajosi ja noin viisi kuutiota kalaa levisi tielle.<\/p>\n<p><img decoding=\"async\" class=\"image image-show image-preview\" src=\"https:\/\/www.europesays.com\/fi\/wp-content\/uploads\/2025\/08\/d6a824cfbefa151339dd558f9491a62b1b156df5be430364460f27144edd0900.png\" alt=\"\"\/><img decoding=\"async\" class=\"image image-show\" src=\"https:\/\/www.europesays.com\/fi\/wp-content\/uploads\/2025\/08\/1756309628_630_d6a824cfbefa151339dd558f9491a62b1b156df5be430364460f27144edd0900.png\" alt=\"\"\/><\/p>\n<p>Kalan perkuuj\u00e4tett\u00e4 levisi yli sadan metrin alueelle. Lukijan kuva<\/p>\n<p class=\"paragraph\">Laatikoittain kalan perkuuj\u00e4tett\u00e4 levisi maahan Riihim\u00e4ell\u00e4 Lahdentiell\u00e4 keskiviikkona aamup\u00e4iv\u00e4ll\u00e4.<\/p>\n<p class=\"paragraph\">Riihim\u00e4en paloaseman p\u00e4ivyst\u00e4v\u00e4 palomestari <strong>Tero H\u00f6ijer<\/strong> kertoo, ett\u00e4 kalalasti oli l\u00e4htenyt mutkassa liikkeelle rekan tavaratilassa, rikkonut puoliper\u00e4vaunurekan sivusein\u00e4n ja tullut tielle.<\/p>\n<p class=\"paragraph\">H\u00f6ijer arvioi, ett\u00e4 kalaa olisi ollut maassa noin viisi kuutiota. Yksi kuutiometri on tuhat litraa.<\/p>\n<p class=\"paragraph\">\u2013 Sanotaan, ett\u00e4 haju on sanoinkuvaamaton, H\u00f6ijer kertoo.<\/p>\n<p class=\"paragraph\">Haju ei \u201dhevill\u00e4 l\u00e4hde pois sieraimista\u201d H\u00f6ijerin mukaan.<\/p>\n<p class=\"paragraph\">Tie oli kalan liman takia liukas. Niinp\u00e4 siivoust\u00f6ihin on mennyt koko p\u00e4iv\u00e4.<\/p>\n<p class=\"paragraph\">\u2013 Siell\u00e4 alkaa pikkuhiljaa tie olemaan puhtaana, H\u00f6ijer kertoo puoli viiden aikaan.<\/p>\n<p class=\"paragraph\">Paikalle tuli pelastuslaitoksen lis\u00e4ksi Ely-keskus, joka osallistui puhdistust\u00f6ihin.<\/p>\n<p class=\"paragraph\">H\u00f6ijer pohtii, ett\u00e4 kalaj\u00e4te menee kaatopaikalle h\u00e4vitykseen, koska \u201dei siit\u00e4 en\u00e4\u00e4 mit\u00e4\u00e4n elintarviketta saada aikaiseksi\u201d.<\/p>\n","protected":false},"excerpt":{"rendered":"Kalan perkuuj\u00e4tett\u00e4 kuljettaneen rekan tavaratilan sein\u00e4 hajosi ja noin viisi kuutiota kalaa levisi tielle. Kalan perkuuj\u00e4tett\u00e4 levisi yli&hellip;\n","protected":false},"author":2,"featured_media":17927,"comment_status":"","ping_status":"","sticky":false,"template":"","format":"standard","meta":{"footnotes":""},"categories":[5],"tags":[35,22,23,26,27,33,31,30,17,2187,24,25,121,28,29,82,15,18,21,950,32,128,19,20,16],"class_list":{"0":"post-17926","1":"post","2":"type-post","3":"status-publish","4":"format-standard","5":"has-post-thumbnail","7":"category-otsikot","8":"tag-24h","9":"tag-breaking-news","10":"tag-breakingnews","11":"tag-featured-news","12":"tag-featurednews","13":"tag-fi","14":"tag-finland","15":"tag-finnish","16":"tag-headlines","17":"tag-kulkuneuvot","18":"tag-latest-news","19":"tag-latestnews","20":"tag-liikenne-ja-kuljetus","21":"tag-main-news","22":"tag-mainnews","23":"tag-moottoriajoneuvot","24":"tag-news","25":"tag-otsikot","26":"tag-paauutiset","27":"tag-raskas-liikenne","28":"tag-suomi","29":"tag-tieliikenne","30":"tag-top-stories","31":"tag-topstories","32":"tag-uutiset"},"share_on_mastodon":{"url":"","error":""},"_links":{"self":[{"href":"https:\/\/www.europesays.com\/fi\/wp-json\/wp\/v2\/posts\/17926","targetHints":{"allow":["GET"]}}],"collection":[{"href":"https:\/\/www.europesays.com\/fi\/wp-json\/wp\/v2\/posts"}],"about":[{"href":"https:\/\/www.europesays.com\/fi\/wp-json\/wp\/v2\/types\/post"}],"author":[{"embeddable":true,"href":"https:\/\/www.europesays.com\/fi\/wp-json\/wp\/v2\/users\/2"}],"replies":[{"embeddable":true,"href":"https:\/\/www.europesays.com\/fi\/wp-json\/wp\/v2\/comments?post=17926"}],"version-history":[{"count":0,"href":"https:\/\/www.europesays.com\/fi\/wp-json\/wp\/v2\/posts\/17926\/revisions"}],"wp:featuredmedia":[{"embeddable":true,"href":"https:\/\/www.europesays.com\/fi\/wp-json\/wp\/v2\/media\/17927"}],"wp:attachment":[{"href":"https:\/\/www.europesays.com\/fi\/wp-json\/wp\/v2\/media?parent=17926"}],"wp:term":[{"taxonomy":"category","embeddable":true,"href":"https:\/\/www.europesays.com\/fi\/wp-json\/wp\/v2\/categories?post=17926"},{"taxonomy":"post_tag","embeddable":true,"href":"https:\/\/www.europesays.com\/fi\/wp-json\/wp\/v2\/tags?post=17926"}],"curies":[{"name":"wp","href":"https:\/\/api.w.org\/{rel}","templated":true}]}}