{"id":17930,"date":"2025-08-27T15:59:07","date_gmt":"2025-08-27T15:59:07","guid":{"rendered":"https:\/\/www.europesays.com\/fi\/17930\/"},"modified":"2025-08-27T15:59:07","modified_gmt":"2025-08-27T15:59:07","slug":"osmo-ja-mikko-peltola-korvatunturilla-osmon-laulu-villitsee","status":"publish","type":"post","link":"https:\/\/www.europesays.com\/fi\/17930\/","title":{"rendered":"Osmo ja Mikko Peltola Korvatunturilla \u2013 Osmon laulu villitsee"},"content":{"rendered":"<p>\n            20250117, Helsinki. Kultainen Venla Gaalan voittajat. Vuoden ohjelma 2024, Peltsi ja Osmo. Kuvassa Juha Korhonen, Osmo ja Mikko Peltola.<br \/>\n            Timo Korhonen\n        <\/p>\n<p class=\"subtitle \">Osmon tulkinta ihastuttaa.<\/p>\n<p class=\"article-content article-content-width !bg-background\"> ja h\u00e4nen\u00a0-poikansa\u00a0seikkailevat Lapissa Korvatunturilla. Asia selvi\u00e4\u00e4 Peltsin <a href=\"https:\/\/www.instagram.com\/mikkopeltola\/\" target=\"_blank\" rel=\"nofollow noopener\">Instagramista<\/a>. Mukana menossa on my\u00f6s Mikon luottokuvaaja .\u00a0<\/p>\n<p class=\"article-content article-content-width !bg-background\">Kolmikko on mit\u00e4 ilmeisimmin kuvaamassa Peltsin toinen luonto -sarjan viidennen tuotantokauden jaksoja.<\/p>\n<p class=\"article-content article-content-width !bg-background\">Peltsi jakoi Instagramissaan videon, jossa\u00a0Peltsi ja Osmo -sarjasta tuttu Osmo laulaa lurauttaa yhdess\u00e4 Juhan kanssa. Biisin aiheena on &#8211; kalamiehille tyypillisesti &#8211; taimenet.<\/p>\n<p class=\"article-content article-content-width !bg-background\">Korvamadon aiheuttavan biisin sanat kuuluvat:<\/p>\n<p class=\"italic m-italic article-content article-content-width !bg-background\">&#8221;Taimenkala, taimenkala, taimenkala sukeltaa\u00a0<\/p>\n<p class=\"italic m-italic article-content article-content-width !bg-background\">Taimenkala, taimenkala, taimenkala on hauki&#8221;<\/p>\n<p class=\"article-content article-content-width !bg-background\">Julkaisun kuvatekstiss\u00e4 Juha vihjailee tulevasta n\u00e4in:<\/p>\n<p class=\"article-content article-content-width !bg-background\">\u2013\u00a0Terveiset Korvatunturilta. T\u00e4ss\u00e4 loppuvuoden korvamato olkaa hyv\u00e4. Saattaapi biisi tulla Arttu Silvastin\u00a0taikomien instrumenttien kera joulukuussa kun Peltsin toinen luonto -kauden 5 uudet jaksot t\u00e4r\u00e4ht\u00e4\u00e4 Yle areenaan 8.12.<\/p>\n<p>        <a itemprop=\"url\" href=\"https:\/\/www.seiska.fi\/katso\/osmo-peltola-palaa-televisioon\/1834989\" rel=\"nofollow noopener\" target=\"_blank\"><\/p>\n<p>\nPeltsi &amp; Osmo\n<\/p>\n<p class=\"section-date\">\n        <strong class=\"article-section\" data-section=\"katso\"><br \/>\n            katso<br \/>\n        <\/strong><br \/>\n        12.6. 10:37\n    <\/p>\n<p>    Osmo Peltola palaa televisioon<\/p>\n<p itemprop=\"description\" class=\"subtitle \">\n    Peltsin toinen luonto -sarjassa n\u00e4hd\u00e4\u00e4n mukana supersuosittu Osmo-poika.\n<\/p>\n<p>        <\/a><\/p>\n<p>Her\u00e4tt\u00e4\u00e4 ihastusta<\/p>\n<p class=\"article-content article-content-width !bg-background\">Videon kommenttikentt\u00e4 on t\u00e4yttynyt ihastuneista kommenteista: korvamato ei kuulijoita haittaa.<\/p>\n<p class=\"article-content article-content-width !bg-background\">\u2013\u00a0PARAS LAULU IKIN\u00c4!!, er\u00e4s kommentoi ykskantaan.<\/p>\n<p class=\"article-content article-content-width !bg-background\">\u2013\u00a0Ai ett\u00e4 miten ihana laulu, paras korvamato ikin\u00e4, toinen ylist\u00e4\u00e4.<\/p>\n<p>        <a itemprop=\"url\" href=\"https:\/\/www.seiska.fi\/urheilu\/mikko-peltolan-osmo-pojan-hurja-tempaus-ihastuttaa\/1627889\" rel=\"nofollow noopener\" target=\"_blank\"><\/p>\n<p>\nHurja tempaus\n<\/p>\n<p class=\"section-date\">\n        <strong class=\"article-section\" data-section=\"urheilu\"><br \/>\n            urheilu<br \/>\n        <\/strong><br \/>\n        28.2. 12:28\n    <\/p>\n<p>    Mikko Peltolan Osmo-pojan hurja tempaus ihastuttaa<\/p>\n<p itemprop=\"description\" class=\"subtitle \">\n    Sympaattiset is\u00e4 ja poika ker\u00e4\u00e4v\u00e4t kehuja somessa.\n<\/p>\n<p>        <\/a><\/p>\n<p class=\"article-content article-content-width !bg-background\">\u2013\u00a0T\u00e4n madon ottaa ihan iloisesti vastaan, ei oo ees paha, yksi kommentoi.<\/p>\n<p class=\"article-content article-content-width !bg-background\">\u2013 Hyv\u00e4 Osmo, kommentoija kannustaa.<\/p>\n<p>Palkittu tv-sarja<\/p>\n<p class=\"article-content article-content-width !bg-background\">Viime vuonna ilmestynyt Peltsi ja Osmo -sarja r\u00e4j\u00e4ytti pankin, ja sit\u00e4 voi hyv\u00e4ll\u00e4 omallatunnolla kutsua vuoden tv-tapaukseksi. Is\u00e4-poika laatuaikaa kotimaan luonnossa seikkaillen kuvannut sarja sulatti katsojien syd\u00e4met.<\/p>\n<p>        <a itemprop=\"url\" href=\"https:\/\/www.seiska.fi\/katso\/is-nain-osmo-peltola-ajattelee-tv-tahteydestaan\/1907389\" rel=\"nofollow noopener\" target=\"_blank\"><\/p>\n<p>\nIS: Osmo Peltola\n<\/p>\n<p class=\"section-date\">\n        <strong class=\"article-section\" data-section=\"katso\"><br \/>\n            katso<br \/>\n        <\/strong><br \/>\n        22.8. 13:15\n    <\/p>\n<p>    IS: N\u00e4in Osmo Peltola ajattelee tv-t\u00e4hteydest\u00e4\u00e4n<\/p>\n<p itemprop=\"description\" class=\"subtitle \">\n    Mikko &#8221;Peltsi&#8221; Peltola seikkaili pitkin kotimaata poikansa kanssa Peltsi ja Osmo -ohjelmassa.\n<\/p>\n<p>        <\/a><\/p>\n<p class=\"article-content article-content-width !bg-background\">Nuorempi Peltola palkittiin sarjasta Venla-gaalassa vuoden esiintyj\u00e4n\u00e4, ja itse sarja vuoden parhaana ohjelmana.<\/p>\n<p><script async src=\"\/\/www.instagram.com\/embed.js\"><\/script><\/p>\n","protected":false},"excerpt":{"rendered":"20250117, Helsinki. Kultainen Venla Gaalan voittajat. Vuoden ohjelma 2024, Peltsi ja Osmo. Kuvassa Juha Korhonen, Osmo ja Mikko&hellip;\n","protected":false},"author":2,"featured_media":17931,"comment_status":"","ping_status":"","sticky":false,"template":"","format":"standard","meta":{"footnotes":""},"categories":[136],"tags":[407,137,33,31,30,408,6630,3222,5601,6631,98,32,5426,109],"class_list":{"0":"post-17930","1":"post","2":"type-post","3":"status-publish","4":"format-standard","5":"has-post-thumbnail","7":"category-julkkikset","8":"tag-celebrities","9":"tag-entertainment","10":"tag-fi","11":"tag-finland","12":"tag-finnish","13":"tag-julkkikset","14":"tag-korvatunturi","15":"tag-mikko-peltola","16":"tag-osmo-peltola","17":"tag-peltsin-toinen-luonto","18":"tag-perhe","19":"tag-suomi","20":"tag-venla-gaala","21":"tag-viihde"},"share_on_mastodon":{"url":"","error":""},"_links":{"self":[{"href":"https:\/\/www.europesays.com\/fi\/wp-json\/wp\/v2\/posts\/17930","targetHints":{"allow":["GET"]}}],"collection":[{"href":"https:\/\/www.europesays.com\/fi\/wp-json\/wp\/v2\/posts"}],"about":[{"href":"https:\/\/www.europesays.com\/fi\/wp-json\/wp\/v2\/types\/post"}],"author":[{"embeddable":true,"href":"https:\/\/www.europesays.com\/fi\/wp-json\/wp\/v2\/users\/2"}],"replies":[{"embeddable":true,"href":"https:\/\/www.europesays.com\/fi\/wp-json\/wp\/v2\/comments?post=17930"}],"version-history":[{"count":0,"href":"https:\/\/www.europesays.com\/fi\/wp-json\/wp\/v2\/posts\/17930\/revisions"}],"wp:featuredmedia":[{"embeddable":true,"href":"https:\/\/www.europesays.com\/fi\/wp-json\/wp\/v2\/media\/17931"}],"wp:attachment":[{"href":"https:\/\/www.europesays.com\/fi\/wp-json\/wp\/v2\/media?parent=17930"}],"wp:term":[{"taxonomy":"category","embeddable":true,"href":"https:\/\/www.europesays.com\/fi\/wp-json\/wp\/v2\/categories?post=17930"},{"taxonomy":"post_tag","embeddable":true,"href":"https:\/\/www.europesays.com\/fi\/wp-json\/wp\/v2\/tags?post=17930"}],"curies":[{"name":"wp","href":"https:\/\/api.w.org\/{rel}","templated":true}]}}